{"id":12895,"date":"2026-02-20T09:33:16","date_gmt":"2026-02-20T12:33:16","guid":{"rendered":"https:\/\/revistahubclub.com.br\/portal\/?p=12895"},"modified":"2026-02-20T09:33:16","modified_gmt":"2026-02-20T12:33:16","slug":"escritora-leila-ferreira-conduz-reflexao-sobre-escolhas-que-dao-sentido-a-vida-no-cafe-so-delas","status":"publish","type":"post","link":"https:\/\/revistahubclub.com.br\/portal\/2026\/02\/20\/escritora-leila-ferreira-conduz-reflexao-sobre-escolhas-que-dao-sentido-a-vida-no-cafe-so-delas\/","title":{"rendered":"Escritora Leila Ferreira conduz reflex\u00e3o sobre escolhas que d\u00e3o sentido \u00e0 vida\u00a0no Caf\u00e9 S\u00f3 Delas"},"content":{"rendered":"\n<p><\/p>\n\n\n\n<p><em>As inscri\u00e7\u00f5es est\u00e3o abertas e podem ser feitas pelo <a href=\"http:\/\/www.cdludi.org.br\" target=\"_blank\" rel=\"noreferrer noopener\">www.cdludi.org.br<\/a>.<\/em><\/p>\n\n\n\n<p>No m\u00eas em que se comemora o Dia Internacional da Mulher, a CDL Uberl\u00e2ndia faz um convite \u00e0 reflex\u00e3o, \u00e0 conex\u00e3o e ao fortalecimento do protagonismo feminino. No pr\u00f3ximo dia 5 de mar\u00e7o, quarta-feira, a partir das 8h, a CDL Uberl\u00e2ndia, em parceria com o Sebrae Minas, realiza a 7\u00aa edi\u00e7\u00e3o&nbsp;Caf\u00e9 S\u00f3 Delas, encontro exclusivo que re\u00fane mulheres empreendedoras, l\u00edderes e profissionais em uma manh\u00e3 estrat\u00e9gica de conte\u00fado e networking.&nbsp;<\/p>\n\n\n\n<p>A programa\u00e7\u00e3o come\u00e7a com credenciamento e coffee break, seguido do painel \u201cMulheres que Constroem\u201d, que reunir\u00e1 hist\u00f3rias inspiradoras de diferentes segmentos. Participam desta edi\u00e7\u00e3o a empres\u00e1ria Luana \u00c1vila, da Kantine Gastronomia, e a dermatologista Dra. Juliana Morano, em um bate-papo mediado pela jornalista e jornalista e escritora M\u00f4nica Cunha. O painel prop\u00f5e uma conversa franca sobre desafios, lideran\u00e7a, inova\u00e7\u00e3o e os bastidores das trajet\u00f3rias de sucesso.<\/p>\n\n\n\n<p><strong>Anfitri\u00e3 chama aten\u00e7\u00e3o para a import\u00e2ncia de&nbsp;escolhas que d\u00e3o sentido \u00e0 vida<\/strong>&nbsp;<\/p>\n\n\n\n<p>A anfitri\u00e3 do evento ser\u00e1 a jornalista, escritora e palestrante mineira Leila Ferreira, refer\u00eancia nacional quando o assunto \u00e9 comportamento, leveza e sentido da vida contempor\u00e2nea. Ela ministrar\u00e1 a palestra \u201cO Nome Disso \u00e9 Vida\u201d, tema de um de seus livros de maior repercuss\u00e3o. Em sua fala, Leila aborda a import\u00e2ncia das pausas, das conex\u00f5es que nos sustentam e da coragem de acolher todas as emo\u00e7\u00f5es, sem permitir que as dificuldades definam ou limitem caminhos. \u201cUm dos entrevistados de meu livro, o fil\u00f3sofo Robert Poynton, de Oxford, afirmou que a vida \u00e9 mais do que uma sucess\u00e3o de tarefas a serem cumpridas. E parece que a gente est\u00e1 se esquecendo disso. Vivemos com listas infind\u00e1veis de coisas para fazer e, quando surge um intervalo entre elas, a gente trata logo de preench\u00ea-lo com mais tarefas, nem que seja ficar duas horas no celular, contemplando vidas alheias no Instagram. O fato \u00e9 que nosso c\u00e9rebro n\u00e3o descansa, nossos dias n\u00e3o respiram, nossas semanas n\u00e3o t\u00eam f\u00f4lego. E seguimos na ilus\u00e3o de que, mantendo esse ritmo, vai estar tudo bem, vai dar tudo certo. N\u00e3o vai. A gente precisa parar para pensar nessa quest\u00e3o de n\u00e3o parar, enquanto ainda \u00e9 tempo,\u201d alerta.<\/p>\n\n\n\n<p><strong>Empresas expositoras<\/strong><\/p>\n\n\n\n<p>Al\u00e9m do conte\u00fado, o evento contar\u00e1 com degusta\u00e7\u00e3o e comercializa\u00e7\u00e3o de produtos de mais de dez empresas expositoras no hall da CDL Conven\u00e7\u00f5es e Eventos, al\u00e9m de sorteios e distribui\u00e7\u00e3o de brindes, fortalecendo tamb\u00e9m o empreendedorismo feminino local.&nbsp;<\/p>\n\n\n\n<p>Para a superintendente da CDL Uberl\u00e2ndia, L\u00e9cia Queiroz, o encontro tradicionalmente muito esperado, refor\u00e7a a import\u00e2ncia de ressignificar o tempo como forma de equil\u00edbrio, reconhecendo o papel da mulher como agente de desenvolvimento econ\u00f4mico e social. \u201cCelebrar o Dia Internacional da Mulher \u00e9 reconhecer a for\u00e7a, a sensibilidade e a compet\u00eancia de quem contribui para movimentar o pa\u00eds todos os dias. O empreendedorismo feminino no Brasil alcan\u00e7ou um marco hist\u00f3rico em 2024\/2025, com 10,4 milh\u00f5es de mulheres \u00e0 frente de neg\u00f3cios, representando 33,9% do total de&nbsp;empreendedores. Esses n\u00fameros revelam n\u00e3o apenas crescimento, mas protagonismo, resili\u00eancia e transforma\u00e7\u00e3o social\u201d, disse.&nbsp;<\/p>\n\n\n\n<p>&nbsp;&nbsp;A analista do Sebrae Minas, Fabiana Queiroz, disse que eventos como esse s\u00e3o fundamentais para criar espa\u00e7os de aprendizado, conex\u00e3o e fortalecimento do empreendedorismo feminino na regi\u00e3o. \u201cQuando as mulheres t\u00eam acesso a experi\u00eancias, conte\u00fados e trajet\u00f3rias inspiradoras, ampliam sua vis\u00e3o de futuro e se sentem ainda mais preparadas para liderar seus neg\u00f3cios com prop\u00f3sito e estrat\u00e9gia\u201d, afirma Queiroz.<\/p>\n\n\n\n<p><strong>Inscri\u00e7\u00f5es:<\/strong><\/p>\n\n\n\n<p>O evento acontece no Audit\u00f3rio CDL Conven\u00e7\u00f5es e Eventos, localizado na Avenida Belo Horizonte, 1290. Al\u00e9m da inscri\u00e7\u00e3o gratuita no <a href=\"http:\/\/www.cdludi.org.br\" target=\"_blank\" rel=\"noreferrer noopener\">www.cdludi.org.br<\/a>,&nbsp; os participantes dever\u00e3o doar 1 kg de alimento n\u00e3o perec\u00edvel, no dia do evento.<\/p>\n\n\n\n<p><strong>Programa\u00e7\u00e3o do Evento:<\/strong><\/p>\n\n\n\n<p><strong>Data: 5\/3\/2026<\/strong><\/p>\n\n\n\n<ul class=\"wp-block-list\">\n<li>08h \u00e0s 09h \u2013 Credenciamento e Coffee Break<\/li>\n\n\n\n<li>09h \u00e0s 10h \u2013 Abertura + Painel Mulheres que Constroem<\/li>\n\n\n\n<li>10h \u00e0s 11h30 \u2013 Palestra Magna: O Nome disto \u00e9 Vida, com Leila Ferreira<\/li>\n<\/ul>\n\n\n\n<p><strong>Local:&nbsp;<\/strong>Audit\u00f3rio CDL Conven\u00e7\u00f5es e Eventos \u2013 Av. Belo Horizonte, 1290<\/p>\n\n\n<figure class=\"wp-block-post-featured-image\"><img loading=\"lazy\" decoding=\"async\" width=\"386\" height=\"483\" src=\"https:\/\/revistahubclub.com.br\/portal\/wp-content\/uploads\/2026\/02\/cafe.png\" class=\"attachment-post-thumbnail size-post-thumbnail wp-post-image\" alt=\"\" style=\"object-fit:cover;\" srcset=\"https:\/\/revistahubclub.com.br\/portal\/wp-content\/uploads\/2026\/02\/cafe.png 386w, https:\/\/revistahubclub.com.br\/portal\/wp-content\/uploads\/2026\/02\/cafe-240x300.png 240w\" sizes=\"auto, (max-width: 386px) 100vw, 386px\" \/><\/figure>","protected":false},"excerpt":{"rendered":"<p>As inscri\u00e7\u00f5es est\u00e3o abertas e podem ser feitas pelo www.cdludi.org.br. No m\u00eas em que se comemora o Dia Internacional da Mulher, a CDL Uberl\u00e2ndia faz um convite \u00e0 reflex\u00e3o, \u00e0<\/p>\n","protected":false},"author":2,"featured_media":12896,"comment_status":"open","ping_status":"open","sticky":false,"template":"","format":"standard","meta":{"footnotes":""},"categories":[1],"tags":[],"class_list":["post-12895","post","type-post","status-publish","format-standard","has-post-thumbnail","hentry","category-noticias"],"_links":{"self":[{"href":"https:\/\/revistahubclub.com.br\/portal\/wp-json\/wp\/v2\/posts\/12895","targetHints":{"allow":["GET"]}}],"collection":[{"href":"https:\/\/revistahubclub.com.br\/portal\/wp-json\/wp\/v2\/posts"}],"about":[{"href":"https:\/\/revistahubclub.com.br\/portal\/wp-json\/wp\/v2\/types\/post"}],"author":[{"embeddable":true,"href":"https:\/\/revistahubclub.com.br\/portal\/wp-json\/wp\/v2\/users\/2"}],"replies":[{"embeddable":true,"href":"https:\/\/revistahubclub.com.br\/portal\/wp-json\/wp\/v2\/comments?post=12895"}],"version-history":[{"count":1,"href":"https:\/\/revistahubclub.com.br\/portal\/wp-json\/wp\/v2\/posts\/12895\/revisions"}],"predecessor-version":[{"id":12897,"href":"https:\/\/revistahubclub.com.br\/portal\/wp-json\/wp\/v2\/posts\/12895\/revisions\/12897"}],"wp:featuredmedia":[{"embeddable":true,"href":"https:\/\/revistahubclub.com.br\/portal\/wp-json\/wp\/v2\/media\/12896"}],"wp:attachment":[{"href":"https:\/\/revistahubclub.com.br\/portal\/wp-json\/wp\/v2\/media?parent=12895"}],"wp:term":[{"taxonomy":"category","embeddable":true,"href":"https:\/\/revistahubclub.com.br\/portal\/wp-json\/wp\/v2\/categories?post=12895"},{"taxonomy":"post_tag","embeddable":true,"href":"https:\/\/revistahubclub.com.br\/portal\/wp-json\/wp\/v2\/tags?post=12895"}],"curies":[{"name":"wp","href":"https:\/\/api.w.org\/{rel}","templated":true}]}}