{"id":13002,"date":"2026-03-17T09:28:16","date_gmt":"2026-03-17T12:28:16","guid":{"rendered":"https:\/\/revistahubclub.com.br\/portal\/?p=13002"},"modified":"2026-03-17T09:28:16","modified_gmt":"2026-03-17T12:28:16","slug":"cdl-uberlandia-realiza-serie-de-cursos-presenciais-de-marco-a-maio-voltados-a-atendimento-lideranca-produtividade-e-gestao-empresarial","status":"publish","type":"post","link":"https:\/\/revistahubclub.com.br\/portal\/2026\/03\/17\/cdl-uberlandia-realiza-serie-de-cursos-presenciais-de-marco-a-maio-voltados-a-atendimento-lideranca-produtividade-e-gestao-empresarial\/","title":{"rendered":"CDL Uberl\u00e2ndia realiza s\u00e9rie de cursos presenciais de mar\u00e7o a maio voltados a atendimento, lideran\u00e7a, produtividade e gest\u00e3o empresarial"},"content":{"rendered":"\n<p><\/p>\n\n\n\n<p>A CDL Uberl\u00e2ndia realiza, entre mar\u00e7o e maio, uma nova agenda de capacita\u00e7\u00f5es presenciais voltadas ao desenvolvimento de profissionais e empresas do varejo e de diferentes segmentos. Os cursos acontecem na sede da entidade, localizada na Avenida Belo Horizonte, 1290, e abordam temas estrat\u00e9gicos como atendimento humanizado, lideran\u00e7a e gest\u00e3o \u00e1gil de recursos humanos.&nbsp;<\/p>\n\n\n\n<p>A programa\u00e7\u00e3o come\u00e7a com o curso \u201cConversas que Convertem: Atendimento Humanizado no WhatsApp\u201d, realizado de 23 a 25 de mar\u00e7o. A proposta \u00e9 capacitar profissionais para transformar o atendimento digital em uma experi\u00eancia mais emp\u00e1tica, estrat\u00e9gica e eficiente, ampliando a capacidade de relacionamento com clientes por meio do aplicativo.<\/p>\n\n\n\n<p>&nbsp;A CDL Uberl\u00e2ndia realiza no dia 8 de abril o curso \u201cAtualiza\u00e7\u00e3o da NR-1: Gerenciamento de Riscos e Impactos Financeiros para Pequenas e M\u00e9dias Empresas\u201d, com carga hor\u00e1ria de 3 horas. A capacita\u00e7\u00e3o aborda as recentes atualiza\u00e7\u00f5es da norma regulamentadora e orienta empres\u00e1rios e gestores sobre como identificar, avaliar e gerenciar riscos ocupacionais, al\u00e9m de compreender os impactos financeiros relacionados \u00e0 seguran\u00e7a e sa\u00fade no trabalho. A proposta \u00e9 oferecer conhecimento pr\u00e1tico para apoiar a tomada de decis\u00e3o e garantir maior conformidade legal e sustentabilidade aos neg\u00f3cios.<\/p>\n\n\n\n<p>De 13 a 14 de abril, \u00e9 a vez do curso \u201cLideran\u00e7a de Alta Performance \u2013 Desenvolva as compet\u00eancias de um l\u00edder destemido!\u201d, &nbsp;com carga hor\u00e1ria total de 9 horas. A capacita\u00e7\u00e3o \u00e9 voltada para gestores e profissionais que desejam desenvolver habilidades de lideran\u00e7a, tomada de decis\u00e3o e condu\u00e7\u00e3o de equipes com foco em resultados.&nbsp;<\/p>\n\n\n\n<p>Fechando a agenda do m\u00eas, acontece o curso \u201cRH \u00c1gil: Estrat\u00e9gias para um Desempenho de Alto Impacto\u201d, programado de 27 a 29 de abril. O treinamento apresenta pr\u00e1ticas modernas de gest\u00e3o de pessoas e estrat\u00e9gias que contribuem para equipes mais produtivas, alinhadas e preparadas para os desafios do mercado.&nbsp;<\/p>\n\n\n\n<p>J\u00e1 entre os dias 4 e 6 de maio, ser\u00e1 promovido o curso \u201cGest\u00e3o de estoque: t\u00e9cnicas e estrat\u00e9gias para o mercado atual\u201d, voltado a empres\u00e1rios, gestores e profissionais que desejam aprimorar o controle e a organiza\u00e7\u00e3o de mercadorias nas empresas. A proposta do treinamento \u00e9 apresentar ferramentas pr\u00e1ticas e estrat\u00e9gias que auxiliem no planejamento e na gest\u00e3o eficiente de estoques, fator considerado essencial para reduzir perdas, otimizar recursos e melhorar a competitividade das empresas no mercado atual.&nbsp;<\/p>\n\n\n\n<p>Quem est\u00e1 em busca de aprender a melhorar a gest\u00e3o do tempo e tornar a rotina de trabalho mais eficiente, poder\u00e1 participar no dia 19 de maio do Workshop \u2013 Produtividade com Prop\u00f3sito. Durante o workshop, ser\u00e3o apresentadas estrat\u00e9gias e reflex\u00f5es sobre como tornar a rotina mais leve, eficiente e focada em resultados, ajudando os participantes a desenvolver maior organiza\u00e7\u00e3o, clareza de prioridades e produtividade no dia a dia.&nbsp;<\/p>\n\n\n\n<p>Para Joyce Siqueira, coordenadora de Solu\u00e7\u00f5es da CDL Uberl\u00e2ndia, as capacita\u00e7\u00f5es fazem parte da estrat\u00e9gia da entidade de fortalecer o desenvolvimento profissional na cidade. \u201cNosso objetivo \u00e9 oferecer tema pr\u00e1ticos e atuais, que ajudem empres\u00e1rios, gestores e colaboradores a aprimorar compet\u00eancias essenciais para o mercado. Os cursos s\u00e3o pensados para gerar impacto direto no dia a dia das empresas, seja no atendimento ao cliente, na lideran\u00e7a de equipes ou na gest\u00e3o de pessoas\u201d, diz Joyce.&nbsp;<\/p>\n\n\n\n<p>As vagas s\u00e3o limitadas e as inscri\u00e7\u00f5es podem ser feitas diretamente pelo site da CDL Uberl\u00e2ndia <a href=\"https:\/\/loja.cdludi.org.br\/\" target=\"_blank\" rel=\"noreferrer noopener\">https:\/\/loja.cdludi.org.br\/<\/a>.<\/p>\n\n\n\n<p>&nbsp;Mais informa\u00e7\u00f5es <a href=\"http:\/\/www.cdludi.org\" target=\"_blank\" rel=\"noreferrer noopener\">www.cdludi.org<\/a>,br.<\/p>\n","protected":false},"excerpt":{"rendered":"<p>A CDL Uberl\u00e2ndia realiza, entre mar\u00e7o e maio, uma nova agenda de capacita\u00e7\u00f5es presenciais voltadas ao desenvolvimento de profissionais e empresas do varejo e de diferentes segmentos. Os cursos acontecem<\/p>\n","protected":false},"author":2,"featured_media":13004,"comment_status":"open","ping_status":"open","sticky":false,"template":"","format":"standard","meta":{"footnotes":""},"categories":[1],"tags":[],"class_list":["post-13002","post","type-post","status-publish","format-standard","has-post-thumbnail","hentry","category-noticias"],"_links":{"self":[{"href":"https:\/\/revistahubclub.com.br\/portal\/wp-json\/wp\/v2\/posts\/13002","targetHints":{"allow":["GET"]}}],"collection":[{"href":"https:\/\/revistahubclub.com.br\/portal\/wp-json\/wp\/v2\/posts"}],"about":[{"href":"https:\/\/revistahubclub.com.br\/portal\/wp-json\/wp\/v2\/types\/post"}],"author":[{"embeddable":true,"href":"https:\/\/revistahubclub.com.br\/portal\/wp-json\/wp\/v2\/users\/2"}],"replies":[{"embeddable":true,"href":"https:\/\/revistahubclub.com.br\/portal\/wp-json\/wp\/v2\/comments?post=13002"}],"version-history":[{"count":1,"href":"https:\/\/revistahubclub.com.br\/portal\/wp-json\/wp\/v2\/posts\/13002\/revisions"}],"predecessor-version":[{"id":13005,"href":"https:\/\/revistahubclub.com.br\/portal\/wp-json\/wp\/v2\/posts\/13002\/revisions\/13005"}],"wp:featuredmedia":[{"embeddable":true,"href":"https:\/\/revistahubclub.com.br\/portal\/wp-json\/wp\/v2\/media\/13004"}],"wp:attachment":[{"href":"https:\/\/revistahubclub.com.br\/portal\/wp-json\/wp\/v2\/media?parent=13002"}],"wp:term":[{"taxonomy":"category","embeddable":true,"href":"https:\/\/revistahubclub.com.br\/portal\/wp-json\/wp\/v2\/categories?post=13002"},{"taxonomy":"post_tag","embeddable":true,"href":"https:\/\/revistahubclub.com.br\/portal\/wp-json\/wp\/v2\/tags?post=13002"}],"curies":[{"name":"wp","href":"https:\/\/api.w.org\/{rel}","templated":true}]}}