{"id":13010,"date":"2026-03-17T15:02:38","date_gmt":"2026-03-17T18:02:38","guid":{"rendered":"https:\/\/revistahubclub.com.br\/portal\/?p=13010"},"modified":"2026-03-17T15:02:38","modified_gmt":"2026-03-17T18:02:38","slug":"cdl-e-fundacao-cdl-participam-da-expansao-do-programa-uditech","status":"publish","type":"post","link":"https:\/\/revistahubclub.com.br\/portal\/2026\/03\/17\/cdl-e-fundacao-cdl-participam-da-expansao-do-programa-uditech\/","title":{"rendered":"CDL e Funda\u00e7\u00e3o CDL participam da expans\u00e3o do programa UDITECH"},"content":{"rendered":"\n<h3 class=\"wp-block-heading\"><em>A Funda\u00e7\u00e3o CDL assume um importante papel na execu\u00e7\u00e3o do programa, sendo uma das institui\u00e7\u00f5es respons\u00e1veis pelas trilhas de aprendizado que conectam os alunos \u00e0s demandas reais do mercado de trabalho.<\/em><\/h3>\n\n\n\n<ul class=\"wp-block-list\">\n<li><\/li>\n<\/ul>\n\n\n\n<p>Com quase uma d\u00e9cada de parceria com o munic\u00edpio na forma\u00e7\u00e3o profissional da cidade, a CDL Uberl\u00e2ndia e a Funda\u00e7\u00e3o CDL marcaram presen\u00e7a na inaugura\u00e7\u00e3o da segunda unidade do UdiTech. O programa da prefeitura, focado na capacita\u00e7\u00e3o tecnol\u00f3gica, agora expande sua capacidade para mais de 1.000 vagas, consolidando a uni\u00e3o estrat\u00e9gica entre o poder p\u00fablico e as entidades de classe.<\/p>\n\n\n\n<p><strong>Expertise t\u00e9cnica e pedag\u00f3gica<\/strong><\/p>\n\n\n\n<p>A Funda\u00e7\u00e3o CDL assume um importante papel na execu\u00e7\u00e3o do programa, sendo uma das institui\u00e7\u00f5es respons\u00e1veis pelas trilhas de aprendizado que conectam os alunos \u00e0s demandas reais do mercado de trabalho. O curr\u00edculo pedag\u00f3gico do programa abrange \u00e1reas de alta complexidade e empregabilidade, incluindo: Intelig\u00eancia Artificial e Data Science com Power BI;Oficina de Rob\u00f3tica e Desenvolvimento de Aplicativos; Design Gr\u00e1fico e Metodologias \u00c1geis e Inicia\u00e7\u00e3o Tecnol\u00f3gica.<\/p>\n\n\n\n<p>Durante a cerim\u00f4nia, o presidente da Funda\u00e7\u00e3o CDL, Mauro L\u00facio Rodrigues, enfatizou que a entrega do novo espa\u00e7o f\u00edsico \u00e9 um reflexo do compromisso da entidade com a constru\u00e7\u00e3o de carreiras. &#8221; O fortalecimento do UdiTech \u00e9 um passo fundamental para garantir que o com\u00e9rcio e o setor de servi\u00e7os locais tenham acesso a m\u00e3o de obra qualificada e tecnologicamente atualizada&#8221;, afirmou Mauro L\u00facio.&nbsp;<\/p>\n\n\n\n<p>O presidente tamb\u00e9m estendeu o reconhecimento \u00e0 gest\u00e3o municipal: &#8220;Parabenizo o prefeito Paulo S\u00e9rgio e todos os envolvidos por acreditarem no poder da educa\u00e7\u00e3o e da inova\u00e7\u00e3o.&#8221;<\/p>\n\n\n\n<p>Com a amplia\u00e7\u00e3o do projeto, a CDL e a Funda\u00e7\u00e3o CDL reafirmam seu protagonismo no ecossistema de inova\u00e7\u00e3o de Uberl\u00e2ndia, atuando como o bra\u00e7o que transforma o investimento p\u00fablico em capacita\u00e7\u00e3o t\u00e9cnica de excel\u00eancia para jovens e profissionais da cidade.\u00a0<\/p>\n\n\n<figure class=\"wp-block-post-featured-image\"><img loading=\"lazy\" decoding=\"async\" width=\"638\" height=\"294\" src=\"https:\/\/revistahubclub.com.br\/portal\/wp-content\/uploads\/2026\/03\/cdl-edu.png\" class=\"attachment-post-thumbnail size-post-thumbnail wp-post-image\" alt=\"\" style=\"object-fit:cover;\" srcset=\"https:\/\/revistahubclub.com.br\/portal\/wp-content\/uploads\/2026\/03\/cdl-edu.png 638w, https:\/\/revistahubclub.com.br\/portal\/wp-content\/uploads\/2026\/03\/cdl-edu-300x138.png 300w\" sizes=\"auto, (max-width: 638px) 100vw, 638px\" \/><\/figure>","protected":false},"excerpt":{"rendered":"<p>A Funda\u00e7\u00e3o CDL assume um importante papel na execu\u00e7\u00e3o do programa, sendo uma das institui\u00e7\u00f5es respons\u00e1veis pelas trilhas de aprendizado que conectam os alunos \u00e0s demandas reais do mercado de<\/p>\n","protected":false},"author":2,"featured_media":13011,"comment_status":"open","ping_status":"open","sticky":false,"template":"","format":"standard","meta":{"footnotes":""},"categories":[1],"tags":[],"class_list":["post-13010","post","type-post","status-publish","format-standard","has-post-thumbnail","hentry","category-noticias"],"_links":{"self":[{"href":"https:\/\/revistahubclub.com.br\/portal\/wp-json\/wp\/v2\/posts\/13010","targetHints":{"allow":["GET"]}}],"collection":[{"href":"https:\/\/revistahubclub.com.br\/portal\/wp-json\/wp\/v2\/posts"}],"about":[{"href":"https:\/\/revistahubclub.com.br\/portal\/wp-json\/wp\/v2\/types\/post"}],"author":[{"embeddable":true,"href":"https:\/\/revistahubclub.com.br\/portal\/wp-json\/wp\/v2\/users\/2"}],"replies":[{"embeddable":true,"href":"https:\/\/revistahubclub.com.br\/portal\/wp-json\/wp\/v2\/comments?post=13010"}],"version-history":[{"count":1,"href":"https:\/\/revistahubclub.com.br\/portal\/wp-json\/wp\/v2\/posts\/13010\/revisions"}],"predecessor-version":[{"id":13012,"href":"https:\/\/revistahubclub.com.br\/portal\/wp-json\/wp\/v2\/posts\/13010\/revisions\/13012"}],"wp:featuredmedia":[{"embeddable":true,"href":"https:\/\/revistahubclub.com.br\/portal\/wp-json\/wp\/v2\/media\/13011"}],"wp:attachment":[{"href":"https:\/\/revistahubclub.com.br\/portal\/wp-json\/wp\/v2\/media?parent=13010"}],"wp:term":[{"taxonomy":"category","embeddable":true,"href":"https:\/\/revistahubclub.com.br\/portal\/wp-json\/wp\/v2\/categories?post=13010"},{"taxonomy":"post_tag","embeddable":true,"href":"https:\/\/revistahubclub.com.br\/portal\/wp-json\/wp\/v2\/tags?post=13010"}],"curies":[{"name":"wp","href":"https:\/\/api.w.org\/{rel}","templated":true}]}}