{"id":13170,"date":"2026-04-13T08:58:55","date_gmt":"2026-04-13T11:58:55","guid":{"rendered":"https:\/\/revistahubclub.com.br\/portal\/?p=13170"},"modified":"2026-04-15T10:46:24","modified_gmt":"2026-04-15T13:46:24","slug":"fenicafe-2026-aborda-a-cafeicultura-irrigada-no-brasil-e-vai-ate-dia-16-em-araguari","status":"publish","type":"post","link":"https:\/\/revistahubclub.com.br\/portal\/2026\/04\/13\/fenicafe-2026-aborda-a-cafeicultura-irrigada-no-brasil-e-vai-ate-dia-16-em-araguari\/","title":{"rendered":"Fenicaf\u00e9 2026 aborda a cafeicultura irrigada no Brasil, e vai at\u00e9 dia 16, em Araguari"},"content":{"rendered":"\n<figure class=\"wp-block-image size-large\"><img loading=\"lazy\" decoding=\"async\" width=\"1024\" height=\"567\" src=\"https:\/\/revistahubclub.com.br\/portal\/wp-content\/uploads\/2026\/04\/Captura-de-Tela-2026-04-14-as-10.20.09-AM-1024x567.png\" alt=\"\" class=\"wp-image-13171\" srcset=\"https:\/\/revistahubclub.com.br\/portal\/wp-content\/uploads\/2026\/04\/Captura-de-Tela-2026-04-14-as-10.20.09-AM-1024x567.png 1024w, https:\/\/revistahubclub.com.br\/portal\/wp-content\/uploads\/2026\/04\/Captura-de-Tela-2026-04-14-as-10.20.09-AM-300x166.png 300w, https:\/\/revistahubclub.com.br\/portal\/wp-content\/uploads\/2026\/04\/Captura-de-Tela-2026-04-14-as-10.20.09-AM-768x426.png 768w, https:\/\/revistahubclub.com.br\/portal\/wp-content\/uploads\/2026\/04\/Captura-de-Tela-2026-04-14-as-10.20.09-AM-1536x851.png 1536w, https:\/\/revistahubclub.com.br\/portal\/wp-content\/uploads\/2026\/04\/Captura-de-Tela-2026-04-14-as-10.20.09-AM.png 1942w\" sizes=\"auto, (max-width: 1024px) 100vw, 1024px\" \/><\/figure>\n\n\n\n<p>Com a presen\u00e7a do Ministro do Trabalho e Emprego, Luiz Marinho, do secret\u00e1rio de Agricultura e Pecu\u00e1ria&nbsp;<strong>Guilherme Campos<\/strong>, do senador&nbsp;<strong>Carlos Viana<\/strong>, al\u00e9m de deputados federais, estaduais e importantes lideran\u00e7as do setor cafeeiro, teve in\u00edcio nesta segunda-feira, 13, a Feira Nacional de Irriga\u00e7\u00e3o em Cafeicultura.<\/p>\n\n\n\n<p>Durante a abertura, o presidente da Associa\u00e7\u00e3o dos Cafeicultores de Araguari (ACA), Fernando Sacoman, destacou o papel estrat\u00e9gico da feira. \u201c<strong>Hoje, n\u00e3o estamos apenas iniciando um evento. Estamos celebrando a for\u00e7a de um setor que move o Brasil. A Fenicaf\u00e9 \u00e9 um ponto de encontro entre conhecimento e pr\u00e1tica, tradi\u00e7\u00e3o e inova\u00e7\u00e3o, entre o campo e o futuro<\/strong>\u201d, afirmou.<\/p>\n\n\n\n<p>A Fenicaf\u00e9 \u00e9 um dos eventos mais aguardados da cafeicultura brasileira, reunindo produtores, pesquisadores, empresas e especialistas para compartilhar conhecimento, inova\u00e7\u00e3o e oportunidades de neg\u00f3cios no setor. Realizada pela primeira vez em 1995, em Araguari, a feira nasceu em uma regi\u00e3o que j\u00e1 se destacava pela produ\u00e7\u00e3o de caf\u00e9 irrigado no cerrado mineiro, favorecida pelas condi\u00e7\u00f5es clim\u00e1ticas e pela topografia ideal. A iniciativa partiu da Associa\u00e7\u00e3o dos Cafeicultores de Araguari (ACA), que identificou a necessidade de criar um espa\u00e7o voltado \u00e0 troca de experi\u00eancias entre equipe t\u00e9cnica, pesquisadores e produtores.<\/p>\n\n\n\n<p>Ap\u00f3s celebrar 30 anos de hist\u00f3ria em 2025, a Fenicaf\u00e9 chega \u00e0 edi\u00e7\u00e3o de 2026 ainda mais fortalecida, ampliando sua programa\u00e7\u00e3o e reafirmando seu compromisso com o desenvolvimento da cafeicultura irrigada no Brasil. A Fenicaf\u00e9 combina uma ampla exposi\u00e7\u00e3o de tecnologias, m\u00e1quinas, equipamentos e servi\u00e7os com uma programa\u00e7\u00e3o t\u00e9cnica de alto n\u00edvel, voltada \u00e0 difus\u00e3o de conhecimento e atualiza\u00e7\u00e3o profissional.<\/p>\n\n\n\n<p>O evento \u00e9 estruturado em tr\u00eas grandes pilares:<br><br>* Encontro Nacional de Irriga\u00e7\u00e3o da Cafeicultura do Cerrado \u2013 espa\u00e7o dedicado \u00e0 discuss\u00e3o t\u00e9cnica e cient\u00edfica sobre manejo, irriga\u00e7\u00e3o e produtividade;<br>* Feira de Irriga\u00e7\u00e3o em Caf\u00e9 do Brasil \u2013 ambiente de neg\u00f3cios e exposi\u00e7\u00e3o de tecnologias e solu\u00e7\u00f5es para o campo;<br>* Simp\u00f3sio Brasileiro de Pesquisa em Cafeicultura Irrigada \u2013 voltado \u00e0 apresenta\u00e7\u00e3o de estudos, pesquisas e avan\u00e7os cient\u00edficos aplicados \u00e0 produ\u00e7\u00e3o de caf\u00e9.<\/p>\n\n\n\n<p>Reconhecida como a maior feira de irriga\u00e7\u00e3o em cafeicultura do pa\u00eds, a Fenicaf\u00e9 segue conectando pessoas, ideias e tecnologias, fortalecendo a cafeicultura brasileira e impulsionando o futuro do agroneg\u00f3cio.<\/p>\n\n\n<figure class=\"wp-block-post-featured-image\"><img loading=\"lazy\" decoding=\"async\" width=\"1456\" height=\"872\" src=\"https:\/\/revistahubclub.com.br\/portal\/wp-content\/uploads\/2026\/04\/Captura-de-Tela-2026-04-14-as-10.27.25-AM.png\" class=\"attachment-post-thumbnail size-post-thumbnail wp-post-image\" alt=\"\" style=\"object-fit:cover;\" srcset=\"https:\/\/revistahubclub.com.br\/portal\/wp-content\/uploads\/2026\/04\/Captura-de-Tela-2026-04-14-as-10.27.25-AM.png 1456w, https:\/\/revistahubclub.com.br\/portal\/wp-content\/uploads\/2026\/04\/Captura-de-Tela-2026-04-14-as-10.27.25-AM-300x180.png 300w, https:\/\/revistahubclub.com.br\/portal\/wp-content\/uploads\/2026\/04\/Captura-de-Tela-2026-04-14-as-10.27.25-AM-1024x613.png 1024w, https:\/\/revistahubclub.com.br\/portal\/wp-content\/uploads\/2026\/04\/Captura-de-Tela-2026-04-14-as-10.27.25-AM-768x460.png 768w\" sizes=\"auto, (max-width: 1456px) 100vw, 1456px\" \/><\/figure>","protected":false},"excerpt":{"rendered":"<p>Com a presen\u00e7a do Ministro do Trabalho e Emprego, Luiz Marinho, do secret\u00e1rio de Agricultura e Pecu\u00e1ria&nbsp;Guilherme Campos, do senador&nbsp;Carlos Viana, al\u00e9m de deputados federais, estaduais e importantes lideran\u00e7as do<\/p>\n","protected":false},"author":2,"featured_media":13172,"comment_status":"open","ping_status":"open","sticky":false,"template":"","format":"standard","meta":{"footnotes":""},"categories":[1],"tags":[16,377,172,86,916,918],"class_list":["post-13170","post","type-post","status-publish","format-standard","has-post-thumbnail","hentry","category-noticias","tag-agronegocio","tag-araguari","tag-cafe","tag-economia","tag-fenicafe","tag-irrigacao"],"_links":{"self":[{"href":"https:\/\/revistahubclub.com.br\/portal\/wp-json\/wp\/v2\/posts\/13170","targetHints":{"allow":["GET"]}}],"collection":[{"href":"https:\/\/revistahubclub.com.br\/portal\/wp-json\/wp\/v2\/posts"}],"about":[{"href":"https:\/\/revistahubclub.com.br\/portal\/wp-json\/wp\/v2\/types\/post"}],"author":[{"embeddable":true,"href":"https:\/\/revistahubclub.com.br\/portal\/wp-json\/wp\/v2\/users\/2"}],"replies":[{"embeddable":true,"href":"https:\/\/revistahubclub.com.br\/portal\/wp-json\/wp\/v2\/comments?post=13170"}],"version-history":[{"count":1,"href":"https:\/\/revistahubclub.com.br\/portal\/wp-json\/wp\/v2\/posts\/13170\/revisions"}],"predecessor-version":[{"id":13180,"href":"https:\/\/revistahubclub.com.br\/portal\/wp-json\/wp\/v2\/posts\/13170\/revisions\/13180"}],"wp:featuredmedia":[{"embeddable":true,"href":"https:\/\/revistahubclub.com.br\/portal\/wp-json\/wp\/v2\/media\/13172"}],"wp:attachment":[{"href":"https:\/\/revistahubclub.com.br\/portal\/wp-json\/wp\/v2\/media?parent=13170"}],"wp:term":[{"taxonomy":"category","embeddable":true,"href":"https:\/\/revistahubclub.com.br\/portal\/wp-json\/wp\/v2\/categories?post=13170"},{"taxonomy":"post_tag","embeddable":true,"href":"https:\/\/revistahubclub.com.br\/portal\/wp-json\/wp\/v2\/tags?post=13170"}],"curies":[{"name":"wp","href":"https:\/\/api.w.org\/{rel}","templated":true}]}}