{"id":13184,"date":"2026-04-15T11:49:30","date_gmt":"2026-04-15T14:49:30","guid":{"rendered":"https:\/\/revistahubclub.com.br\/portal\/?p=13184"},"modified":"2026-04-15T11:49:30","modified_gmt":"2026-04-15T14:49:30","slug":"o-envelhecimento-como-morada","status":"publish","type":"post","link":"https:\/\/revistahubclub.com.br\/portal\/2026\/04\/15\/o-envelhecimento-como-morada\/","title":{"rendered":"O envelhecimento como morada"},"content":{"rendered":"\n<p>Geni Costa | Foto: Divulga\u00e7\u00e3o<\/p>\n\n\n\n<p>O envelhecimento n\u00e3o chega com alarde. N\u00e3o bate \u00e0 porta, n\u00e3o pede licen\u00e7a, n\u00e3o anuncia data nem hora. Ele n\u00e3o me atravessou como quem invade uma casa vazia. Sua chegada, n\u00e3o foi de repente. N\u00e3o se trata de um evento s\u00fabito, mas de um processo lento, cotidiano, que vai se instalando na vida at\u00e9 tornar-se o espa\u00e7o onde se habita. Foi se assentando aos poucos, fez morada \u2013 e, em sil\u00eancio, tornou-se meu dono.<\/p>\n\n\n\n<p>Pens\u00e1-lo dessa forma permite afast\u00e1-lo da ideia de decad\u00eancia e aproxim\u00e1-lo de uma experi\u00eancia marcada por const\u00e2ncia, resist\u00eancia e sentido.<\/p>\n\n\n\n<p>Envelhecer n\u00e3o se resume \u00e0 passagem dos anos. Trata-se de um movimento de aprofundamento interior, no qual prioridades s\u00e3o reorganizadas e valores s\u00e3o redefinidos. A rela\u00e7\u00e3o com os limites do corpo, da energia e do tempo torna-se mais direta, exigindo maior consci\u00eancia sobre o que \u00e9 poss\u00edvel e sobre o que realmente importa. Com isso, diminuem as exig\u00eancias externas e internas, assim como a pressa e a necessidade constante de valida\u00e7\u00e3o.<\/p>\n\n\n\n<p>O envelhecimento carrega as marcas da trajet\u00f3ria vivida: desafios superados, alegrias, dores, perdas e mem\u00f3rias que permanecem ativas. Essas experi\u00eancias n\u00e3o s\u00e3o facilmente descartadas e demandam elabora\u00e7\u00e3o. Na contemporaneidade, o envelhecer deixou de ser visto apenas como um ponto final e passou a ocupar um lugar de disputa simb\u00f3lica, especialmente em uma sociedade em que a longevidade cresce, mas o preconceito et\u00e1rio persiste.<\/p>\n\n\n\n<p>Apesar de mais presentes, ativas e conectadas, as pessoas que envelhecem continuam sendo associadas a estere\u00f3tipos antigos, em um contexto que valoriza a juventude como ideal quase exclusivo. Surgem, ent\u00e3o, novas denomina\u00e7\u00f5es para tentar redefinir essa fase da vida, mas a mudan\u00e7a de termos n\u00e3o elimina os estigmas nem as exclus\u00f5es que seguem operando de forma silenciosa.<\/p>\n\n\n\n<p>O desafio central n\u00e3o est\u00e1 no nome atribu\u00eddo ao envelhecimento, mas na forma como a sociedade se organiza para acolh\u00ea-lo ou rejeit\u00e1-lo. Enquanto a idade for compreendida como perda, e n\u00e3o como transforma\u00e7\u00e3o, a discrimina\u00e7\u00e3o permanecer\u00e1. Envelhecer implica reconhecer o tempo vivido como ac\u00famulo de experi\u00eancias, mem\u00f3ria e sentido, afirmando a continuidade da vida e o direito de pertencer em todas as suas fases.<\/p>\n\n\n\n<p>Profa. Dra. Titular Geni de Ara\u00fajo Costa Universidade Federal de Uberl\u00e2ndia&nbsp;<br>Ativista do Envelhecimento Ativo&nbsp;<br>Podcaster&nbsp;<br>Comunicadora Palestrante&nbsp;<br>@benditaidade<\/p>\n\n\n<figure class=\"wp-block-post-featured-image\"><img loading=\"lazy\" decoding=\"async\" width=\"922\" height=\"1184\" src=\"https:\/\/revistahubclub.com.br\/portal\/wp-content\/uploads\/2026\/04\/Captura-de-Tela-2026-04-15-as-11.40.22-AM.png\" class=\"attachment-post-thumbnail size-post-thumbnail wp-post-image\" alt=\"\" style=\"object-fit:cover;\" srcset=\"https:\/\/revistahubclub.com.br\/portal\/wp-content\/uploads\/2026\/04\/Captura-de-Tela-2026-04-15-as-11.40.22-AM.png 922w, https:\/\/revistahubclub.com.br\/portal\/wp-content\/uploads\/2026\/04\/Captura-de-Tela-2026-04-15-as-11.40.22-AM-234x300.png 234w, https:\/\/revistahubclub.com.br\/portal\/wp-content\/uploads\/2026\/04\/Captura-de-Tela-2026-04-15-as-11.40.22-AM-797x1024.png 797w, https:\/\/revistahubclub.com.br\/portal\/wp-content\/uploads\/2026\/04\/Captura-de-Tela-2026-04-15-as-11.40.22-AM-768x986.png 768w\" sizes=\"auto, (max-width: 922px) 100vw, 922px\" \/><\/figure>","protected":false},"excerpt":{"rendered":"<p>Geni Costa | Foto: Divulga\u00e7\u00e3o O envelhecimento n\u00e3o chega com alarde. N\u00e3o bate \u00e0 porta, n\u00e3o pede licen\u00e7a, n\u00e3o anuncia data nem hora. Ele n\u00e3o me atravessou como quem invade<\/p>\n","protected":false},"author":2,"featured_media":13185,"comment_status":"open","ping_status":"open","sticky":false,"template":"","format":"standard","meta":{"footnotes":""},"categories":[1],"tags":[921,742,27],"class_list":["post-13184","post","type-post","status-publish","format-standard","has-post-thumbnail","hentry","category-noticias","tag-bendida-idade","tag-envelhecer","tag-uberlandia"],"_links":{"self":[{"href":"https:\/\/revistahubclub.com.br\/portal\/wp-json\/wp\/v2\/posts\/13184","targetHints":{"allow":["GET"]}}],"collection":[{"href":"https:\/\/revistahubclub.com.br\/portal\/wp-json\/wp\/v2\/posts"}],"about":[{"href":"https:\/\/revistahubclub.com.br\/portal\/wp-json\/wp\/v2\/types\/post"}],"author":[{"embeddable":true,"href":"https:\/\/revistahubclub.com.br\/portal\/wp-json\/wp\/v2\/users\/2"}],"replies":[{"embeddable":true,"href":"https:\/\/revistahubclub.com.br\/portal\/wp-json\/wp\/v2\/comments?post=13184"}],"version-history":[{"count":1,"href":"https:\/\/revistahubclub.com.br\/portal\/wp-json\/wp\/v2\/posts\/13184\/revisions"}],"predecessor-version":[{"id":13186,"href":"https:\/\/revistahubclub.com.br\/portal\/wp-json\/wp\/v2\/posts\/13184\/revisions\/13186"}],"wp:featuredmedia":[{"embeddable":true,"href":"https:\/\/revistahubclub.com.br\/portal\/wp-json\/wp\/v2\/media\/13185"}],"wp:attachment":[{"href":"https:\/\/revistahubclub.com.br\/portal\/wp-json\/wp\/v2\/media?parent=13184"}],"wp:term":[{"taxonomy":"category","embeddable":true,"href":"https:\/\/revistahubclub.com.br\/portal\/wp-json\/wp\/v2\/categories?post=13184"},{"taxonomy":"post_tag","embeddable":true,"href":"https:\/\/revistahubclub.com.br\/portal\/wp-json\/wp\/v2\/tags?post=13184"}],"curies":[{"name":"wp","href":"https:\/\/api.w.org\/{rel}","templated":true}]}}