{"id":13195,"date":"2026-04-15T13:23:57","date_gmt":"2026-04-15T16:23:57","guid":{"rendered":"https:\/\/revistahubclub.com.br\/portal\/?p=13195"},"modified":"2026-04-15T13:23:57","modified_gmt":"2026-04-15T16:23:57","slug":"regiao-do-cerrado-mineiro-apresenta-nova-marca-territorial-na-fenicafe-2026","status":"publish","type":"post","link":"https:\/\/revistahubclub.com.br\/portal\/2026\/04\/15\/regiao-do-cerrado-mineiro-apresenta-nova-marca-territorial-na-fenicafe-2026\/","title":{"rendered":"Regi\u00e3o do Cerrado Mineiro apresenta nova marca territorial na Fenicaf\u00e9 2026"},"content":{"rendered":"\n<p><em>Ativa\u00e7\u00e3o conduzida pela Federa\u00e7\u00e3o dos Cafeicultores do Cerrado marca novo posicionamento da origem, que passa a se comunicar como um ecossistema de inova\u00e7\u00e3o, cultura e regenera\u00e7\u00e3o no cen\u00e1rio global<\/em><\/p>\n\n\n\n<p>A Federa\u00e7\u00e3o dos Cafeicultores do Cerrado participa da Fenicaf\u00e9 2026, de 13 a 16 de abril, em Araguari (MG), com a ativa\u00e7\u00e3o da nova marca territorial da Regi\u00e3o do Cerrado Mineiro (RCM), marcando um novo momento no posicionamento estrat\u00e9gico da origem nos cen\u00e1rios nacional e internacional.<\/p>\n\n\n\n<p>Reconhecida como uma das principais feiras da cafeicultura brasileira, a Fenicaf\u00e9 re\u00fane produtores, empresas, pesquisadores e lideran\u00e7as do setor em torno de tecnologia, inova\u00e7\u00e3o e gera\u00e7\u00e3o de neg\u00f3cios. \u00c9 nesse ambiente que a Federa\u00e7\u00e3o apresenta ao p\u00fablico a evolu\u00e7\u00e3o da marca da regi\u00e3o, que deixa de ser comunicada apenas como uma origem produtora de excel\u00eancia e passa a se posicionar como um ecossistema vivo de valor.<\/p>\n\n\n\n<p>Com o prop\u00f3sito de \u201cressignificar o produzir, o inovar e o viver, liderando um futuro regenerativo\u201d, a nova estrat\u00e9gia de marca territorial amplia o papel do Cerrado Mineiro, integrando atributos como cafeicultura regenerativa, rastreabilidade, inova\u00e7\u00e3o, cultura e desenvolvimento territorial.<\/p>\n\n\n\n<p>A iniciativa refor\u00e7a uma trajet\u00f3ria marcada pelo pioneirismo: a Regi\u00e3o do Cerrado Mineiro foi a primeira Denomina\u00e7\u00e3o de Origem de caf\u00e9s do Brasil e hoje re\u00fane cerca de 4.500 produtores em 55 munic\u00edpios, com presen\u00e7a em mais de 30 pa\u00edses.<\/p>\n\n\n\n<p>Para o diretor executivo da Federa\u00e7\u00e3o dos Cafeicultores do Cerrado, Juliano Tarabal, a participa\u00e7\u00e3o na Fenicaf\u00e9 \u00e9 uma oportunidade estrat\u00e9gica de conex\u00e3o com o mercado.<\/p>\n\n\n\n<p>\u201cA Regi\u00e3o do Cerrado Mineiro sempre esteve na vanguarda da cafeicultura. Agora, damos um novo passo ao apresentar uma marca que representa n\u00e3o apenas a qualidade do nosso caf\u00e9, mas um prop\u00f3sito e uma vis\u00e3o de futuro\u201d, destaca.<\/p>\n","protected":false},"excerpt":{"rendered":"<p>Ativa\u00e7\u00e3o conduzida pela Federa\u00e7\u00e3o dos Cafeicultores do Cerrado marca novo posicionamento da origem, que passa a se comunicar como um ecossistema de inova\u00e7\u00e3o, cultura e regenera\u00e7\u00e3o no cen\u00e1rio global A<\/p>\n","protected":false},"author":3,"featured_media":13196,"comment_status":"open","ping_status":"open","sticky":false,"template":"","format":"standard","meta":{"footnotes":""},"categories":[1],"tags":[],"class_list":["post-13195","post","type-post","status-publish","format-standard","has-post-thumbnail","hentry","category-noticias"],"_links":{"self":[{"href":"https:\/\/revistahubclub.com.br\/portal\/wp-json\/wp\/v2\/posts\/13195","targetHints":{"allow":["GET"]}}],"collection":[{"href":"https:\/\/revistahubclub.com.br\/portal\/wp-json\/wp\/v2\/posts"}],"about":[{"href":"https:\/\/revistahubclub.com.br\/portal\/wp-json\/wp\/v2\/types\/post"}],"author":[{"embeddable":true,"href":"https:\/\/revistahubclub.com.br\/portal\/wp-json\/wp\/v2\/users\/3"}],"replies":[{"embeddable":true,"href":"https:\/\/revistahubclub.com.br\/portal\/wp-json\/wp\/v2\/comments?post=13195"}],"version-history":[{"count":1,"href":"https:\/\/revistahubclub.com.br\/portal\/wp-json\/wp\/v2\/posts\/13195\/revisions"}],"predecessor-version":[{"id":13197,"href":"https:\/\/revistahubclub.com.br\/portal\/wp-json\/wp\/v2\/posts\/13195\/revisions\/13197"}],"wp:featuredmedia":[{"embeddable":true,"href":"https:\/\/revistahubclub.com.br\/portal\/wp-json\/wp\/v2\/media\/13196"}],"wp:attachment":[{"href":"https:\/\/revistahubclub.com.br\/portal\/wp-json\/wp\/v2\/media?parent=13195"}],"wp:term":[{"taxonomy":"category","embeddable":true,"href":"https:\/\/revistahubclub.com.br\/portal\/wp-json\/wp\/v2\/categories?post=13195"},{"taxonomy":"post_tag","embeddable":true,"href":"https:\/\/revistahubclub.com.br\/portal\/wp-json\/wp\/v2\/tags?post=13195"}],"curies":[{"name":"wp","href":"https:\/\/api.w.org\/{rel}","templated":true}]}}