{"id":13201,"date":"2026-04-16T12:49:42","date_gmt":"2026-04-16T15:49:42","guid":{"rendered":"https:\/\/revistahubclub.com.br\/portal\/?p=13201"},"modified":"2026-04-16T12:49:42","modified_gmt":"2026-04-16T15:49:42","slug":"gestao-cautela-e-inovacao-uberlandia-diante-de-um-ano-decisivo-para-os-negocios","status":"publish","type":"post","link":"https:\/\/revistahubclub.com.br\/portal\/2026\/04\/16\/gestao-cautela-e-inovacao-uberlandia-diante-de-um-ano-decisivo-para-os-negocios\/","title":{"rendered":"Gest\u00e3o, cautela e inova\u00e7\u00e3o &#8211; Uberl\u00e2ndia diante de um ano decisivo para os neg\u00f3cios"},"content":{"rendered":"\n<p>Carolina Barros | Foto: Divulga\u00e7\u00e3o<\/p>\n\n\n\n<p>Uberl\u00e2ndia chega a 2026 consolidada como um dos principais polos econ\u00f4micos do interior do Brasil, mas inserida em um cen\u00e1rio nacional marcado por incertezas e desafios. Para o empres\u00e1rio F\u00e1bio Pergher, presidente do Conselho de Desenvolvimento Econ\u00f4mico de Uberl\u00e2ndia (Codem), o momento exige aten\u00e7\u00e3o redobrada dos empreendedores, planejamento estrat\u00e9gico e uma gest\u00e3o cada vez mais profissional.<\/p>\n\n\n\n<p>Segundo Pergher, o ambiente de neg\u00f3cios no Brasil atravessa uma combina\u00e7\u00e3o in\u00e9dita de fatores de press\u00e3o. Juros elevados, reforma tribut\u00e1ria em fase de implanta\u00e7\u00e3o, ano eleitoral, Copa do Mundo e um calend\u00e1rio com muitos feriados prolongados impactam diretamente a produtividade, o consumo e as decis\u00f5es de investimento. \u201cNunca tivemos um ano com tantos desafios ao mesmo tempo. \u00c9 preciso cautela, mas sem perder o otimismo\u201d, afirma.<\/p>\n\n\n\n<p>A reforma tribut\u00e1ria aparece como um dos pontos centrais de preocupa\u00e7\u00e3o. Para o presidente do Codem, o novo sistema tende a reduzir a informalidade e ampliar a base de arrecada\u00e7\u00e3o, afetando empresas de todos os portes e setores. \u201cDesde o pequeno prestador de servi\u00e7os at\u00e9 a grande ind\u00fastria sentir\u00e3o o impacto. Isso exige mais controle, mais gest\u00e3o e adapta\u00e7\u00e3o r\u00e1pida\u201d, avalia. Setores como constru\u00e7\u00e3o civil, agroneg\u00f3cio, ind\u00fastria, sa\u00fade e servi\u00e7os devem enfrentar aumento de custos e press\u00e3o sobre margens.<\/p>\n\n\n\n<p>Al\u00e9m do aspecto fiscal, Pergher destaca a complexidade crescente do ambiente regulat\u00f3rio e trabalhista. Mudan\u00e7as frequentes nas regras, maior judicializa\u00e7\u00e3o e o peso das redes sociais tornam o cotidiano empresarial mais sens\u00edvel. \u201cHoje o empres\u00e1rio precisa ter cuidado com tudo: discurso, postura e decis\u00f5es. A gest\u00e3o deixou de ser apenas financeira e passou a ser tamb\u00e9m institucional.\u201d<\/p>\n\n\n\n<p>Ao olhar para Uberl\u00e2ndia, o empres\u00e1rio v\u00ea uma cidade cheia de oportunidades, mas que come\u00e7a a sentir as dores do crescimento acelerado. Mobilidade urbana, abastecimento de \u00e1gua, energia el\u00e9trica e infraestrutura vi\u00e1ria j\u00e1 apresentam sinais de limite em algumas regi\u00f5es. \u201cO crescimento \u00e9 inevit\u00e1vel, mas precisa ser planejado. N\u00e3o podemos comprometer a qualidade de vida, que \u00e9 um dos grandes ativos da cidade\u201d, ressalta.<\/p>\n\n\n\n<p>Apesar dos desafios, Pergher \u00e9 enf\u00e1tico ao destacar os pontos fortes do munic\u00edpio. Uberl\u00e2ndia se consolida como polo regional de sa\u00fade, educa\u00e7\u00e3o, agroneg\u00f3cio, ind\u00fastria, tecnologia e servi\u00e7os. A cidade tamb\u00e9m se destaca pela cultura empreendedora e pela capacidade de inova\u00e7\u00e3o, sendo refer\u00eancia nacional no ecossistema de startups. \u201cTemos exemplos, refer\u00eancias e uma nova gera\u00e7\u00e3o com mentalidade inovadora. Isso cria um ambiente f\u00e9rtil para novos neg\u00f3cios\u201d, afirma.<\/p>\n\n\n\n<p>Nesse contexto, o papel do *Codem* ganha relev\u00e2ncia estrat\u00e9gica. Composto por 28 entidades representativas, o conselho atua como elo entre sociedade civil organizada e poder p\u00fablico, propondo solu\u00e7\u00f5es pr\u00e1ticas para os desafios do desenvolvimento urbano e econ\u00f4mico. \u201cNosso papel n\u00e3o \u00e9 apenas apontar problemas, mas ajudar a construir caminhos, especialmente em \u00e1reas como mobilidade e planejamento urbano\u201d, explica.<\/p>\n\n\n\n<p>Pergher tamb\u00e9m refor\u00e7a a import\u00e2ncia do associativismo como ferramenta de crescimento coletivo. \u201cDentro das entidades, n\u00e3o somos concorrentes, somos parceiros de segmento. O desenvolvimento sustent\u00e1vel passa pela coopera\u00e7\u00e3o.\u201d<\/p>\n\n\n\n<p>Ao final, a mensagem do empres\u00e1rio para quem empreende em Uberl\u00e2ndia \u00e9 direta: trabalho, disciplina e p\u00e9 no ch\u00e3o. Em um cen\u00e1rio de juros altos, ele recomenda cautela com endividamento e foco em efici\u00eancia. \u201cNada substitui o trabalho e a determina\u00e7\u00e3o. Uberl\u00e2ndia tem oportunidades para quem est\u00e1 preparado.\u201d<\/p>\n\n\n\n<p>Para F\u00e1bio Pergher, o futuro da cidade \u00e9 promissor, desde que o crescimento econ\u00f4mico venha acompanhado de planejamento, inova\u00e7\u00e3o e compromisso coletivo. \u201cA cidade vai continuar crescendo. O desafio \u00e9 garantir que esse crescimento gere prosperidade, qualidade de vida e desenvolvimento sustent\u00e1vel para todos.\u201d<\/p>\n\n\n<figure class=\"wp-block-post-featured-image\"><img loading=\"lazy\" decoding=\"async\" width=\"858\" height=\"734\" src=\"https:\/\/revistahubclub.com.br\/portal\/wp-content\/uploads\/2026\/04\/Captura-de-Tela-2026-04-16-as-12.33.38-PM.png\" class=\"attachment-post-thumbnail size-post-thumbnail wp-post-image\" alt=\"\" style=\"object-fit:cover;\" srcset=\"https:\/\/revistahubclub.com.br\/portal\/wp-content\/uploads\/2026\/04\/Captura-de-Tela-2026-04-16-as-12.33.38-PM.png 858w, https:\/\/revistahubclub.com.br\/portal\/wp-content\/uploads\/2026\/04\/Captura-de-Tela-2026-04-16-as-12.33.38-PM-300x257.png 300w, https:\/\/revistahubclub.com.br\/portal\/wp-content\/uploads\/2026\/04\/Captura-de-Tela-2026-04-16-as-12.33.38-PM-768x657.png 768w\" sizes=\"auto, (max-width: 858px) 100vw, 858px\" \/><\/figure>","protected":false},"excerpt":{"rendered":"<p>Carolina Barros | Foto: Divulga\u00e7\u00e3o Uberl\u00e2ndia chega a 2026 consolidada como um dos principais polos econ\u00f4micos do interior do Brasil, mas inserida em um cen\u00e1rio nacional marcado por incertezas e<\/p>\n","protected":false},"author":2,"featured_media":13202,"comment_status":"open","ping_status":"open","sticky":false,"template":"","format":"standard","meta":{"footnotes":""},"categories":[1],"tags":[922,350,27],"class_list":["post-13201","post","type-post","status-publish","format-standard","has-post-thumbnail","hentry","category-noticias","tag-fabio-pergher","tag-negocios","tag-uberlandia"],"_links":{"self":[{"href":"https:\/\/revistahubclub.com.br\/portal\/wp-json\/wp\/v2\/posts\/13201","targetHints":{"allow":["GET"]}}],"collection":[{"href":"https:\/\/revistahubclub.com.br\/portal\/wp-json\/wp\/v2\/posts"}],"about":[{"href":"https:\/\/revistahubclub.com.br\/portal\/wp-json\/wp\/v2\/types\/post"}],"author":[{"embeddable":true,"href":"https:\/\/revistahubclub.com.br\/portal\/wp-json\/wp\/v2\/users\/2"}],"replies":[{"embeddable":true,"href":"https:\/\/revistahubclub.com.br\/portal\/wp-json\/wp\/v2\/comments?post=13201"}],"version-history":[{"count":1,"href":"https:\/\/revistahubclub.com.br\/portal\/wp-json\/wp\/v2\/posts\/13201\/revisions"}],"predecessor-version":[{"id":13203,"href":"https:\/\/revistahubclub.com.br\/portal\/wp-json\/wp\/v2\/posts\/13201\/revisions\/13203"}],"wp:featuredmedia":[{"embeddable":true,"href":"https:\/\/revistahubclub.com.br\/portal\/wp-json\/wp\/v2\/media\/13202"}],"wp:attachment":[{"href":"https:\/\/revistahubclub.com.br\/portal\/wp-json\/wp\/v2\/media?parent=13201"}],"wp:term":[{"taxonomy":"category","embeddable":true,"href":"https:\/\/revistahubclub.com.br\/portal\/wp-json\/wp\/v2\/categories?post=13201"},{"taxonomy":"post_tag","embeddable":true,"href":"https:\/\/revistahubclub.com.br\/portal\/wp-json\/wp\/v2\/tags?post=13201"}],"curies":[{"name":"wp","href":"https:\/\/api.w.org\/{rel}","templated":true}]}}