{"id":13210,"date":"2026-04-20T09:21:15","date_gmt":"2026-04-20T12:21:15","guid":{"rendered":"https:\/\/revistahubclub.com.br\/portal\/?p=13210"},"modified":"2026-04-20T12:22:20","modified_gmt":"2026-04-20T15:22:20","slug":"13210","status":"publish","type":"post","link":"https:\/\/revistahubclub.com.br\/portal\/2026\/04\/20\/13210\/","title":{"rendered":"Funcionamento do com\u00e9rcio no feriado de Tiradentes ser\u00e1 facultativo, informa CDL Uberl\u00e2ndia\u00a0"},"content":{"rendered":"\n<p><\/p>\n\n\n\n<p>A C\u00e2mara de Dirigentes Lojistas (CDL) de Uberl\u00e2ndia informa que o funcionamento do com\u00e9rcio no feriado de Tiradentes (21 de abril) ser\u00e1 facultativo, conforme estabelecem as cl\u00e1usulas D\u00e9cima Primeira e D\u00e9cima Segunda da Conven\u00e7\u00e3o Coletiva 2025\/2026, firmada entre os sindicatos SECUA e SINDICOM\u00c9RCIO.&nbsp;<\/p>\n\n\n\n<p>De acordo com a conven\u00e7\u00e3o, empresas do setor de Com\u00e9rcio Varejista de G\u00eaneros Aliment\u00edcios e Afins, como supermercados, mercearias e sacol\u00f5es, poder\u00e3o optar por abrir ou n\u00e3o durante o feriado. Caso decidam funcionar, as horas trabalhadas dever\u00e3o ser remuneradas com adicional de 100% (cem por cento), n\u00e3o sendo permitida a compensa\u00e7\u00e3o posterior.&nbsp;<\/p>\n\n\n\n<p>Para os lojistas do com\u00e9rcio em geral, o funcionamento, se houver, dever\u00e1 ocorrer das 9h \u00e0s 18h. Nessas situa\u00e7\u00f5es, as horas trabalhadas tamb\u00e9m ser\u00e3o pagas em dobro, al\u00e9m da concess\u00e3o de uma folga adicional como bonifica\u00e7\u00e3o.<\/p>\n\n\n\n<p>A CDL refor\u00e7a que a decis\u00e3o de abrir as portas nesse feriado cabe a cada empresa, desde que sejam integralmente respeitadas as condi\u00e7\u00f5es previstas na conven\u00e7\u00e3o coletiva.&nbsp;<\/p>\n\n\n\n<p>A entidade informa ainda que o canal de consulta online ao SPC seguir\u00e1 dispon\u00edvel durante os feriados, com acesso pelo site oficial: <a href=\"http:\/\/www.cdludi.org.br\" target=\"_blank\" rel=\"noreferrer noopener\">www.cdludi.org.br<\/a>.<\/p>\n\n\n<figure class=\"wp-block-post-featured-image\"><img loading=\"lazy\" decoding=\"async\" width=\"2560\" height=\"1603\" src=\"https:\/\/revistahubclub.com.br\/portal\/wp-content\/uploads\/2026\/04\/foto-CDL2-scaled.png\" class=\"attachment-post-thumbnail size-post-thumbnail wp-post-image\" alt=\"\" style=\"object-fit:cover;\" srcset=\"https:\/\/revistahubclub.com.br\/portal\/wp-content\/uploads\/2026\/04\/foto-CDL2-scaled.png 2560w, https:\/\/revistahubclub.com.br\/portal\/wp-content\/uploads\/2026\/04\/foto-CDL2-300x188.png 300w, https:\/\/revistahubclub.com.br\/portal\/wp-content\/uploads\/2026\/04\/foto-CDL2-1024x641.png 1024w, https:\/\/revistahubclub.com.br\/portal\/wp-content\/uploads\/2026\/04\/foto-CDL2-768x481.png 768w, https:\/\/revistahubclub.com.br\/portal\/wp-content\/uploads\/2026\/04\/foto-CDL2-1536x962.png 1536w, https:\/\/revistahubclub.com.br\/portal\/wp-content\/uploads\/2026\/04\/foto-CDL2-2048x1282.png 2048w\" sizes=\"auto, (max-width: 2560px) 100vw, 2560px\" \/><\/figure>","protected":false},"excerpt":{"rendered":"<p>A C\u00e2mara de Dirigentes Lojistas (CDL) de Uberl\u00e2ndia informa que o funcionamento do com\u00e9rcio no feriado de Tiradentes (21 de abril) ser\u00e1 facultativo, conforme estabelecem as cl\u00e1usulas D\u00e9cima Primeira e<\/p>\n","protected":false},"author":2,"featured_media":13211,"comment_status":"open","ping_status":"open","sticky":false,"template":"","format":"standard","meta":{"footnotes":""},"categories":[1],"tags":[],"class_list":["post-13210","post","type-post","status-publish","format-standard","has-post-thumbnail","hentry","category-noticias"],"_links":{"self":[{"href":"https:\/\/revistahubclub.com.br\/portal\/wp-json\/wp\/v2\/posts\/13210","targetHints":{"allow":["GET"]}}],"collection":[{"href":"https:\/\/revistahubclub.com.br\/portal\/wp-json\/wp\/v2\/posts"}],"about":[{"href":"https:\/\/revistahubclub.com.br\/portal\/wp-json\/wp\/v2\/types\/post"}],"author":[{"embeddable":true,"href":"https:\/\/revistahubclub.com.br\/portal\/wp-json\/wp\/v2\/users\/2"}],"replies":[{"embeddable":true,"href":"https:\/\/revistahubclub.com.br\/portal\/wp-json\/wp\/v2\/comments?post=13210"}],"version-history":[{"count":2,"href":"https:\/\/revistahubclub.com.br\/portal\/wp-json\/wp\/v2\/posts\/13210\/revisions"}],"predecessor-version":[{"id":13214,"href":"https:\/\/revistahubclub.com.br\/portal\/wp-json\/wp\/v2\/posts\/13210\/revisions\/13214"}],"wp:featuredmedia":[{"embeddable":true,"href":"https:\/\/revistahubclub.com.br\/portal\/wp-json\/wp\/v2\/media\/13211"}],"wp:attachment":[{"href":"https:\/\/revistahubclub.com.br\/portal\/wp-json\/wp\/v2\/media?parent=13210"}],"wp:term":[{"taxonomy":"category","embeddable":true,"href":"https:\/\/revistahubclub.com.br\/portal\/wp-json\/wp\/v2\/categories?post=13210"},{"taxonomy":"post_tag","embeddable":true,"href":"https:\/\/revistahubclub.com.br\/portal\/wp-json\/wp\/v2\/tags?post=13210"}],"curies":[{"name":"wp","href":"https:\/\/api.w.org\/{rel}","templated":true}]}}