{"id":13215,"date":"2026-04-22T09:19:00","date_gmt":"2026-04-22T12:19:00","guid":{"rendered":"https:\/\/revistahubclub.com.br\/portal\/?p=13215"},"modified":"2026-04-22T09:19:00","modified_gmt":"2026-04-22T12:19:00","slug":"fundacao-cdl-uberlandia-esta-com-inscricoes-abertas-para-uma-serie-de-cursos-presenciais","status":"publish","type":"post","link":"https:\/\/revistahubclub.com.br\/portal\/2026\/04\/22\/fundacao-cdl-uberlandia-esta-com-inscricoes-abertas-para-uma-serie-de-cursos-presenciais\/","title":{"rendered":"Funda\u00e7\u00e3o CDL Uberl\u00e2ndia est\u00e1 com inscri\u00e7\u00f5es abertas para uma s\u00e9rie de cursos presenciais"},"content":{"rendered":"\n<p>A Funda\u00e7\u00e3o CDL Uberl\u00e2ndia realiza, entre abril e junho, uma nova agenda de capacita\u00e7\u00f5es presenciais voltadas ao desenvolvimento de profissionais e empresas do varejo e de diferentes segmentos. Os cursos acontecem na sede da entidade, localizada na Avenida Belo Horizonte, 1290, e abordam temas estrat\u00e9gicos como lideran\u00e7a e gest\u00e3o \u00e1gil de recursos humanos, desenvolvimento profissional.&nbsp;<\/p>\n\n\n\n<p>De 27 a 29 de abril, acontece o curso \u201cRH \u00c1gil: Estrat\u00e9gias para um Desempenho de Alto Impacto\u201d. O treinamento apresenta pr\u00e1ticas modernas de gest\u00e3o de pessoas e estrat\u00e9gias que contribuem para equipes mais produtivas, alinhadas e preparadas para os desafios do mercado.&nbsp;<\/p>\n\n\n\n<p>J\u00e1 entre os dias 4 e 6 de maio, ser\u00e1 promovido o curso \u201cGest\u00e3o de estoque: t\u00e9cnicas e estrat\u00e9gias para o mercado atual\u201d, voltado a empres\u00e1rios, gestores e profissionais que desejam aprimorar o controle e a organiza\u00e7\u00e3o de mercadorias nas empresas. A proposta do treinamento \u00e9 apresentar ferramentas pr\u00e1ticas e estrat\u00e9gias que auxiliem no planejamento e na gest\u00e3o eficiente de estoques, fator considerado essencial para reduzir perdas, otimizar recursos e melhorar a competitividade das empresas no mercado atual.&nbsp;<\/p>\n\n\n\n<p>Quem est\u00e1 em busca de aprender a melhorar a gest\u00e3o do tempo e tornar a rotina de trabalho mais eficiente, poder\u00e1 participar no dia 19 de maio do Workshop \u2013 Produtividade com Prop\u00f3sito. Durante o workshop, ser\u00e3o apresentadas estrat\u00e9gias e reflex\u00f5es sobre como tornar a rotina mais leve, eficiente e focada em resultados, ajudando os participantes a desenvolver maior organiza\u00e7\u00e3o, clareza de prioridades e produtividade no dia a dia.&nbsp;<\/p>\n\n\n\n<p>Para junho, a Funda\u00e7\u00e3o CDL est\u00e1 com inscri\u00e7\u00f5es abertas para dois cursos voltados ao desenvolvimento profissional. O primeiro \u00e9 \u201cIntelig\u00eancia Emocional no Trabalho\u201d, que ser\u00e1 realizado no per\u00edodo de 08 a 10 de junho, com carga hor\u00e1ria de 9 horas. J\u00e1 o segundo \u00e9 \u201cComunica\u00e7\u00e3o e Colabora\u00e7\u00e3o no Trabalho: Habilidades Essenciais Para Equipes de Alta Performance\u201d, programado para 22 a 24 de junho, tamb\u00e9m com carga hor\u00e1ria de 9 horas. As capacita\u00e7\u00f5es s\u00e3o direcionadas a profissionais que buscam aprimorar compet\u00eancias comportamentais e fortalecer resultados no ambiente corporativo.<\/p>\n\n\n\n<p>As vagas s\u00e3o limitadas e as inscri\u00e7\u00f5es podem ser feitas diretamente pelo site da CDL Uberl\u00e2ndia <a href=\"https:\/\/loja.cdludi.org.br\/\">https:\/\/loja.cdludi.org.br\/<\/a>.<\/p>\n\n\n\n<p>\u00a0Mais informa\u00e7\u00f5es <a href=\"http:\/\/www.cdludi.org\">www.cdludi.org<\/a>.br.<\/p>\n\n\n<figure class=\"wp-block-post-featured-image\"><img loading=\"lazy\" decoding=\"async\" width=\"416\" height=\"300\" src=\"https:\/\/revistahubclub.com.br\/portal\/wp-content\/uploads\/2026\/04\/cdl-reduzida.jpg\" class=\"attachment-post-thumbnail size-post-thumbnail wp-post-image\" alt=\"\" style=\"object-fit:cover;\" srcset=\"https:\/\/revistahubclub.com.br\/portal\/wp-content\/uploads\/2026\/04\/cdl-reduzida.jpg 416w, https:\/\/revistahubclub.com.br\/portal\/wp-content\/uploads\/2026\/04\/cdl-reduzida-300x216.jpg 300w\" sizes=\"auto, (max-width: 416px) 100vw, 416px\" \/><\/figure>","protected":false},"excerpt":{"rendered":"<p>A Funda\u00e7\u00e3o CDL Uberl\u00e2ndia realiza, entre abril e junho, uma nova agenda de capacita\u00e7\u00f5es presenciais voltadas ao desenvolvimento de profissionais e empresas do varejo e de diferentes segmentos. Os cursos<\/p>\n","protected":false},"author":2,"featured_media":13216,"comment_status":"open","ping_status":"open","sticky":false,"template":"","format":"standard","meta":{"footnotes":""},"categories":[1],"tags":[],"class_list":["post-13215","post","type-post","status-publish","format-standard","has-post-thumbnail","hentry","category-noticias"],"_links":{"self":[{"href":"https:\/\/revistahubclub.com.br\/portal\/wp-json\/wp\/v2\/posts\/13215","targetHints":{"allow":["GET"]}}],"collection":[{"href":"https:\/\/revistahubclub.com.br\/portal\/wp-json\/wp\/v2\/posts"}],"about":[{"href":"https:\/\/revistahubclub.com.br\/portal\/wp-json\/wp\/v2\/types\/post"}],"author":[{"embeddable":true,"href":"https:\/\/revistahubclub.com.br\/portal\/wp-json\/wp\/v2\/users\/2"}],"replies":[{"embeddable":true,"href":"https:\/\/revistahubclub.com.br\/portal\/wp-json\/wp\/v2\/comments?post=13215"}],"version-history":[{"count":1,"href":"https:\/\/revistahubclub.com.br\/portal\/wp-json\/wp\/v2\/posts\/13215\/revisions"}],"predecessor-version":[{"id":13217,"href":"https:\/\/revistahubclub.com.br\/portal\/wp-json\/wp\/v2\/posts\/13215\/revisions\/13217"}],"wp:featuredmedia":[{"embeddable":true,"href":"https:\/\/revistahubclub.com.br\/portal\/wp-json\/wp\/v2\/media\/13216"}],"wp:attachment":[{"href":"https:\/\/revistahubclub.com.br\/portal\/wp-json\/wp\/v2\/media?parent=13215"}],"wp:term":[{"taxonomy":"category","embeddable":true,"href":"https:\/\/revistahubclub.com.br\/portal\/wp-json\/wp\/v2\/categories?post=13215"},{"taxonomy":"post_tag","embeddable":true,"href":"https:\/\/revistahubclub.com.br\/portal\/wp-json\/wp\/v2\/tags?post=13215"}],"curies":[{"name":"wp","href":"https:\/\/api.w.org\/{rel}","templated":true}]}}