{"id":13243,"date":"2026-04-27T10:07:46","date_gmt":"2026-04-27T13:07:46","guid":{"rendered":"https:\/\/revistahubclub.com.br\/portal\/?p=13243"},"modified":"2026-04-27T10:09:20","modified_gmt":"2026-04-27T13:09:20","slug":"projeto-trakinagem-fortalece-debate-sobre-cinema-e-educacao-com-webnario-de-pesquisadora-da-ufmg","status":"publish","type":"post","link":"https:\/\/revistahubclub.com.br\/portal\/2026\/04\/27\/projeto-trakinagem-fortalece-debate-sobre-cinema-e-educacao-com-webnario-de-pesquisadora-da-ufmg\/","title":{"rendered":"Projeto Trakinagem fortalece debate sobre cinema e educa\u00e7\u00e3o com webn\u00e1rio de pesquisadora da UFMG"},"content":{"rendered":"\n<p><\/p>\n\n\n\n<p><em>Conte\u00fado gratuito com Clarisse Alvarenga, j\u00e1 dispon\u00edvel no YouTube, refor\u00e7a o papel do audiovisual na amplia\u00e7\u00e3o de repert\u00f3rio, da sensibilidade e do pensamento cr\u00edtico de crian\u00e7as e adolescentes<\/em><\/p>\n\n\n\n<p>O projeto Trakinagem \u2013 Cinema e Educa\u00e7\u00e3o, idealizado pelo cineasta e educador Cristiano Barbosa, ampliou a discuss\u00e3o sobre o papel do audiovisual na forma\u00e7\u00e3o de crian\u00e7as e adolescentes ao promover um webn\u00e1rio com a professora, pesquisadora da Faculdade de Educa\u00e7\u00e3o da Universidade Federal de Minas Gerais (UFMG), cineasta e integrante da diretoria da Rede KINO \u2013 Rede Latino-americana de Educa\u00e7\u00e3o, Cinema e Audiovisual, Clarisse Alvarenga.<\/p>\n\n\n\n<p>H\u00e1 oito anos, o Trakinagem realiza oficinas gratuitas de audiovisual em Uberl\u00e2ndia, aproximando crian\u00e7as e adolescentes do cinema como linguagem, ferramenta de express\u00e3o e instrumento de aprendizagem. No Webn\u00e1rio Trakinagem Cinema e Educa\u00e7\u00e3o, Clarisse contribui para aprofundar o debate sobre como o cinema pode ampliar repert\u00f3rios, sensibilidades e leituras de mundo, dialogando com pais, educadores e demais interessados no tema de forma acess\u00edvel e objetiva. O conte\u00fado j\u00e1 est\u00e1 dispon\u00edvel no canal do projeto no YouTube: <a href=\"http:\/\/www.youtube.com\/@TrakinagemCine\"><strong>www.youtube.com\/@TrakinagemCine<\/strong><\/a> \/  <a href=\"https:\/\/youtu.be\/-EymFD_YLIc\">https:\/\/youtu.be\/-EymFD_YLIc<\/a><\/p>\n\n\n\n<p>Com atua\u00e7\u00e3o na Rede KINO, dedicada \u00e0 promo\u00e7\u00e3o de projetos de cinema em escolas e tamb\u00e9m em espa\u00e7os educativos n\u00e3o formais, como ONGs, entidades de classe e cineclubes, Clarisse destaca a import\u00e2ncia de acompanhar com mais aten\u00e7\u00e3o o universo audiovisual consumido por crian\u00e7as e jovens. \u201c\u00c9 fundamental assistir com eles ao que circula no cotidiano e, mais do que isso, apresentar outras obras, outras narrativas e outras possibilidades est\u00e9ticas, para ampliar seu repert\u00f3rio. N\u00e3o se trata apenas de classificar o que veem como bom ou ruim, mas de criar oportunidades de acesso a experi\u00eancias audiovisuais que possam enriquecer sua forma\u00e7\u00e3o\u201d, afirma.<\/p>\n\n\n\n<p>A oitava edi\u00e7\u00e3o, iniciada em agosto de 2025, foi realizada pela produtora O Sopro do Tempo, com patroc\u00ednio do Instituto Algar, por meio da Lei Estadual de Incentivo \u00e0 Cultura de Minas Gerais.<\/p>\n\n\n\n<p>Entre os diversos projetos coordenados por Clarisse na Casa de Cinema da UFMG, est\u00e1 o trabalho voltado \u00e0 forma\u00e7\u00e3o de educadores e cineastas ind\u00edgenas. \u201cO cinema ind\u00edgena n\u00e3o interessa apenas aos povos ind\u00edgenas, mas a toda a sociedade. Ele nos permite compreender que o Brasil \u00e9 constitu\u00eddo por m\u00faltiplas culturas, povos e diferentes maneiras de produzir e compreender as imagens\u201d, destaca a cineasta.<\/p>\n\n\n\n<p>Para Cristiano Barbosa, idealizador do Trakinagem, a contribui\u00e7\u00e3o de Clarisse Alvarenga refor\u00e7a uma reflex\u00e3o urgente em um momento em que o celular e as imagens em movimento j\u00e1 fazem parte do cotidiano de crian\u00e7as e adolescentes. \u201cAs oficinas do Trakinagem partem do conhecimento que eles j\u00e1 possuem, porque muitos j\u00e1 sabem filmar e registrar o mundo ao redor. O nosso papel \u00e9 ampliar esse repert\u00f3rio e, principalmente, desenvolver sensibilidade e olhar cr\u00edtico, para que possam experimentar outras formas de perceber, interpretar e expressar seus cotidianos por meio do audiovisual, de maneira mais consciente e criativa\u201d, afirma.<\/p>\n\n\n\n<p><strong>Balan\u00e7o da 8\u00aa edi\u00e7\u00e3o<\/strong><\/p>\n\n\n\n<p>Em 2025, o Trakinagem realizou sua oitava edi\u00e7\u00e3o, com sete oficinas em seis institui\u00e7\u00f5es parceiras localizadas na periferia de Uberl\u00e2ndia. Os encontros resultaram na produ\u00e7\u00e3o de 15 curtas-metragens, com at\u00e9 cinco minutos de dura\u00e7\u00e3o, abordando temas relacionados ao meio ambiente e \u00e0 diversidade sociocultural, com a participa\u00e7\u00e3o de 158 crian\u00e7as e adolescentes de 9 a 15 anos.<\/p>\n\n\n\n<p>Tamb\u00e9m foram promovidas seis sess\u00f5es de exibi\u00e7\u00e3o dos filmes produzidos nas oficinas, realizadas nas pr\u00f3prias institui\u00e7\u00f5es parceiras e em escolas p\u00fablicas da rede municipal, alcan\u00e7ando 2.710 espectadores.<\/p>\n\n\n\n<p>Devido \u00e0 boa gest\u00e3o dos recursos do projeto, a equipe viabilizou ainda uma oficina extra no Ticote, uma das institui\u00e7\u00f5es parceiras, que resultou em mais tr\u00eas curtas: Dirigir a vida, No controle e O Mundo mudou, produzidos com a participa\u00e7\u00e3o de 18 jovens de 9 a 15 anos. Todos os filmes est\u00e3o dispon\u00edveis no canal do projeto no YouTube.<\/p>\n\n\n\n<p><strong>Confira os principais projetos de Cinema e Educa\u00e7\u00e3o do Brasil e Am\u00e9rica Latina<\/strong><\/p>\n\n\n\n<p>@redekino<\/p>\n\n\n\n<p>@inventarcomadiferenca<\/p>\n\n\n\n<p>@cinead_lecav<\/p>\n\n\n\n<p>@casadecinema.ufmg<\/p>\n\n\n\n<p>@alfabetizacaoaudiovisual<\/p>\n\n\n\n<figure class=\"wp-block-image size-full\"><img loading=\"lazy\" decoding=\"async\" width=\"760\" height=\"370\" src=\"https:\/\/revistahubclub.com.br\/portal\/wp-content\/uploads\/2026\/04\/web.png\" alt=\"\" class=\"wp-image-13244\" srcset=\"https:\/\/revistahubclub.com.br\/portal\/wp-content\/uploads\/2026\/04\/web.png 760w, https:\/\/revistahubclub.com.br\/portal\/wp-content\/uploads\/2026\/04\/web-300x146.png 300w\" sizes=\"auto, (max-width: 760px) 100vw, 760px\" \/><\/figure>\n","protected":false},"excerpt":{"rendered":"<p>Conte\u00fado gratuito com Clarisse Alvarenga, j\u00e1 dispon\u00edvel no YouTube, refor\u00e7a o papel do audiovisual na amplia\u00e7\u00e3o de repert\u00f3rio, da sensibilidade e do pensamento cr\u00edtico de crian\u00e7as e adolescentes O projeto<\/p>\n","protected":false},"author":2,"featured_media":13244,"comment_status":"open","ping_status":"open","sticky":false,"template":"","format":"standard","meta":{"footnotes":""},"categories":[1],"tags":[],"class_list":["post-13243","post","type-post","status-publish","format-standard","has-post-thumbnail","hentry","category-noticias"],"_links":{"self":[{"href":"https:\/\/revistahubclub.com.br\/portal\/wp-json\/wp\/v2\/posts\/13243","targetHints":{"allow":["GET"]}}],"collection":[{"href":"https:\/\/revistahubclub.com.br\/portal\/wp-json\/wp\/v2\/posts"}],"about":[{"href":"https:\/\/revistahubclub.com.br\/portal\/wp-json\/wp\/v2\/types\/post"}],"author":[{"embeddable":true,"href":"https:\/\/revistahubclub.com.br\/portal\/wp-json\/wp\/v2\/users\/2"}],"replies":[{"embeddable":true,"href":"https:\/\/revistahubclub.com.br\/portal\/wp-json\/wp\/v2\/comments?post=13243"}],"version-history":[{"count":2,"href":"https:\/\/revistahubclub.com.br\/portal\/wp-json\/wp\/v2\/posts\/13243\/revisions"}],"predecessor-version":[{"id":13246,"href":"https:\/\/revistahubclub.com.br\/portal\/wp-json\/wp\/v2\/posts\/13243\/revisions\/13246"}],"wp:featuredmedia":[{"embeddable":true,"href":"https:\/\/revistahubclub.com.br\/portal\/wp-json\/wp\/v2\/media\/13244"}],"wp:attachment":[{"href":"https:\/\/revistahubclub.com.br\/portal\/wp-json\/wp\/v2\/media?parent=13243"}],"wp:term":[{"taxonomy":"category","embeddable":true,"href":"https:\/\/revistahubclub.com.br\/portal\/wp-json\/wp\/v2\/categories?post=13243"},{"taxonomy":"post_tag","embeddable":true,"href":"https:\/\/revistahubclub.com.br\/portal\/wp-json\/wp\/v2\/tags?post=13243"}],"curies":[{"name":"wp","href":"https:\/\/api.w.org\/{rel}","templated":true}]}}