{"id":13256,"date":"2026-04-28T10:37:43","date_gmt":"2026-04-28T13:37:43","guid":{"rendered":"https:\/\/revistahubclub.com.br\/portal\/?p=13256"},"modified":"2026-04-28T10:37:43","modified_gmt":"2026-04-28T13:37:43","slug":"cdl-uberlandia-informa-horario-de-funcionamento-no-dia-do-trabalhador","status":"publish","type":"post","link":"https:\/\/revistahubclub.com.br\/portal\/2026\/04\/28\/cdl-uberlandia-informa-horario-de-funcionamento-no-dia-do-trabalhador\/","title":{"rendered":"CDL Uberl\u00e2ndia informa hor\u00e1rio de funcionamento no Dia do Trabalhador\u00a0"},"content":{"rendered":"\n<p><\/p>\n\n\n\n<p>A CDL comunica que as empresas do com\u00e9rcio varejista de bens e servi\u00e7os&nbsp;e as do com\u00e9rcio de g\u00eaneros aliment\u00edcios e afins,&nbsp;n\u00e3o poder\u00e3o funcionarno&nbsp;<strong>Dia do Trabalhador<\/strong>, feriado nacional comemorado em 1\u00ba de maio, da Conven\u00e7\u00e3o Coletiva de Trabalho 2025\/2026, firmada entre o Sindicato dos Empregados no Com\u00e9rcio de Uberl\u00e2ndia e Araguari \u2013 SECUA e o Sindicato do Com\u00e9rcio de Uberl\u00e2ndia \u2013 SINDICOM\u00c9RCIO.<\/p>\n\n\n\n<p>A CDL de Uberl\u00e2ndia tamb\u00e9m informa que o canal de consulta online ao SPC permanecer\u00e1 dispon\u00edvel durante o feriado, com acesso pelo site oficial da entidade:&nbsp;<a href=\"http:\/\/www.cdludi.org.br\/\" target=\"_blank\" rel=\"noreferrer noopener\"><strong>www.cdludi.org.br<\/strong><\/a>&nbsp;.<\/p>\n\n\n\n<p>Para mais informa\u00e7\u00f5es, a CDL Uberl\u00e2ndia se coloca \u00e0 disposi\u00e7\u00e3o dos associados.<\/p>\n\n\n<figure class=\"wp-block-post-featured-image\"><img loading=\"lazy\" decoding=\"async\" width=\"659\" height=\"362\" src=\"https:\/\/revistahubclub.com.br\/portal\/wp-content\/uploads\/2026\/04\/CDL25.png\" class=\"attachment-post-thumbnail size-post-thumbnail wp-post-image\" alt=\"\" style=\"object-fit:cover;\" srcset=\"https:\/\/revistahubclub.com.br\/portal\/wp-content\/uploads\/2026\/04\/CDL25.png 659w, https:\/\/revistahubclub.com.br\/portal\/wp-content\/uploads\/2026\/04\/CDL25-300x165.png 300w\" sizes=\"auto, (max-width: 659px) 100vw, 659px\" \/><\/figure>","protected":false},"excerpt":{"rendered":"<p>A CDL comunica que as empresas do com\u00e9rcio varejista de bens e servi\u00e7os&nbsp;e as do com\u00e9rcio de g\u00eaneros aliment\u00edcios e afins,&nbsp;n\u00e3o poder\u00e3o funcionarno&nbsp;Dia do Trabalhador, feriado nacional comemorado em 1\u00ba<\/p>\n","protected":false},"author":2,"featured_media":13257,"comment_status":"open","ping_status":"open","sticky":false,"template":"","format":"standard","meta":{"footnotes":""},"categories":[1],"tags":[],"class_list":["post-13256","post","type-post","status-publish","format-standard","has-post-thumbnail","hentry","category-noticias"],"_links":{"self":[{"href":"https:\/\/revistahubclub.com.br\/portal\/wp-json\/wp\/v2\/posts\/13256","targetHints":{"allow":["GET"]}}],"collection":[{"href":"https:\/\/revistahubclub.com.br\/portal\/wp-json\/wp\/v2\/posts"}],"about":[{"href":"https:\/\/revistahubclub.com.br\/portal\/wp-json\/wp\/v2\/types\/post"}],"author":[{"embeddable":true,"href":"https:\/\/revistahubclub.com.br\/portal\/wp-json\/wp\/v2\/users\/2"}],"replies":[{"embeddable":true,"href":"https:\/\/revistahubclub.com.br\/portal\/wp-json\/wp\/v2\/comments?post=13256"}],"version-history":[{"count":1,"href":"https:\/\/revistahubclub.com.br\/portal\/wp-json\/wp\/v2\/posts\/13256\/revisions"}],"predecessor-version":[{"id":13258,"href":"https:\/\/revistahubclub.com.br\/portal\/wp-json\/wp\/v2\/posts\/13256\/revisions\/13258"}],"wp:featuredmedia":[{"embeddable":true,"href":"https:\/\/revistahubclub.com.br\/portal\/wp-json\/wp\/v2\/media\/13257"}],"wp:attachment":[{"href":"https:\/\/revistahubclub.com.br\/portal\/wp-json\/wp\/v2\/media?parent=13256"}],"wp:term":[{"taxonomy":"category","embeddable":true,"href":"https:\/\/revistahubclub.com.br\/portal\/wp-json\/wp\/v2\/categories?post=13256"},{"taxonomy":"post_tag","embeddable":true,"href":"https:\/\/revistahubclub.com.br\/portal\/wp-json\/wp\/v2\/tags?post=13256"}],"curies":[{"name":"wp","href":"https:\/\/api.w.org\/{rel}","templated":true}]}}