{"id":168,"date":"2024-11-08T14:00:23","date_gmt":"2024-11-08T17:00:23","guid":{"rendered":"https:\/\/revistahubclub.com.br\/portal\/?p=168"},"modified":"2024-12-11T14:03:01","modified_gmt":"2024-12-11T17:03:01","slug":"rota-turistica-do-cafe-do-cerrado-mineiro","status":"publish","type":"post","link":"https:\/\/revistahubclub.com.br\/portal\/2024\/11\/08\/rota-turistica-do-cafe-do-cerrado-mineiro\/","title":{"rendered":"Rota Tur\u00edstica do Caf\u00e9 do Cerrado Mineiro"},"content":{"rendered":"\n<p id=\"viewer-rtphv403\">Com o fortalecimento do turismo rural, a Rota Tur\u00edstica do Caf\u00e9 do Cerrado Mineiro foi lan\u00e7ada no fim do ano passado em Patroc\u00ednio (MG), munic\u00edpio que lidera a produ\u00e7\u00e3o de caf\u00e9 no Brasil. A iniciativa conta com o apoio do Sebrae Minas, de entidades locais, do Governo de Minas Gerais, por meio da Secretaria de Cultura e Turismo (Secult), das Inst\u00e2ncias de Governan\u00e7a Regionais (IGRs) e de produtores da regi\u00e3o.<\/p>\n\n\n\n<p id=\"viewer-46yeh390\">A Rota oferece uma experi\u00eancia completa aos turistas, desde a visita \u00e0s fazendas produtoras at\u00e9 a degusta\u00e7\u00e3o de caf\u00e9s especiais, explorando as caracter\u00edsticas \u00fanicas do gr\u00e3o cultivado no Cerrado Mineiro. O roteiro inclui visitas a planta\u00e7\u00f5es e processos de cultivo, al\u00e9m de experi\u00eancias gastron\u00f4micas com pratos t\u00edpicos da regi\u00e3o e a degusta\u00e7\u00e3o do tradicional Caf\u00e9 Cerrado Mineiro.<\/p>\n\n\n\n<figure class=\"wp-block-image size-full is-resized\"><img loading=\"lazy\" decoding=\"async\" width=\"350\" height=\"447\" src=\"https:\/\/revistahubclub.com.br\/portal\/wp-content\/uploads\/2024\/12\/faf46e_cd97cc4592d14892b7d92169ea0592efmv2.webp\" alt=\"\" class=\"wp-image-169\" style=\"width:840px;height:auto\" srcset=\"https:\/\/revistahubclub.com.br\/portal\/wp-content\/uploads\/2024\/12\/faf46e_cd97cc4592d14892b7d92169ea0592efmv2.webp 350w, https:\/\/revistahubclub.com.br\/portal\/wp-content\/uploads\/2024\/12\/faf46e_cd97cc4592d14892b7d92169ea0592efmv2-235x300.webp 235w\" sizes=\"auto, (max-width: 350px) 100vw, 350px\" \/><\/figure>\n\n\n\n<p id=\"viewer-oe0lf444\">Cada passeio, que dura cerca de tr\u00eas horas, \u00e9 personalizado para grupos de seis a oito pessoas e pode ser agendado diretamente no Porto Feliz Caf\u00e9. Durante o tour, os visitantes conhecem o processo de produ\u00e7\u00e3o, pr\u00e1ticas de sustentabilidade e a hist\u00f3ria de cada fazenda, encerrando com uma degusta\u00e7\u00e3o de caf\u00e9s especiais acompanhada de quitutes locais.<\/p>\n\n\n\n<p id=\"viewer-7ks5h429\">Al\u00e9m das fazendas, a rota inclui os restaurantes Recanto da Serra, Jamaica e Tra\u00edra\u2019s Fil\u00e9, al\u00e9m da tradicional Cafeteria Dulcerrado, proporcionando uma experi\u00eancia completa que une gastronomia e cultura.<\/p>\n\n\n\n<p id=\"viewer-h14j2489\">Minas Gerais, o maior estado produtor do pa\u00eds, contribui significativamente para que o Brasil mantenha sua lideran\u00e7a global nas exporta\u00e7\u00f5es de caf\u00e9. Al\u00e9m de promover o turismo, a rota gera emprego e renda para as comunidades locais, conectando o caf\u00e9 ao consumidor de maneira inovadora.<\/p>\n\n\n\n<figure class=\"wp-block-image size-full is-resized\"><img loading=\"lazy\" decoding=\"async\" width=\"709\" height=\"428\" src=\"https:\/\/revistahubclub.com.br\/portal\/wp-content\/uploads\/2024\/12\/faf46e_55f6ce8b76ce49788b550fee3f6e1854mv2.webp\" alt=\"\" class=\"wp-image-170\" style=\"width:840px;height:auto\" srcset=\"https:\/\/revistahubclub.com.br\/portal\/wp-content\/uploads\/2024\/12\/faf46e_55f6ce8b76ce49788b550fee3f6e1854mv2.webp 709w, https:\/\/revistahubclub.com.br\/portal\/wp-content\/uploads\/2024\/12\/faf46e_55f6ce8b76ce49788b550fee3f6e1854mv2-300x181.webp 300w\" sizes=\"auto, (max-width: 709px) 100vw, 709px\" \/><\/figure>\n\n\n\n<p id=\"viewer-7aozy499\">A Regi\u00e3o do Tri\u00e2ngulo Mineiro (RCM) foi a primeira no pa\u00eds a receber o selo de Denomina\u00e7\u00e3o de Origem (DO), homologado pelo Instituto Nacional da Propriedade Industrial (INPI) em 2013. Hoje, a RCM abrange 55 munic\u00edpios e uma \u00e1rea cultivada de aproximadamente 250 mil hectares, produzindo em m\u00e9dia seis milh\u00f5es de sacas de 60 kg por ano.<\/p>\n\n\n\n<p id=\"viewer-i5fic519\">Esse volume representa 25,4% da produ\u00e7\u00e3o de caf\u00e9 em Minas Gerais e 12,7% da produ\u00e7\u00e3o nacional. Juliano Tarabal, diretor executivo da Federa\u00e7\u00e3o dos Cafeicultores do Cerrado, destaca que a rota \u00e9 uma estrat\u00e9gia de promo\u00e7\u00e3o e est\u00e1 conectada \u00e0 marca Cerrado Mineiro.<\/p>\n\n\n\n<p id=\"viewer-cvmlz509\">\u201cA rota vem para conectar o caf\u00e9 com o consumidor, promover experi\u00eancias e gerar o desenvolvimento da regi\u00e3o, criando nova fonte de neg\u00f3cios que \u00e9 o turismo\u201d, afirma. O Sebrae Minas desempenhou um papel fundamental na estrutura\u00e7\u00e3o da rota, que contempla quatro fazendas de diferentes portes: Nunes Coffee, Agro Beloni, Montanari e Alado Coffee, localizadas em um raio de at\u00e9 100 km de Patroc\u00ednio.<\/p>\n\n\n\n<p id=\"viewer-0kjhg701\">\u201cA Regi\u00e3o do Cerrado Mineiro \u00e9 reconhecida, internacionalmente, pela excel\u00eancia e sustentabilidade na produ\u00e7\u00e3o de caf\u00e9s especiais. Para aproximar ainda mais consumidores e coffee lovers, nasce a Rota do Caf\u00e9 do Cerrado, que permite aos turistas e visitantes uma experi\u00eancia real de nosso terroir. Al\u00e9m disso, promove a conex\u00e3o com o trade tur\u00edstico: hotel, bares e restaurantes promovem a captura e distribui\u00e7\u00e3o de valor, contribuindo para o desenvolvimento econ\u00f4mico\u201d, destaca o gerente do Sebrae Minas na Regional Noroeste e Alto Parana\u00edba, Marcos Alves.<\/p>\n\n\n\n<p id=\"viewer-4msz5545\">Para garantir um atendimento de excel\u00eancia ao cliente e uma boa experi\u00eancia, o projeto tamb\u00e9m inclui a\u00e7\u00f5es voltadas para a capacita\u00e7\u00e3o de donos de pequenos neg\u00f3cios que fazem parte da cadeia produtiva associada ao turismo da cidade, como hot\u00e9is, pousadas, bares e restaurantes.<\/p>\n\n\n\n<figure class=\"wp-block-image size-full is-resized\"><img loading=\"lazy\" decoding=\"async\" width=\"755\" height=\"270\" src=\"https:\/\/revistahubclub.com.br\/portal\/wp-content\/uploads\/2024\/12\/Captura-de-tela-2024-12-11-140123.png\" alt=\"\" class=\"wp-image-171\" style=\"width:840px;height:auto\" srcset=\"https:\/\/revistahubclub.com.br\/portal\/wp-content\/uploads\/2024\/12\/Captura-de-tela-2024-12-11-140123.png 755w, https:\/\/revistahubclub.com.br\/portal\/wp-content\/uploads\/2024\/12\/Captura-de-tela-2024-12-11-140123-300x107.png 300w\" sizes=\"auto, (max-width: 755px) 100vw, 755px\" \/><\/figure>\n","protected":false},"excerpt":{"rendered":"<p>Com o fortalecimento do turismo rural, a Rota Tur\u00edstica do Caf\u00e9 do Cerrado Mineiro foi lan\u00e7ada no fim do ano passado em Patroc\u00ednio (MG), munic\u00edpio que lidera a produ\u00e7\u00e3o de<\/p>\n","protected":false},"author":1,"featured_media":172,"comment_status":"open","ping_status":"open","sticky":false,"template":"","format":"standard","meta":{"footnotes":""},"categories":[1],"tags":[],"class_list":["post-168","post","type-post","status-publish","format-standard","has-post-thumbnail","hentry","category-noticias"],"_links":{"self":[{"href":"https:\/\/revistahubclub.com.br\/portal\/wp-json\/wp\/v2\/posts\/168","targetHints":{"allow":["GET"]}}],"collection":[{"href":"https:\/\/revistahubclub.com.br\/portal\/wp-json\/wp\/v2\/posts"}],"about":[{"href":"https:\/\/revistahubclub.com.br\/portal\/wp-json\/wp\/v2\/types\/post"}],"author":[{"embeddable":true,"href":"https:\/\/revistahubclub.com.br\/portal\/wp-json\/wp\/v2\/users\/1"}],"replies":[{"embeddable":true,"href":"https:\/\/revistahubclub.com.br\/portal\/wp-json\/wp\/v2\/comments?post=168"}],"version-history":[{"count":1,"href":"https:\/\/revistahubclub.com.br\/portal\/wp-json\/wp\/v2\/posts\/168\/revisions"}],"predecessor-version":[{"id":173,"href":"https:\/\/revistahubclub.com.br\/portal\/wp-json\/wp\/v2\/posts\/168\/revisions\/173"}],"wp:featuredmedia":[{"embeddable":true,"href":"https:\/\/revistahubclub.com.br\/portal\/wp-json\/wp\/v2\/media\/172"}],"wp:attachment":[{"href":"https:\/\/revistahubclub.com.br\/portal\/wp-json\/wp\/v2\/media?parent=168"}],"wp:term":[{"taxonomy":"category","embeddable":true,"href":"https:\/\/revistahubclub.com.br\/portal\/wp-json\/wp\/v2\/categories?post=168"},{"taxonomy":"post_tag","embeddable":true,"href":"https:\/\/revistahubclub.com.br\/portal\/wp-json\/wp\/v2\/tags?post=168"}],"curies":[{"name":"wp","href":"https:\/\/api.w.org\/{rel}","templated":true}]}}