{"id":177,"date":"2024-11-07T14:04:02","date_gmt":"2024-11-07T17:04:02","guid":{"rendered":"https:\/\/revistahubclub.com.br\/portal\/?p=177"},"modified":"2024-12-11T14:04:46","modified_gmt":"2024-12-11T17:04:46","slug":"cafes-da-regiao-do-cerrado-mineiro-entre-os-melhores-no-cup-of-excellence-2024","status":"publish","type":"post","link":"https:\/\/revistahubclub.com.br\/portal\/2024\/11\/07\/cafes-da-regiao-do-cerrado-mineiro-entre-os-melhores-no-cup-of-excellence-2024\/","title":{"rendered":"Caf\u00e9s da Regi\u00e3o do Cerrado Mineiro entre os melhores no Cup of Excellence 2024"},"content":{"rendered":"\n<p id=\"viewer-zp7s234\">Com 13 amostras finalistas, Cerrado Mineiro refor\u00e7a sua posi\u00e7\u00e3o de excel\u00eancia no principal concurso de caf\u00e9s especiais do mundo<\/p>\n\n\n\n<p id=\"viewer-5at1i36\">&nbsp;<\/p>\n\n\n\n<p id=\"viewer-q1kna38\">Dois produtores do Cerrado Mineiro venceram o concurso internacional Cup of Excellence 2024, que ocorreu em Franca, S\u00e3o Paulo, no \u00faltimo dia 2 de novembro. Considerado o principal pr\u00eamio de qualidade para caf\u00e9s, o concurso \u00e9 promovido pela Associa\u00e7\u00e3o Brasileira de Caf\u00e9s Especiais (BSCA), em parceria com a Ag\u00eancia Brasileira de Promo\u00e7\u00e3o de Exporta\u00e7\u00f5es e Investimentos (Apex-Brasil) e a Alliance for Coffee Excellence (ACE). Ao todo, 13 amostras da regi\u00e3o figuraram entre as vencedoras, consolidando o Cerrado Mineiro como uma refer\u00eancia na produ\u00e7\u00e3o de caf\u00e9s especiais.<\/p>\n\n\n\n<p id=\"viewer-tf08g40\">A competi\u00e7\u00e3o deste ano, que celebrou sua 25\u00aa edi\u00e7\u00e3o, teve 40 amostras finalistas, distribu\u00eddas nas categorias Experimental, Via Seca e Via \u00damida.<\/p>\n\n\n\n<p id=\"viewer-gkclo125\"><strong>Categoria Experimental<\/strong><\/p>\n\n\n\n<p id=\"viewer-y9e2t44\">Na categoria Experimental, que avalia caf\u00e9s fermentados de forma induzida, o produtor Marcelo Assis Nogueira, da Bioma Caf\u00e9 \u2013 M&amp;F Coffee, em Campos Altos, conquistou o primeiro lugar. Com uma pontua\u00e7\u00e3o de 93,14, o caf\u00e9 de Nogueira obteve a nota mais alta de todo o concurso. Outros lotes da Bioma Caf\u00e9 tamb\u00e9m ficaram entre os melhores: segundo e sexto lugares na categoria Via \u00damida, al\u00e9m do oitavo e 12\u00ba na categoria Via Seca.<\/p>\n\n\n\n<p id=\"viewer-vs32u46\">Tamb\u00e9m na categoria Experimental, Fabiano Ferreira da Silva, da Fazenda Queixadas\/Cachoeira e Palmital, em Campos Altos, e a Abex Exporta\u00e7\u00e3o e Com\u00e9rcio de Caf\u00e9 Ltda, da Fazenda Lagoa Seca, em Serra do Salitre, conquistaram, respectivamente, o terceiro e o quarto lugares.<\/p>\n\n\n\n<p id=\"viewer-z7kkl48\">\u201cEstamos orgulhosos de ver o trabalho da Bioma Caf\u00e9 sendo reconhecido. Passamos por muitos desafios nos \u00faltimos anos, incluindo problemas clim\u00e1ticos, que exigiram resili\u00eancia. Perdemos cerca de 80% da safra de 2021\/2022 devido ao clima, mas mantivemos a excel\u00eancia na produ\u00e7\u00e3o de caf\u00e9s de alta qualidade. Esse pr\u00eamio \u00e9 m\u00e9rito de toda a equipe, que se dedica desde o plantio at\u00e9 o p\u00f3s-colheita para alcan\u00e7ar esse n\u00edvel de excel\u00eancia. Temos parceiros e consultorias que contribuem para o sucesso. Valorizamos o solo e as pessoas, e temos muito orgulho de representar o cerrado com resultados recordes. Esperamos inspirar mais pessoas a conquistarem bons resultados e a terem resili\u00eancia\u201d, ressalta Marcelo Assis Nogueira, s\u00f3cio-diretor da Bioma Caf\u00e9 \u2013 M&amp;F Coffee.<\/p>\n\n\n\n<p id=\"viewer-cn7po152\"><strong>Categoria Via \u00damida<\/strong><\/p>\n\n\n\n<p id=\"viewer-xfz7m52\">J\u00e1 na categoria Via \u00damida, que avalia caf\u00e9s despolpados, desmucilados e cerejas descascados, o Cerrado Mineiro foi representado com excel\u00eancia pelo produtor Vitor Marcelo Queiroz Barbosa, da Fazenda Sobro e Bonito de Cima \u2013 D\u2019Barbosa Coffee, localizada em Coromandel. Seu lote recebeu a nota de 91,93, assegurando o primeiro lugar na categoria. Fl\u00e1vio Marcio Ferreira da Silva, da Fazenda Olhos D\u2019\u00c1gua, tamb\u00e9m de Campos Altos, alcan\u00e7ou o segundo lugar, enquanto Marcelo Assis Nogueira, da Fazenda Pared\u00e3o, ficou com o sexto lugar.<\/p>\n\n\n\n<p id=\"viewer-anarj54\">Segundo Vitor Marcelo Queiroz Barbosa, s\u00f3cio da D\u2019Barbosa Coffee, trazer esse pr\u00eamio para o Cerrado Mineiro e para a Expocacer \u00e9 uma grande emo\u00e7\u00e3o e orgulho para a empresa. &#8220;Para n\u00f3s da D&#8217;Barbosa Coffee, 2024 foi um ano desafiador. Enfrentamos temperaturas elevadas e escassez de chuvas, o que resultou em uma safra com gr\u00e3os menores. Est\u00e1vamos preocupados com a qualidade, mas o trabalho incans\u00e1vel do nosso time fez a diferen\u00e7a. Quando provamos os caf\u00e9s, ficamos positivamente surpresos com a qualidade, que superou nossas expectativas. Receber o pr\u00eamio Cup of Excellence n\u00e3o \u00e9 s\u00f3 uma conquista minha, mas de toda a equipe. Estamos muito orgulhosos de representar o Cerrado Mineiro, valorizando o brilho dessa regi\u00e3o.&#8221;, afirma Vitor Marcelo.<\/p>\n\n\n\n<p id=\"viewer-3is7q56\">O Cup of Excellence abre oportunidades para produtores brasileiros de caf\u00e9 ar\u00e1bica exporem seus produtos a um mercado global, como parte do Plano Internacional de Marketing da BSCA para a promo\u00e7\u00e3o dos caf\u00e9s especiais do Brasil. Em dezembro, os lotes vencedores estar\u00e3o em um leil\u00e3o on-line, com compradores internacionais prontos para adquirir alguns dos melhores caf\u00e9s do mundo.<\/p>\n\n\n\n<p id=\"viewer-22ayi179\"><strong>Reconhecimento no Cerrado Mineiro<\/strong><\/p>\n\n\n\n<p id=\"viewer-cr6ux60\">\u201cA performance do Cerrado Mineiro, que colocou 13 amostras entre as finalistas, refor\u00e7a a reputa\u00e7\u00e3o dessa regi\u00e3o, pioneira na Denomina\u00e7\u00e3o de Origem (DO) para caf\u00e9 no Brasil, como produtora de gr\u00e3os com caracter\u00edsticas \u00fanicas e alta qualidade. Esse reconhecimento mant\u00e9m o Brasil em destaque no cen\u00e1rio global de caf\u00e9s especiais\u201d, destaca Juliano Tarabal, diretor executivo da Federa\u00e7\u00e3o dos Cafeicultores do Cerrado.<\/p>\n\n\n\n<p id=\"viewer-maspg62\">&#8220;Em nome da Carmocer quero parabenizar nossos cooperados, Marcelo Assis e Fl\u00e1vio M\u00e1rcio, s\u00f3cios da Bioma Caf\u00e9, pela extraordin\u00e1ria conquista do primeiro lugar na BSCA 2024, na categoria Experimental. Este \u00e9 um feito not\u00e1vel, um recorde para caf\u00e9s especiais e um verdadeiro reconhecimento do trabalho \u00e1rduo e da paix\u00e3o que esses dois produtores dedicam \u00e0 cafeicultura. Agrade\u00e7o imensamente pela confian\u00e7a depositada na equipe de qualidade da Carmocer e por representarem, com tanto orgulho e compet\u00eancia, a nossa regi\u00e3o do Cerrado Mineiro, tanto no Brasil quanto no exterior. Voc\u00eas elevam o nome da nossa cooperativa e da nossa terra, mostrando ao mundo a for\u00e7a e a qualidade dos caf\u00e9s produzidos aqui&#8221;, ressalta Cleber Wilhiam Ribeiro do Amaral, diretor presidente da Carmocer.<\/p>\n\n\n\n<p id=\"viewer-rlj6v64\">\u201cA conquista no COE \u00e9 um marco importante n\u00e3o apenas para a cooperativa, mas tamb\u00e9m para toda a cafeicultura do Cerrado Mineiro. Esse pr\u00eamio \u00e9 o reflexo do esfor\u00e7o de todos os cooperados, que investem continuamente em boas pr\u00e1ticas agr\u00edcolas, tecnologias sustent\u00e1veis e na busca pela qualidade superior de seus gr\u00e3os. Para n\u00f3s, da Expocacer, \u00e9 um grande orgulho ver os nossos cooperados recebendo reconhecimento mundial pela qualidade do seu caf\u00e9\u201d, avalia Fernando Nogues Beloni, presidente do Conselho de Administra\u00e7\u00e3o da Expocacer.<\/p>\n\n\n\n<p id=\"viewer-ofskg66\">\u201cEm nome da CARPEC, manifestamos nossa satisfa\u00e7\u00e3o e orgulho em fazer parte da regi\u00e3o do Cerrado Mineiro, que \u00e9 refer\u00eancia na produ\u00e7\u00e3o de caf\u00e9s de alt\u00edssima qualidade. Parabenizamos todos os produtores que foram premiados no Cup of Excellence, cooperados ou n\u00e3o, que contribuem para a excel\u00eancia na produ\u00e7\u00e3o. Seguimos juntos para que o Cerrado Mineiro continue se destacando pela qualidade de seu caf\u00e9\u201d, conclui Tarc\u00edsio Daniel da Silva, diretor presidente da Carpec.<\/p>\n","protected":false},"excerpt":{"rendered":"<p>Com 13 amostras finalistas, Cerrado Mineiro refor\u00e7a sua posi\u00e7\u00e3o de excel\u00eancia no principal concurso de caf\u00e9s especiais do mundo &nbsp; Dois produtores do Cerrado Mineiro venceram o concurso internacional Cup<\/p>\n","protected":false},"author":1,"featured_media":178,"comment_status":"open","ping_status":"open","sticky":false,"template":"","format":"standard","meta":{"footnotes":""},"categories":[1],"tags":[],"class_list":["post-177","post","type-post","status-publish","format-standard","has-post-thumbnail","hentry","category-noticias"],"_links":{"self":[{"href":"https:\/\/revistahubclub.com.br\/portal\/wp-json\/wp\/v2\/posts\/177","targetHints":{"allow":["GET"]}}],"collection":[{"href":"https:\/\/revistahubclub.com.br\/portal\/wp-json\/wp\/v2\/posts"}],"about":[{"href":"https:\/\/revistahubclub.com.br\/portal\/wp-json\/wp\/v2\/types\/post"}],"author":[{"embeddable":true,"href":"https:\/\/revistahubclub.com.br\/portal\/wp-json\/wp\/v2\/users\/1"}],"replies":[{"embeddable":true,"href":"https:\/\/revistahubclub.com.br\/portal\/wp-json\/wp\/v2\/comments?post=177"}],"version-history":[{"count":1,"href":"https:\/\/revistahubclub.com.br\/portal\/wp-json\/wp\/v2\/posts\/177\/revisions"}],"predecessor-version":[{"id":179,"href":"https:\/\/revistahubclub.com.br\/portal\/wp-json\/wp\/v2\/posts\/177\/revisions\/179"}],"wp:featuredmedia":[{"embeddable":true,"href":"https:\/\/revistahubclub.com.br\/portal\/wp-json\/wp\/v2\/media\/178"}],"wp:attachment":[{"href":"https:\/\/revistahubclub.com.br\/portal\/wp-json\/wp\/v2\/media?parent=177"}],"wp:term":[{"taxonomy":"category","embeddable":true,"href":"https:\/\/revistahubclub.com.br\/portal\/wp-json\/wp\/v2\/categories?post=177"},{"taxonomy":"post_tag","embeddable":true,"href":"https:\/\/revistahubclub.com.br\/portal\/wp-json\/wp\/v2\/tags?post=177"}],"curies":[{"name":"wp","href":"https:\/\/api.w.org\/{rel}","templated":true}]}}