{"id":1937,"date":"2024-03-22T10:53:00","date_gmt":"2024-03-22T13:53:00","guid":{"rendered":"https:\/\/revistahubclub.com.br\/portal\/?p=1937"},"modified":"2024-12-13T10:54:12","modified_gmt":"2024-12-13T13:54:12","slug":"confira-a-programacao-completa-da-femec-2024-em-uberlandia","status":"publish","type":"post","link":"https:\/\/revistahubclub.com.br\/portal\/2024\/03\/22\/confira-a-programacao-completa-da-femec-2024-em-uberlandia\/","title":{"rendered":"Confira a programa\u00e7\u00e3o completa da Femec 2024, em Uberl\u00e2ndia"},"content":{"rendered":"\n<p id=\"viewer-p4wsh29029\"><strong>DIA 1 DE ABRIL &#8211; SEGUNDA-FEIRA<\/strong><\/p>\n\n\n\n<p id=\"viewer-l89ch3016\">Abertura Oficial da Femec 2024<\/p>\n\n\n\n<p id=\"viewer-23tlc3018\">Hor\u00e1rio: 10 horas<\/p>\n\n\n\n<p id=\"viewer-xjo3n3020\">Local: Audit\u00f3rio do Pavilh\u00e3o do Agroneg\u00f3cio<\/p>\n\n\n\n<p id=\"viewer-brf1e3022\">Palestra Roberto Rodrigues<\/p>\n\n\n\n<p id=\"viewer-30lww3024\">Tema: Biocombust\u00edveis \u2013 A Nova Energia Vem do Campo<\/p>\n\n\n\n<p id=\"viewer-s720h3026\">Hor\u00e1rio: 14 horas<\/p>\n\n\n\n<p id=\"viewer-6ztlk3028\">Local: Audit\u00f3rio do Pavilh\u00e3o do Agroneg\u00f3cio<\/p>\n\n\n\n<p id=\"viewer-31zuc3030\">Palestra do vice-governador de Minas Gerais Mateus Sim\u00f5es<\/p>\n\n\n\n<p id=\"viewer-7ypnz3032\">Tema: Agroneg\u00f3cio e o PIB mineiro<\/p>\n\n\n\n<p id=\"viewer-qckkf3034\">Hor\u00e1rio: 15 horas<\/p>\n\n\n\n<p id=\"viewer-rt2d53036\">Local: Audit\u00f3rio do Pavilh\u00e3o do Agroneg\u00f3cio<\/p>\n\n\n\n<p id=\"viewer-6ekwj3038\">Mesa redonda com lideran\u00e7as do setor de Biocombust\u00edveis<\/p>\n\n\n\n<p id=\"viewer-no83l3040\">Hor\u00e1rio: 16 horas<\/p>\n\n\n\n<p id=\"viewer-dmzqu3042\">Local: Audit\u00f3rio do Pavilh\u00e3o do Agroneg\u00f3cio<\/p>\n\n\n\n<p id=\"viewer-7iah57177\"><strong>DIA 1 DE ABRIL &#8211; SEGUNDA-FEIRA<\/strong><\/p>\n\n\n\n<p id=\"viewer-8lk5e3046\">Oficinas Sistema Faemg Senar<\/p>\n\n\n\n<p id=\"viewer-ja5ta3048\">Pecu\u00e1ria de Precis\u00e3o<\/p>\n\n\n\n<p id=\"viewer-6c0jz3050\">Hor\u00e1rio: 13:00 \u00e0s 15:00<\/p>\n\n\n\n<p id=\"viewer-4zkvf3052\">Local: Estande Sistema Faemg Senar<\/p>\n\n\n\n<p id=\"viewer-59qsz3054\">Bem-Estar Animal e Sanidade<\/p>\n\n\n\n<p id=\"viewer-5zxcy3056\">Hor\u00e1rio: 15:30 \u00e0s 17:30<\/p>\n\n\n\n<p id=\"viewer-zyfdi3058\">Local: Estande Sistema Faemg Senar<\/p>\n\n\n\n<p id=\"viewer-kht0b10123\"><strong>DIA 2 DE ABRIL &#8211; TER\u00c7A-FEIRA<\/strong><\/p>\n\n\n\n<p id=\"viewer-w2mh93062\">Reuni\u00e3o do N\u00facleo de Presidentes do Tri\u00e2ngulo e Alto Parana\u00edba<\/p>\n\n\n\n<p id=\"viewer-nl4y13064\">Hor\u00e1rio: 9 horas<\/p>\n\n\n\n<p id=\"viewer-qoset3066\">Local: sala de reuni\u00f5es Deputado Odelmo Le\u00e3o \u2013 Sindicato Rural de Uberl\u00e2ndia<\/p>\n\n\n\n<p id=\"viewer-gm53s3068\">Reuni\u00e3o da Comiss\u00e3o T\u00e9cnica de Gr\u00e3os do Sistema Faemg Senar<\/p>\n\n\n\n<p id=\"viewer-mrsy23070\">Hor\u00e1rio: 14 horas<\/p>\n\n\n\n<p id=\"viewer-bizpl3072\">Local: Estande Sistema Faemg Senar<\/p>\n\n\n\n<p id=\"viewer-vb0gn3074\"><strong>DIA 2 DE ABRIL &#8211; TER\u00c7A-FEIRA<\/strong><\/p>\n\n\n\n<p id=\"viewer-h2ap83076\">Oficinas Sistema Faemg Senar<\/p>\n\n\n\n<p id=\"viewer-des2q3078\">Pr\u00e1ticas sanit\u00e1rias &#8211; Cria de bezerras<\/p>\n\n\n\n<p id=\"viewer-7h8ut3080\">Hor\u00e1rio: 09:30 \u00e0s 11:30<\/p>\n\n\n\n<p id=\"viewer-qwlzz3082\">Local: Estande Sistema Faemg Senar<\/p>\n\n\n\n<p id=\"viewer-yvtvz3084\">Pecu\u00e1ria de precis\u00e3o: rob\u00f3tica e automa\u00e7\u00e3o de atividades zoot\u00e9cnicas<\/p>\n\n\n\n<p id=\"viewer-55wo33086\">Hor\u00e1rio: 13:00 \u00e0s 15:00<\/p>\n\n\n\n<p id=\"viewer-owpe43088\">Local: Audit\u00f3rio do Sindicato Rural<\/p>\n\n\n\n<p id=\"viewer-rdyfj3090\">Qualidade do leite<\/p>\n\n\n\n<p id=\"viewer-urlcs3092\">Hor\u00e1rio: 15:30 \u00e0s 17:30<\/p>\n\n\n\n<p id=\"viewer-h6ekj3094\">Local: Audit\u00f3rio do Sindicato Rural<\/p>\n\n\n\n<p id=\"viewer-bnedy16293\"><strong>DIA 3 DE ABRIL &#8211; QUARTA-FEIRA<\/strong><\/p>\n\n\n\n<p id=\"viewer-dhuj13098\">Workshop Ci\u00eancia e Pr\u00e1tica &#8211; Melhoria da Efici\u00eancia da Pecu\u00e1ria de Cria<\/p>\n\n\n\n<p id=\"viewer-fkv6o3100\">Hor\u00e1rio: 13h30 \u00e0s 16h30<\/p>\n\n\n\n<p id=\"viewer-aef923102\">Palestras<\/p>\n\n\n\n<p id=\"viewer-0fv9g3104\">Gest\u00e3o nutricional em fazendas de cria<\/p>\n\n\n\n<p id=\"viewer-4a5cg3106\">Dr. Mateus Pies Gionbelli &#8211; Professor do Departamento de Zootecnia \u2013 Universidade Federal de Lavras (UFLA)<\/p>\n\n\n\n<p id=\"viewer-ieorr3108\">Estrat\u00e9gias de manejo de pastagens para pecu\u00e1ria de cria<\/p>\n\n\n\n<p id=\"viewer-gvruk3110\">Dr. Daniel Rume Casagrande &#8211; Professor do Departamento de Zootecnia \u2013 Universidade Federal de Lavras (UFLA)<\/p>\n\n\n\n<p id=\"viewer-0p4tk3112\">Otimiza\u00e7\u00e3o de protocolos reprodutivos em fazendas de cria<\/p>\n\n\n\n<p id=\"viewer-io8ce3114\">Dr. Jos\u00e9 N\u00e9lio S. Sales &#8211; Departamento de Medicina Veterin\u00e1ria \u2013 Universidade Federal de Juiz de Fora (UFJF)<\/p>\n\n\n\n<p id=\"viewer-dlp173116\">Nutri\u00e7\u00e3o de bezerros para produtividade e precocidade sexual<\/p>\n\n\n\n<p id=\"viewer-2sxbu3118\">Herlon M. Alhadas &#8211; Pesquisador do Departamento de Zootecnia \u2013 Universidade Federal de Lavras (UFLA)<\/p>\n\n\n\n<p id=\"viewer-4hele3120\">Local: audit\u00f3rio do Pavilh\u00e3o do Agroneg\u00f3cio<\/p>\n\n\n\n<p id=\"viewer-9s1bm3122\">Oficinas Sistema Faemg Senar<\/p>\n\n\n\n<p id=\"viewer-i8qqr3124\">Agricultura de Precis\u00e3o<\/p>\n\n\n\n<p id=\"viewer-m5lij3126\">Hor\u00e1rio: 13:00 \u00e0s 15:00 e das 15:30 \u00e0s 17:00<\/p>\n\n\n\n<p id=\"viewer-ego5q3128\">Local: Estande Sistema Faemg Senar<\/p>\n\n\n\n<p id=\"viewer-8q9p319873\"><strong>DIA 3 DE ABRIL &#8211; QUARTA-FEIRA<\/strong><\/p>\n\n\n\n<p id=\"viewer-uk7d73132\">Encontro de Confinadores Femec 2024<\/p>\n\n\n\n<p id=\"viewer-leb823134\">Hor\u00e1rio: 18 horas<\/p>\n\n\n\n<p id=\"viewer-7i9zg3136\">Palestras: Confinamento Inteligente<\/p>\n\n\n\n<p id=\"viewer-1i39j3138\">Marco Aur\u00e9lio Nunes da Marco Rural &#8211; Consultor Pecu\u00e1rio e Estrategista<\/p>\n\n\n\n<p id=\"viewer-l9xl33140\">Local: Espa\u00e7o da Pecu\u00e1ria<\/p>\n\n\n\n<p id=\"viewer-b7ayt3142\">Lan\u00e7amento do livro \u201cO Chamado de um prop\u00f3sito\u201d<\/p>\n\n\n\n<p id=\"viewer-ku2h93144\">Autora Luciana Martins<\/p>\n\n\n\n<p id=\"viewer-uvvlr3146\">Hor\u00e1rio: 19 horas<\/p>\n\n\n\n<p id=\"viewer-1p1ub3148\">Local: Audit\u00f3rio do Pavilh\u00e3o do Agroneg\u00f3cio<\/p>\n\n\n\n<p id=\"viewer-ohqsx21966\"><strong>DIA 4 DE ABRIL \u2013 QUINTA-FEIRA<\/strong><\/p>\n\n\n\n<p id=\"viewer-6hm7a3152\">Painel: Transi\u00e7\u00e3o verde: uma agricultura sustent\u00e1vel e rent\u00e1vel<\/p>\n\n\n\n<p id=\"viewer-mwsfd3154\">Hor\u00e1rio: 9 \u00e0s 12:30 horas<\/p>\n\n\n\n<p id=\"viewer-t3l0g3156\">Palestras<\/p>\n\n\n\n<p id=\"viewer-dsl5z3158\">Biorrecursos: do biog\u00e1s ao hidrog\u00eanio verde<\/p>\n\n\n\n<p id=\"viewer-ovn4n3160\">F\u00e1bio Rubens Soares (GBio\/IEE\/USP) e Heleno Quevedo (Energia e Biog\u00e1s)<\/p>\n\n\n\n<p id=\"viewer-deydw3162\">Neudi \u2013 exposi\u00e7\u00e3o do caso de Toledo\/PR<\/p>\n\n\n\n<p id=\"viewer-dgaax3164\">Biotecnologia: em que os bioinsumos revolucionar\u00e3o a agricultura?<\/p>\n\n\n\n<p id=\"viewer-wquke3166\">Diogo de Oliveira Carvalho (EMBRAPA)<\/p>\n\n\n\n<p id=\"viewer-0afuo3168\">Case Algar Farming Fazenda Pacaj\u00e1 (15 minutos)<\/p>\n\n\n\n<p id=\"viewer-8aoet3170\">Bioecologia: o valor real da floresta em p\u00e9 \u2013 conservar d\u00e1 dinheiro?<\/p>\n\n\n\n<p id=\"viewer-23gv83172\">INNOVATECH<\/p>\n\n\n\n<p id=\"viewer-85rj43174\">Modera\u00e7\u00e3o: SEBRAE<\/p>\n\n\n\n<p id=\"viewer-ofs2n3176\">Local: Audit\u00f3rio do Pavilh\u00e3o do Agroneg\u00f3cio<\/p>\n\n\n\n<p id=\"viewer-gtigw23963\"><strong>DIA 4 DE ABRIL \u2013 QUINTA-FEIRA<\/strong><\/p>\n\n\n\n<p id=\"viewer-mnr9f3180\"><strong>4\u00ba ENCONTRO DE MULHERES MINEIRAS DO AGRONEG\u00d3CIO<\/strong><\/p>\n\n\n\n<p id=\"viewer-4pau33182\">Hor\u00e1rio: 14h30<\/p>\n\n\n\n<p id=\"viewer-r7dv63184\">Case de sucesso \u2013 Pecu\u00e1ria Leiteira<\/p>\n\n\n\n<p id=\"viewer-sw8hd3186\">Palestra: Do plantio \u00e0 colheita: estrat\u00e9gias inovadoras para alcan\u00e7ar previsibilidade no agroneg\u00f3cio<\/p>\n\n\n\n<p id=\"viewer-x6ffw3188\">Luciana Martins \u2013 diretora executiva da MPrado Consultoria e Grupo Conecta<\/p>\n\n\n\n<p id=\"viewer-4fda43190\">16h30 \u2013 Mesa redonda com representantes de empresas e institui\u00e7\u00f5es: SEBRAE, EMATER, BRF, ADM<\/p>\n\n\n\n<p id=\"viewer-yxfpr3192\">Local: Audit\u00f3rio do Pavilh\u00e3o do Agroneg\u00f3cio<\/p>\n\n\n\n<p id=\"viewer-v7owf3194\">Evento Agro Mais Verde<\/p>\n\n\n\n<p id=\"viewer-tkbg23196\">Hor\u00e1rio: 9 horas<\/p>\n\n\n\n<p id=\"viewer-d7ygn3198\">Apresenta\u00e7\u00e3o de resultados pelo Sistema Faemg e Cargill<\/p>\n\n\n\n<p id=\"viewer-cgbbb3200\">Local: Audit\u00f3rio do Sindicato Rural de Uberl\u00e2ndia<\/p>\n\n\n\n<p id=\"viewer-fihak3202\">Oficinas Sistema Faemg Senar<\/p>\n\n\n\n<p id=\"viewer-o6xwq3204\">Biosseguridade na Suinocultura<\/p>\n\n\n\n<p id=\"viewer-kmmkv3206\">Hor\u00e1rio: 9:30 \u00e0s 11:30<\/p>\n\n\n\n<p id=\"viewer-p2w523208\">Local: Estande Sistema Faemg Senar<\/p>\n\n\n\n<p id=\"viewer-f5c453210\">T\u00e9cnicas de manejo na maternidade na suinocultura<\/p>\n\n\n\n<p id=\"viewer-rtjhq3212\">Hor\u00e1rio: 13:00 \u00e0s 15:00<\/p>\n\n\n\n<p id=\"viewer-1imts3214\">Local: Estande Sistema Faemg Senar<\/p>\n\n\n\n<p id=\"viewer-nf27z3216\">Biosseguridade na Suinocultura<\/p>\n\n\n\n<p id=\"viewer-dh97s3218\">Hor\u00e1rio: 15:30 \u00e0s 17:30<\/p>\n\n\n\n<p id=\"viewer-okffr3220\">Local: Estande Sistema Faemg Senar<\/p>\n\n\n\n<p id=\"viewer-02l1e26456\"><strong>DIA 5 DE ABRIL \u2013 SEXTA-FEIRA<\/strong><\/p>\n\n\n\n<p id=\"viewer-eldel3224\">Oficinas Sistema Faemg Senar<\/p>\n\n\n\n<p id=\"viewer-yd8nt3226\">Agricultura de Precis\u00e3o<\/p>\n\n\n\n<p id=\"viewer-raypu3228\">Hor\u00e1rio: 13:00 \u00e0s 15:00<\/p>\n\n\n\n<p id=\"viewer-s2l3s3230\">Local: Estande Sistema Faemg Senar<\/p>\n\n\n\n<p id=\"viewer-81mhv3232\">Agricultura de Precis\u00e3o<\/p>\n\n\n\n<p id=\"viewer-pqciu3234\">Hor\u00e1rio: 15:30 \u00e0s 17:00<\/p>\n\n\n\n<p id=\"viewer-jvsq73236\">Local: Estande Sistema Faemg Senar<\/p>\n","protected":false},"excerpt":{"rendered":"<p>DIA 1 DE ABRIL &#8211; SEGUNDA-FEIRA Abertura Oficial da Femec 2024 Hor\u00e1rio: 10 horas Local: Audit\u00f3rio do Pavilh\u00e3o do Agroneg\u00f3cio Palestra Roberto Rodrigues Tema: Biocombust\u00edveis \u2013 A Nova Energia Vem<\/p>\n","protected":false},"author":1,"featured_media":1938,"comment_status":"open","ping_status":"open","sticky":false,"template":"","format":"standard","meta":{"footnotes":""},"categories":[1],"tags":[],"class_list":["post-1937","post","type-post","status-publish","format-standard","has-post-thumbnail","hentry","category-noticias"],"_links":{"self":[{"href":"https:\/\/revistahubclub.com.br\/portal\/wp-json\/wp\/v2\/posts\/1937","targetHints":{"allow":["GET"]}}],"collection":[{"href":"https:\/\/revistahubclub.com.br\/portal\/wp-json\/wp\/v2\/posts"}],"about":[{"href":"https:\/\/revistahubclub.com.br\/portal\/wp-json\/wp\/v2\/types\/post"}],"author":[{"embeddable":true,"href":"https:\/\/revistahubclub.com.br\/portal\/wp-json\/wp\/v2\/users\/1"}],"replies":[{"embeddable":true,"href":"https:\/\/revistahubclub.com.br\/portal\/wp-json\/wp\/v2\/comments?post=1937"}],"version-history":[{"count":1,"href":"https:\/\/revistahubclub.com.br\/portal\/wp-json\/wp\/v2\/posts\/1937\/revisions"}],"predecessor-version":[{"id":1939,"href":"https:\/\/revistahubclub.com.br\/portal\/wp-json\/wp\/v2\/posts\/1937\/revisions\/1939"}],"wp:featuredmedia":[{"embeddable":true,"href":"https:\/\/revistahubclub.com.br\/portal\/wp-json\/wp\/v2\/media\/1938"}],"wp:attachment":[{"href":"https:\/\/revistahubclub.com.br\/portal\/wp-json\/wp\/v2\/media?parent=1937"}],"wp:term":[{"taxonomy":"category","embeddable":true,"href":"https:\/\/revistahubclub.com.br\/portal\/wp-json\/wp\/v2\/categories?post=1937"},{"taxonomy":"post_tag","embeddable":true,"href":"https:\/\/revistahubclub.com.br\/portal\/wp-json\/wp\/v2\/tags?post=1937"}],"curies":[{"name":"wp","href":"https:\/\/api.w.org\/{rel}","templated":true}]}}