{"id":1940,"date":"2024-03-22T10:54:00","date_gmt":"2024-03-22T13:54:00","guid":{"rendered":"https:\/\/revistahubclub.com.br\/portal\/?p=1940"},"modified":"2024-12-13T10:54:49","modified_gmt":"2024-12-13T13:54:49","slug":"femec-2024-acontecera-de-1-a-5-de-abril-em-uberlandia-mg-com-o-tema-biocombustiveis-a-nova-energia-vem-do-campo","status":"publish","type":"post","link":"https:\/\/revistahubclub.com.br\/portal\/2024\/03\/22\/femec-2024-acontecera-de-1-a-5-de-abril-em-uberlandia-mg-com-o-tema-biocombustiveis-a-nova-energia-vem-do-campo\/","title":{"rendered":"Femec 2024 acontecer\u00e1 de 1 a 5 de abril em Uberl\u00e2ndia (MG) com o tema \u201cBiocombust\u00edveis. A nova energia vem do campo\u201d"},"content":{"rendered":"\n<p id=\"viewer-z6r2e516\"><br>A 11\u00aa edi\u00e7\u00e3o da maior feira do agro de Minas Gerais discutir\u00e1 a transi\u00e7\u00e3o da matriz energ\u00e9tica como um dos pontos mais importantes para a redu\u00e7\u00e3o das emiss\u00f5es de carbono<\/p>\n\n\n\n<p id=\"viewer-9begt141\">A Femec 2024 \u2013 Maior Feira do Agro de Minas Gerais \u2013 acontecer\u00e1 de 1 a 5 de abril de abril, no parque de exposi\u00e7\u00f5es Camaru, em Uberl\u00e2ndia, no Tri\u00e2ngulo Mineiro, com patroc\u00ednio da CAIXA e do Governo Federal, para exposi\u00e7\u00e3o e comercializa\u00e7\u00e3o de lan\u00e7amentos das principais marcas de m\u00e1quinas, equipamentos, implementos e insumos agr\u00edcolas do pa\u00eds. Com o tema \u201cBiocombust\u00edveis. A nova energia vem do campo\u201d, al\u00e9m de oferecer aos produtores rurais as melhores oportunidades de compra, com pre\u00e7os de feira e condi\u00e7\u00f5es especiais para financiamentos, a proposta do Sindicato Rural de Uberl\u00e2ndia \u00e9 promover um f\u00f3rum de discuss\u00f5es e informar o produtor sobre a tem\u00e1tica que vem ganhando cada vez mais relev\u00e2ncia quando o assunto \u00e9 transi\u00e7\u00e3o da matriz energ\u00e9tica como forma de frear as emiss\u00f5es globais de carbono. J\u00e1 que os biocombust\u00edveis tais como o etanol e biodiesel, mais conhecidos no Brasil, se apresentam como alternativas vi\u00e1veis aos combust\u00edveis f\u00f3sseis, capazes de reduzirem as emiss\u00f5es de gases de efeito estufa.<\/p>\n\n\n\n<p id=\"viewer-7mntz143\">O presidente do Sindicato Rural de Uberl\u00e2ndia, Thiago Silveira, revela que o tema da Femec ser\u00e1 amplamente debatido durante a feira para nortear as decis\u00f5es dos produtores rurais. Silveira destaca que h\u00e1 uma tend\u00eancia mundial para o uso de biocombust\u00edveis como o etanol, o biosiesel, o biog\u00e1s e tamb\u00e9m o combust\u00edvel para aeronaves, SAF, produzido a partir de mat\u00e9rias-primas de fontes renov\u00e1veis. \u201cO Brasil tem grande potencial de se tornar um centro de abastecimento de aeronaves com este combust\u00edvel verde. Acreditamos que a demanda mundial de gr\u00e3os, como soja e milho, tende a aumentar em raz\u00e3o da maior produ\u00e7\u00e3o de biodiesel e etanol. Nos EUA, por exemplo, h\u00e1 uma tend\u00eancia para aumento da adi\u00e7\u00e3o de biodiesel no diesel. Isso faz com que a produ\u00e7\u00e3o de soja americana precise crescer, o que \u00e9 dif\u00edcil em fun\u00e7\u00e3o da maior demanda pelo milho. \u00c9 prov\u00e1vel ent\u00e3o que eles tamb\u00e9m precisem importar soja. Assim, avalio que a press\u00e3o na demanda por gr\u00e3os nos pr\u00f3ximos dez anos tende a ser sustent\u00e1vel. E o produtor brasileiro precisa receber essas informa\u00e7\u00f5es, por isso traremos este tema para a ser debatido na Femec\u201d, conclui.<\/p>\n\n\n\n<p id=\"viewer-z640c145\">A 11\u00aa edi\u00e7\u00e3o da Femec, que atualmente ocupa o posto de maior feira do agro de Minas Gerais, trar\u00e1 como novidade este ano a Arena da Tecnologia \u2013 espa\u00e7o onde estar\u00e3o concentradas empresas de m\u00e1quinas e equipamentos com alta tecnologia embarcada para a opera\u00e7\u00e3o rural. A feira reunir\u00e1 ainda as principais montadoras de ve\u00edculos de carga, off road e de passeio, al\u00e9m de maquin\u00e1rio para a constru\u00e7\u00e3o civil e ind\u00fastria fotovoltaica, n\u00e1utica, al\u00e9m de outros produtos e servi\u00e7os destinados \u00e0 produ\u00e7\u00e3o agropecu\u00e1ria.<\/p>\n\n\n\n<p id=\"viewer-5wyp2147\">A Femec 2024 apresentar\u00e1 tamb\u00e9m os Campos Demonstrativos de Sementes e Insumos, mostras e exposi\u00e7\u00f5es de animais, leil\u00f5es e pain\u00e9is tem\u00e1ticos. Em breve outros detalhes ser\u00e3o divulgados pela organiza\u00e7\u00e3o.<\/p>\n\n\n\n<p id=\"viewer-6v15z149\">Outro aspecto relevante da Femec \u00e9 a participa\u00e7\u00e3o dos principais agentes financiadores das opera\u00e7\u00f5es de agroneg\u00f3cio do pa\u00eds como os bancos p\u00fablicos CAIXA e Banco do Brasil, bancos privados e cooperativas de cr\u00e9dito. As institui\u00e7\u00f5es se instalam no parque de exposi\u00e7\u00f5es durante a feira com estrutura completa e equipe para rodar opera\u00e7\u00f5es in loco, buscando mais agilidade na libera\u00e7\u00e3o de recursos. <a target=\"_blank\" href=\"https:\/\/www.hubceliocardoso.com.br\/post\/confira-a-programa%C3%A7%C3%A3o-completa-da-femec-2024-em-uberl%C3%A2ndia\" rel=\"noreferrer noopener\"><u>Confira a Programa\u00e7\u00e3o completa da Femec 2024<\/u><\/a><\/p>\n\n\n\n<p id=\"viewer-td66i151\">Em 2023, a Femec alcan\u00e7ou seu \u00e1pice hist\u00f3rico ao receber cerca de 100 mil visitantes de v\u00e1rias partes do pa\u00eds, mais de 300 expositores e promover neg\u00f3cios na ordem de R$2,4 bilh\u00f5es. De acordo com a pesquisa realizada pelo Instituto Verit\u00e1 ao final do evento, cerca de 70% dos produtores rurais que passaram pelo local vieram de outros munic\u00edpios e de outros estados. Dos produtores ouvidos pela pesquisa, 98% avaliam como \u00f3timo ou bom o hor\u00e1rio da feira, a quantidade e variedade de expositores e o atendimento dispensado por parte dos expositores. A pesquisa ouviu tamb\u00e9m expositores e visitantes. O levantamento feito com visitantes mostrou que 97,2% avaliaram como \u00f3tima ou boa a estrutura da feira nos quesitos de organiza\u00e7\u00e3o e limpeza. J\u00e1 99% disseram que pretendem participar da Femec 2024 e 80% disseram que a Femec 2023 foi melhor que a 2022. Cerca de 23% das pessoas responderam que estiveram presentes na Femec pela primeira vez, o que confirma o seu crescimento em p\u00fablico e volume de neg\u00f3cios.<\/p>\n\n\n\n<p id=\"viewer-znjdf153\">O que s\u00e3o biocombust\u00edveis?<\/p>\n\n\n\n<p id=\"viewer-i4kev155\">De acordo com a IEA (International Energy Agency) biocombust\u00edveis s\u00e3o combust\u00edveis gerados a partir de fontes biol\u00f3gicas renov\u00e1veis e que s\u00e3o capazes de reduzir a utiliza\u00e7\u00e3o, total ou parcial, de combust\u00edveis f\u00f3sseis, como gasolina, combust\u00edvel de avia\u00e7\u00e3o, diesel, entre outros. Os biocombust\u00edveis s\u00e3o fontes de energia historicamente relevantes pois abrangem o etanol, que consiste em \u00e1lcool fermentado a partir do amido presente nas plantas, e o biodiesel um biocombust\u00edvel produzido a partir de \u00f3leos vegetais, gorduras animais ou reutiliza\u00e7\u00e3o de \u00f3leo de cozinha. Existem ainda outros tipos de biocombust\u00edveis, al\u00e9m os dois mais conhecidos no Brasil, etanol e biodiesel. S\u00e3o eles os biocombust\u00edveis de primeira, segunda, terceira ou quarta gera\u00e7\u00e3o se d\u00e1 pelo tipo de mat\u00e9ria prima empregada e o processo produtivo. A chamada primeira gera\u00e7\u00e3o (1G) abrange os biocombust\u00edveis derivados de a\u00e7\u00facares, amidos ou gorduras. J\u00e1 a segunda gera\u00e7\u00e3o (2G) e terceira gera\u00e7\u00e3o (3G) consistem nos biocombust\u00edveis que utilizam biomassa a partir de celulose ou res\u00edduos agr\u00edcolas e industriais, e tamb\u00e9m algas. Os de quarta gera\u00e7\u00e3o (4G) s\u00e3o biocombust\u00edveis originados a partir de altera\u00e7\u00f5es gen\u00e9ticas da cultura a ser empregada na produ\u00e7\u00e3o do biocombust\u00edvel.<\/p>\n\n\n\n<p id=\"viewer-frco4157\"><strong><em>Fonte: International Energy Agency\/Ita\u00fa BBA<\/em><\/strong><\/p>\n","protected":false},"excerpt":{"rendered":"<p>A 11\u00aa edi\u00e7\u00e3o da maior feira do agro de Minas Gerais discutir\u00e1 a transi\u00e7\u00e3o da matriz energ\u00e9tica como um dos pontos mais importantes para a redu\u00e7\u00e3o das emiss\u00f5es de carbono<\/p>\n","protected":false},"author":1,"featured_media":1938,"comment_status":"open","ping_status":"open","sticky":false,"template":"","format":"standard","meta":{"footnotes":""},"categories":[1],"tags":[],"class_list":["post-1940","post","type-post","status-publish","format-standard","has-post-thumbnail","hentry","category-noticias"],"_links":{"self":[{"href":"https:\/\/revistahubclub.com.br\/portal\/wp-json\/wp\/v2\/posts\/1940","targetHints":{"allow":["GET"]}}],"collection":[{"href":"https:\/\/revistahubclub.com.br\/portal\/wp-json\/wp\/v2\/posts"}],"about":[{"href":"https:\/\/revistahubclub.com.br\/portal\/wp-json\/wp\/v2\/types\/post"}],"author":[{"embeddable":true,"href":"https:\/\/revistahubclub.com.br\/portal\/wp-json\/wp\/v2\/users\/1"}],"replies":[{"embeddable":true,"href":"https:\/\/revistahubclub.com.br\/portal\/wp-json\/wp\/v2\/comments?post=1940"}],"version-history":[{"count":1,"href":"https:\/\/revistahubclub.com.br\/portal\/wp-json\/wp\/v2\/posts\/1940\/revisions"}],"predecessor-version":[{"id":1941,"href":"https:\/\/revistahubclub.com.br\/portal\/wp-json\/wp\/v2\/posts\/1940\/revisions\/1941"}],"wp:featuredmedia":[{"embeddable":true,"href":"https:\/\/revistahubclub.com.br\/portal\/wp-json\/wp\/v2\/media\/1938"}],"wp:attachment":[{"href":"https:\/\/revistahubclub.com.br\/portal\/wp-json\/wp\/v2\/media?parent=1940"}],"wp:term":[{"taxonomy":"category","embeddable":true,"href":"https:\/\/revistahubclub.com.br\/portal\/wp-json\/wp\/v2\/categories?post=1940"},{"taxonomy":"post_tag","embeddable":true,"href":"https:\/\/revistahubclub.com.br\/portal\/wp-json\/wp\/v2\/tags?post=1940"}],"curies":[{"name":"wp","href":"https:\/\/api.w.org\/{rel}","templated":true}]}}