{"id":1942,"date":"2024-03-21T10:54:00","date_gmt":"2024-03-21T13:54:00","guid":{"rendered":"https:\/\/revistahubclub.com.br\/portal\/?p=1942"},"modified":"2024-12-13T10:55:34","modified_gmt":"2024-12-13T13:55:34","slug":"fique-atento-a-cuidados-extras-durante-pratica-de-atividades-fisicas-no-outono","status":"publish","type":"post","link":"https:\/\/revistahubclub.com.br\/portal\/2024\/03\/21\/fique-atento-a-cuidados-extras-durante-pratica-de-atividades-fisicas-no-outono\/","title":{"rendered":"Fique atento a cuidados extras durante pr\u00e1tica de atividades f\u00edsicas no outono"},"content":{"rendered":"\n<p id=\"viewer-rx0qx3679\">Durante o outono \u2013 esta\u00e7\u00e3o que come\u00e7ou nesta quarta-feira (20) e se estende at\u00e9 21 de junho\u2013 , a pr\u00e1tica de atividades f\u00edsicas exige alguns cuidados extras, inclusive em espa\u00e7os abertos, como o Parque do Sabi\u00e1. Segundo o profissional de educa\u00e7\u00e3o f\u00edsica da Funda\u00e7\u00e3o Uberlandense do Turismo, Esporte e Lazer (Futel), Robson Medeiros, as principais dicas s\u00e3o fazer aquecimento antes do in\u00edcio da atividade e utilizar roupas adequadas, como agasalhos em momentos de baixas temperaturas.<\/p>\n\n\n\n<p id=\"viewer-9u8253363\">&nbsp;<\/p>\n\n\n\n<p id=\"viewer-cbmy63365\">&#8220;Tamb\u00e9m \u00e9 essencial usar filtro solar, mesmo quando estiver nublado, e beber bastante \u00e1gua, inclusive nos dias mais frios, quando as pessoas costumam sentir menos sede&#8221;, ressaltou.<\/p>\n\n\n\n<p id=\"viewer-yio593367\">&nbsp;<\/p>\n\n\n\n<p id=\"viewer-pbcpm3369\">O diretor-geral da Futel, Edson Zanatta, lembra que s\u00e3o muitas as op\u00e7\u00f5es para quem deseja se exercitar no principal cart\u00e3o-postal de Uberl\u00e2ndia. &#8220;Al\u00e9m da pista de corrida e caminhada com 5 km de extens\u00e3o, o Parque do Sabi\u00e1 conta com quadras esportivas, ciclofaixa, academias ao ar livre e muito mais. Toda essa estrutura \u00e9 disponibilizada gratuitamente pela Prefeitura de Uberl\u00e2ndia aos frequentadores, com o objetivo de proporcionar sa\u00fade, lazer e qualidade de vida \u00e0 popula\u00e7\u00e3o.&#8221;<\/p>\n","protected":false},"excerpt":{"rendered":"<p>Durante o outono \u2013 esta\u00e7\u00e3o que come\u00e7ou nesta quarta-feira (20) e se estende at\u00e9 21 de junho\u2013 , a pr\u00e1tica de atividades f\u00edsicas exige alguns cuidados extras, inclusive em espa\u00e7os<\/p>\n","protected":false},"author":1,"featured_media":1943,"comment_status":"open","ping_status":"open","sticky":false,"template":"","format":"standard","meta":{"footnotes":""},"categories":[1],"tags":[],"class_list":["post-1942","post","type-post","status-publish","format-standard","has-post-thumbnail","hentry","category-noticias"],"_links":{"self":[{"href":"https:\/\/revistahubclub.com.br\/portal\/wp-json\/wp\/v2\/posts\/1942","targetHints":{"allow":["GET"]}}],"collection":[{"href":"https:\/\/revistahubclub.com.br\/portal\/wp-json\/wp\/v2\/posts"}],"about":[{"href":"https:\/\/revistahubclub.com.br\/portal\/wp-json\/wp\/v2\/types\/post"}],"author":[{"embeddable":true,"href":"https:\/\/revistahubclub.com.br\/portal\/wp-json\/wp\/v2\/users\/1"}],"replies":[{"embeddable":true,"href":"https:\/\/revistahubclub.com.br\/portal\/wp-json\/wp\/v2\/comments?post=1942"}],"version-history":[{"count":1,"href":"https:\/\/revistahubclub.com.br\/portal\/wp-json\/wp\/v2\/posts\/1942\/revisions"}],"predecessor-version":[{"id":1944,"href":"https:\/\/revistahubclub.com.br\/portal\/wp-json\/wp\/v2\/posts\/1942\/revisions\/1944"}],"wp:featuredmedia":[{"embeddable":true,"href":"https:\/\/revistahubclub.com.br\/portal\/wp-json\/wp\/v2\/media\/1943"}],"wp:attachment":[{"href":"https:\/\/revistahubclub.com.br\/portal\/wp-json\/wp\/v2\/media?parent=1942"}],"wp:term":[{"taxonomy":"category","embeddable":true,"href":"https:\/\/revistahubclub.com.br\/portal\/wp-json\/wp\/v2\/categories?post=1942"},{"taxonomy":"post_tag","embeddable":true,"href":"https:\/\/revistahubclub.com.br\/portal\/wp-json\/wp\/v2\/tags?post=1942"}],"curies":[{"name":"wp","href":"https:\/\/api.w.org\/{rel}","templated":true}]}}