{"id":1945,"date":"2024-03-21T10:55:00","date_gmt":"2024-03-21T13:55:00","guid":{"rendered":"https:\/\/revistahubclub.com.br\/portal\/?p=1945"},"modified":"2024-12-13T10:56:05","modified_gmt":"2024-12-13T13:56:05","slug":"reclamacoes-e-denuncias-podem-ser-registradas-agora-pelo-aplicativo-fale-procon-uberlandia","status":"publish","type":"post","link":"https:\/\/revistahubclub.com.br\/portal\/2024\/03\/21\/reclamacoes-e-denuncias-podem-ser-registradas-agora-pelo-aplicativo-fale-procon-uberlandia\/","title":{"rendered":"Reclama\u00e7\u00f5es e den\u00fancias podem ser registradas agora pelo Aplicativo Fale Procon Uberl\u00e2ndia"},"content":{"rendered":"\n<p id=\"viewer-erd4o850\">A Superintend\u00eancia de Prote\u00e7\u00e3o e Defesa do Consumidor (Procon) de Uberl\u00e2ndia lan\u00e7ou neste m\u00eas o aplicativo Fale Procon Uberl\u00e2ndia, dispon\u00edvel gratuitamente para os sistemas iOS e Android. Este \u00e9 mais um meio pelo qual os consumidores podem registrar reclama\u00e7\u00f5es e den\u00fancias junto ao \u00f3rg\u00e3o da Prefeitura e a concretiza\u00e7\u00e3o do Procon 100% digital, que oferece qualidade, acessibilidade e moderniza\u00e7\u00e3o do servi\u00e7o p\u00fablico.<\/p>\n\n\n\n<p id=\"viewer-niesl189\">&nbsp;<\/p>\n\n\n\n<p id=\"viewer-si2nq191\">Com o novo sistema, o Procon Uberl\u00e2ndia aprimora o atendimento ao consumidor dentro do processo de virtualiza\u00e7\u00e3o dos servi\u00e7os da Prefeitura, que valoriza a transpar\u00eancia em todas as atividades. Al\u00e9m do aplicativo, o canal Fale Procon, <a target=\"_blank\" href=\"https:\/\/faleprocon.uberlandia.mg.gov.br\/\" rel=\"noreferrer noopener\">dispon\u00edvel na p\u00e1gina da Superintend\u00eancia dentro do Portal da Prefeitura<\/a>, tamb\u00e9m j\u00e1 est\u00e1 com um novo design e programa\u00e7\u00e3o. A cada nova atividade dentro do processo, os envolvidos ser\u00e3o notificados.<\/p>\n\n\n\n<p id=\"viewer-rcsz1195\">&nbsp;<\/p>\n\n\n\n<p id=\"viewer-obl63197\">O superintendente Egmar Ferraz explica que o novo sistema traz maior agilidade e transpar\u00eancia no atendimento aos consumidores, fortalecendo a prote\u00e7\u00e3o e defesa do consumidor em Uberl\u00e2ndia. &#8220;Al\u00e9m dos benef\u00edcios, como a redu\u00e7\u00e3o do tempo de espera para resolu\u00e7\u00e3o de problemas e a facilita\u00e7\u00e3o do acompanhamento dos processos pelos consumidores, o sistema 100% digital tamb\u00e9m permitir\u00e1 uma melhor estratifica\u00e7\u00e3o de dados importantes para as pol\u00edticas p\u00fablica de prote\u00e7\u00e3o e defesa do consumidor da cidade.&#8221;<\/p>\n\n\n\n<p id=\"viewer-swa5g199\">&nbsp;<\/p>\n\n\n\n<p id=\"viewer-6dz6f201\">Mesmo com as novidades, o Disque Procon 151 continua funcionando e os agendamentos seguem normalmente. O atendimento no Procon M\u00f3vel tamb\u00e9m continua.<\/p>\n\n\n\n<p id=\"viewer-ztcix203\">&nbsp;<\/p>\n\n\n\n<p id=\"viewer-ij856205\">Saiba como acessar:<\/p>\n\n\n\n<p id=\"viewer-aybbn207\">&nbsp;<\/p>\n\n\n\n<p id=\"viewer-53d6z209\">NO COMPUTADOR<\/p>\n\n\n\n<ol class=\"wp-block-list\">\n<li>Digite <a href=\"https:\/\/faleprocon.uberlandia.mg.gov.br\/\" target=\"_blank\" rel=\"noreferrer noopener\">https:\/\/faleprocon.uberlandia.mg.gov.br<\/a><\/li>\n\n\n\n<li>Acesse com a conta da plataforma Gov<\/li>\n\n\n\n<li>Confira se seus dados est\u00e3o atualizados em &#8220;Meu Cadastro&#8221;<\/li>\n\n\n\n<li>Escolha a op\u00e7\u00e3o + Solicita\u00e7\u00e3o para registrar uma reclama\u00e7\u00e3o ou den\u00fancia ou em consultar para verificar status do seu processo<\/li>\n<\/ol>\n\n\n\n<p id=\"viewer-dcst3225\">&nbsp;<\/p>\n\n\n\n<p id=\"viewer-x1xm3227\">NO APLICATIVO<\/p>\n\n\n\n<ol class=\"wp-block-list\">\n<li>V\u00e1 \u00e0 loja do smrtphone e pesquise &#8220;Fale Procon Uberl\u00e2ndia&#8221;<\/li>\n\n\n\n<li>Baixe o aplicativo<\/li>\n\n\n\n<li>Fa\u00e7a o cadastro<\/li>\n\n\n\n<li>Efetue o login<\/li>\n\n\n\n<li>Escolha entre as op\u00e7\u00f5es &#8220;Den\u00fancia comum&#8221; ou &#8220;Reclama\u00e7\u00e3o Individual&#8221;<\/li>\n\n\n\n<li>Anexe arquivos relacionados \u00e0 reclama\u00e7\u00e3o em qualquer formato ou tamanho<\/li>\n\n\n\n<li>Se precisar, pesquise em &#8220;D\u00favidas Frequentes&#8221;<\/li>\n<\/ol>\n\n\n\n<p id=\"viewer-l21za251\">&nbsp;<\/p>\n\n\n\n<p id=\"viewer-250w0253\">Aten\u00e7\u00e3o: No caso de reclama\u00e7\u00e3o individual, preciso ter f\u00e1cil acesso aos arquivos digitais dos documentos pessoais, dos contratos firmados entre as partes, comprovantes da aquisi\u00e7\u00e3o do bem e n\u00fameros de protocolo de reclama\u00e7\u00f5es junto \u00e0s empresas.<\/p>\n\n\n\n<p id=\"viewer-4r98i255\">&nbsp;<\/p>\n\n\n\n<p id=\"viewer-cjp72257\">SERVI\u00c7O<\/p>\n\n\n\n<p id=\"viewer-ks5x1259\">Na p\u00e1gina oficial do Procon Uberl\u00e2ndia: <a target=\"_blank\" href=\"http:\/\/faleporocon.uberlandia.mg.gov.br\/\" rel=\"noreferrer noopener\">faleporocon.uberlandia.mg.gov.br<\/a><\/p>\n\n\n\n<p id=\"viewer-ayuf8262\">App: Fale Procon Uberl\u00e2ndia (dispon\u00edvel gratuitamente para IOS e Android)<\/p>\n","protected":false},"excerpt":{"rendered":"<p>A Superintend\u00eancia de Prote\u00e7\u00e3o e Defesa do Consumidor (Procon) de Uberl\u00e2ndia lan\u00e7ou neste m\u00eas o aplicativo Fale Procon Uberl\u00e2ndia, dispon\u00edvel gratuitamente para os sistemas iOS e Android. Este \u00e9 mais<\/p>\n","protected":false},"author":1,"featured_media":1946,"comment_status":"open","ping_status":"open","sticky":false,"template":"","format":"standard","meta":{"footnotes":""},"categories":[1],"tags":[],"class_list":["post-1945","post","type-post","status-publish","format-standard","has-post-thumbnail","hentry","category-noticias"],"_links":{"self":[{"href":"https:\/\/revistahubclub.com.br\/portal\/wp-json\/wp\/v2\/posts\/1945","targetHints":{"allow":["GET"]}}],"collection":[{"href":"https:\/\/revistahubclub.com.br\/portal\/wp-json\/wp\/v2\/posts"}],"about":[{"href":"https:\/\/revistahubclub.com.br\/portal\/wp-json\/wp\/v2\/types\/post"}],"author":[{"embeddable":true,"href":"https:\/\/revistahubclub.com.br\/portal\/wp-json\/wp\/v2\/users\/1"}],"replies":[{"embeddable":true,"href":"https:\/\/revistahubclub.com.br\/portal\/wp-json\/wp\/v2\/comments?post=1945"}],"version-history":[{"count":1,"href":"https:\/\/revistahubclub.com.br\/portal\/wp-json\/wp\/v2\/posts\/1945\/revisions"}],"predecessor-version":[{"id":1947,"href":"https:\/\/revistahubclub.com.br\/portal\/wp-json\/wp\/v2\/posts\/1945\/revisions\/1947"}],"wp:featuredmedia":[{"embeddable":true,"href":"https:\/\/revistahubclub.com.br\/portal\/wp-json\/wp\/v2\/media\/1946"}],"wp:attachment":[{"href":"https:\/\/revistahubclub.com.br\/portal\/wp-json\/wp\/v2\/media?parent=1945"}],"wp:term":[{"taxonomy":"category","embeddable":true,"href":"https:\/\/revistahubclub.com.br\/portal\/wp-json\/wp\/v2\/categories?post=1945"},{"taxonomy":"post_tag","embeddable":true,"href":"https:\/\/revistahubclub.com.br\/portal\/wp-json\/wp\/v2\/tags?post=1945"}],"curies":[{"name":"wp","href":"https:\/\/api.w.org\/{rel}","templated":true}]}}