{"id":1948,"date":"2024-03-20T10:56:00","date_gmt":"2024-03-20T13:56:00","guid":{"rendered":"https:\/\/revistahubclub.com.br\/portal\/?p=1948"},"modified":"2024-12-13T10:56:38","modified_gmt":"2024-12-13T13:56:38","slug":"uberlandia-e-a-2a-cidade-de-grande-porte-do-brasil-que-mais-efetivou-contratacoes-em-2023","status":"publish","type":"post","link":"https:\/\/revistahubclub.com.br\/portal\/2024\/03\/20\/uberlandia-e-a-2a-cidade-de-grande-porte-do-brasil-que-mais-efetivou-contratacoes-em-2023\/","title":{"rendered":"Uberl\u00e2ndia \u00e9 a 2\u00aa cidade de grande porte do Brasil que mais efetivou contrata\u00e7\u00f5es em 2023"},"content":{"rendered":"\n<p id=\"viewer-pvmqv408\">Uberl\u00e2ndia \u00e9 segunda dentre as cidades de grande porte do Brasil &#8211; que det\u00e9m entre 500 mil e 1 milh\u00e3o de habitantes &#8211; a mais efetivar admiss\u00f5es em postos de trabalho no ano de 2023. Conforme dados do Cadastro Geral de Empregados e Desempregados (Caged), do Minist\u00e9rio do Trabalho e Emprego (MTE), a cidade realizou as contrata\u00e7\u00f5es de 140.227 profissionais durante todo o ano passado. O resultado garantiu que o segundo maior munic\u00edpio de Minas Gerais tamb\u00e9m obtivesse a 16\u00aa melhor performance em empregabilidade considerando todas as cidades, de todos os portes, do pa\u00eds.<\/p>\n\n\n\n<p id=\"viewer-1lt47138\">&nbsp;<\/p>\n\n\n\n<p id=\"viewer-v63fb140\">&#8220;Uberl\u00e2ndia contou com pelo menos R$ 10 bilh\u00f5es de investimentos privados desde 2017. Nossa cidade \u00e9 um lugar de oportunidades, que favorece a gera\u00e7\u00e3o de emprego, renda e capacita a m\u00e3o de obra. Investimos prioritariamente nas \u00e1reas essenciais, como Sa\u00fade, Educa\u00e7\u00e3o, Sociais e Infraestrutura e Mobilidade Urbana, para que estimulemos um cen\u00e1rio de confian\u00e7a para aqueles que querem trabalhar ou empreender. Sem contar o apoio na qualifica\u00e7\u00e3o por meio dos cursos profissionalizantes que oferecemos e a intermedia\u00e7\u00e3o junto ao mercado de trabalho por meio do Sine municipal. Seguimos de portas abertas para novos investimentos e neg\u00f3cios, pautados no crescimento social e econ\u00f4mico de nosso munic\u00edpio&#8221;, considerou o prefeito Odelmo Le\u00e3o.<\/p>\n\n\n\n<p id=\"viewer-ll58t145\">&nbsp;<\/p>\n\n\n\n<p id=\"viewer-sjq22147\">S\u00e3o 26 munic\u00edpios de grande porte analisados por meio da base de dados do Caged e, no comparativo entre eles, Uberl\u00e2ndia fica atr\u00e1s somente de Joinville (SC). O maior munic\u00edpio mineiro supera, no entanto, o restante, incluindo capitais como Campo Grande (MS), Florian\u00f3polis (SC), Cuiab\u00e1 (MT) e cidades como Contagem (MG), Ribeir\u00e3o Preto (SP), Sorocaba (SP) e S\u00e3o Bernardo do Campo (SP).<\/p>\n\n\n\n<p id=\"viewer-grwe5149\">&nbsp;<\/p>\n\n\n\n<p id=\"viewer-edcn7151\">De acordo com o MTE, os setores respons\u00e1veis por mais admiss\u00f5es no munic\u00edpio foram: Servi\u00e7os (71.118 contrata\u00e7\u00f5es), Com\u00e9rcio (33.987) e Constru\u00e7\u00e3o (14.772).<\/p>\n\n\n\n<p id=\"viewer-kbtbp153\">&nbsp;<\/p>\n\n\n\n<p id=\"viewer-8dap1155\">Ainda em 2023, em <a target=\"_blank\" href=\"https:\/\/www.coalize.com.br\/cidades-que-mais-empregaram-2023\" rel=\"noreferrer noopener\">levantamento realizado pela Coalize<\/a>, empresa voltada para a gest\u00e3o de recursos humanos, com base em dados de janeiro a setembro do ano passado, Uberl\u00e2ndia j\u00e1 mostrava bom desempenho na quantidade de contrata\u00e7\u00f5es. Entre os munic\u00edpios brasileiros com popula\u00e7\u00e3o de 500 mil a 1 milh\u00e3o de habitantes, a cidade ocupava, at\u00e9 ent\u00e3o, a quarta coloca\u00e7\u00e3o geral com mais contrata\u00e7\u00f5es, panorama que apresentou melhora at\u00e9 o fim do ano, conforme dados do Caged.<\/p>\n\n\n\n<p id=\"viewer-0jj28159\">&nbsp;<\/p>\n\n\n\n<p id=\"viewer-wya5z161\">(<a target=\"_blank\" href=\"https:\/\/app.powerbi.com\/view?r=eyJrIjoiNWI5NWI0ODEtYmZiYy00Mjg3LTkzNWUtY2UyYjIwMDE1YWI2IiwidCI6IjNlYzkyOTY5LTVhNTEtNGYxOC04YWM5LWVmOThmYmFmYTk3OCJ9&amp;pageName=ReportSectionb52b07ec3b5f3ac6c749\" rel=\"noreferrer noopener\">Os dados podem ser conferidos pelo portal do novo Caged.<\/a>)<\/p>\n","protected":false},"excerpt":{"rendered":"<p>Uberl\u00e2ndia \u00e9 segunda dentre as cidades de grande porte do Brasil &#8211; que det\u00e9m entre 500 mil e 1 milh\u00e3o de habitantes &#8211; a mais efetivar admiss\u00f5es em postos de<\/p>\n","protected":false},"author":1,"featured_media":1949,"comment_status":"open","ping_status":"open","sticky":false,"template":"","format":"standard","meta":{"footnotes":""},"categories":[1],"tags":[],"class_list":["post-1948","post","type-post","status-publish","format-standard","has-post-thumbnail","hentry","category-noticias"],"_links":{"self":[{"href":"https:\/\/revistahubclub.com.br\/portal\/wp-json\/wp\/v2\/posts\/1948","targetHints":{"allow":["GET"]}}],"collection":[{"href":"https:\/\/revistahubclub.com.br\/portal\/wp-json\/wp\/v2\/posts"}],"about":[{"href":"https:\/\/revistahubclub.com.br\/portal\/wp-json\/wp\/v2\/types\/post"}],"author":[{"embeddable":true,"href":"https:\/\/revistahubclub.com.br\/portal\/wp-json\/wp\/v2\/users\/1"}],"replies":[{"embeddable":true,"href":"https:\/\/revistahubclub.com.br\/portal\/wp-json\/wp\/v2\/comments?post=1948"}],"version-history":[{"count":1,"href":"https:\/\/revistahubclub.com.br\/portal\/wp-json\/wp\/v2\/posts\/1948\/revisions"}],"predecessor-version":[{"id":1950,"href":"https:\/\/revistahubclub.com.br\/portal\/wp-json\/wp\/v2\/posts\/1948\/revisions\/1950"}],"wp:featuredmedia":[{"embeddable":true,"href":"https:\/\/revistahubclub.com.br\/portal\/wp-json\/wp\/v2\/media\/1949"}],"wp:attachment":[{"href":"https:\/\/revistahubclub.com.br\/portal\/wp-json\/wp\/v2\/media?parent=1948"}],"wp:term":[{"taxonomy":"category","embeddable":true,"href":"https:\/\/revistahubclub.com.br\/portal\/wp-json\/wp\/v2\/categories?post=1948"},{"taxonomy":"post_tag","embeddable":true,"href":"https:\/\/revistahubclub.com.br\/portal\/wp-json\/wp\/v2\/tags?post=1948"}],"curies":[{"name":"wp","href":"https:\/\/api.w.org\/{rel}","templated":true}]}}