{"id":1951,"date":"2024-03-19T10:56:00","date_gmt":"2024-03-19T13:56:00","guid":{"rendered":"https:\/\/revistahubclub.com.br\/portal\/?p=1951"},"modified":"2024-12-13T10:57:11","modified_gmt":"2024-12-13T13:57:11","slug":"prefeitura-de-uberlandia-abre-novo-edital-para-aquisicao-de-lotes-no-polo-tecnologico-sul","status":"publish","type":"post","link":"https:\/\/revistahubclub.com.br\/portal\/2024\/03\/19\/prefeitura-de-uberlandia-abre-novo-edital-para-aquisicao-de-lotes-no-polo-tecnologico-sul\/","title":{"rendered":"Prefeitura de Uberl\u00e2ndia abre novo edital para aquisi\u00e7\u00e3o de lotes no Polo Tecnol\u00f3gico Sul"},"content":{"rendered":"\n<p id=\"viewer-rmsyd831\">Com o objetivo de impulsionar ainda mais o desenvolvimento econ\u00f4mico e tecnol\u00f3gico do munic\u00edpio, a Prefeitura de Uberl\u00e2ndia abriu nova concorr\u00eancia p\u00fablica (n\u00ba 797\/2023) para interessados na aquisi\u00e7\u00e3o de lotes do Polo Tecnol\u00f3gico Sul. Por meio de aliena\u00e7\u00e3o subsidiada, o munic\u00edpio disponibiliza 21 terrenos para instala\u00e7\u00e3o de empreendimentos de base tecnol\u00f3gica e atividades de suporte, como alimenta\u00e7\u00e3o, educa\u00e7\u00e3o, sa\u00fade, entre outros. O aviso da licita\u00e7\u00e3o foi publicado no <a target=\"_blank\" href=\"https:\/\/docs.uberlandia.mg.gov.br\/wp-content\/uploads\/2024\/02\/6797.pdf\" rel=\"noreferrer noopener\">Di\u00e1rio Oficial do Munic\u00edpio (DOM)<\/a> e o edital est\u00e1 dispon\u00edvel na \u00edntegra na <a target=\"_blank\" href=\"https:\/\/weblicitacoes.uberlandia.mg.gov.br\/weblicitacoes\/f\/n\/licitacoesdetalhescon?modoJanelaPlc=popup&amp;evento=y&amp;codigoEmpresa=1&amp;licitacao=CP%20797\/2023\" rel=\"noreferrer noopener\">se\u00e7\u00e3o de licita\u00e7\u00f5es<\/a> do portal da Prefeitura. Outros sete lotes j\u00e1 foram vendidos por meio de processos anteriores e os projetos de constru\u00e7\u00e3o j\u00e1 est\u00e3o em fase de aprova\u00e7\u00e3o pela Prefeitura.<\/p>\n\n\n\n<p id=\"viewer-l7kzg155\">&nbsp;<\/p>\n\n\n\n<p id=\"viewer-a768g157\">&nbsp;&nbsp;&nbsp;&nbsp;&nbsp;&nbsp;&nbsp;&nbsp;&nbsp;&nbsp;&nbsp; Antes da abertura dos envelopes da licita\u00e7\u00e3o, os empreendedores interessados podem agendar visita t\u00e9cnica para conhecer o primeiro loteamento empresarial p\u00fablico de Uberl\u00e2ndia, junto \u00e0 Secretaria Municipal de Agroneg\u00f3cio, Economia e Inova\u00e7\u00e3o (SMAEI). Para tanto, \u00e9 necess\u00e1rio enviar e-mail para: <a target=\"_blank\" href=\"mailto:agendamentopolo@uberlandia.mg.gov.br\" rel=\"noreferrer noopener\">agendamentopolo@uberlandia.mg.gov.br<\/a> ou ligar no n\u00famero: (34) 3239-2747. As visitas podem ser agendadas e realizadas em dias \u00fateis, das 9h \u00e0s 17h.<\/p>\n\n\n\n<p id=\"viewer-0brqt163\">&nbsp;<\/p>\n\n\n\n<p id=\"viewer-ufzda165\">&nbsp;&nbsp;&nbsp;&nbsp;&nbsp;&nbsp;&nbsp;&nbsp;&nbsp;&nbsp;&nbsp; A sess\u00e3o p\u00fablica para a abertura dos envelopes dos interessados ser\u00e1 realizada no dia 25 de abril de 2024, \u00e0s 13h, na Diretoria de Compras, situada no Centro Administrativo Municipal, na Av. Anselmo Alves dos Santos, 600, bloco II, 3\u00ba piso, bairro Santa M\u00f4nica.<\/p>\n\n\n\n<p id=\"viewer-pksi2168\">&nbsp;<\/p>\n\n\n\n<p id=\"viewer-8tkma170\"><strong>Terrenos<\/strong><\/p>\n\n\n\n<p id=\"viewer-5cpm6172\"><strong>&nbsp;<\/strong><\/p>\n\n\n\n<p id=\"viewer-chbeg174\"><strong>&nbsp;&nbsp;&nbsp;&nbsp;&nbsp;&nbsp;&nbsp;&nbsp;&nbsp;&nbsp;&nbsp; Os 21 lotes dispon\u00edveis para aliena\u00e7\u00e3o <\/strong><strong>\u00e0 iniciativa privada est\u00e3o divididos em duas modalidades, sendo 19 voltados para instala\u00e7\u00e3o de empresas de base tecnol\u00f3gica, para os quais o munic\u00edpio conceder\u00e1 subs\u00eddio de 40%. Os outros dois lotes s\u00e3o destinados a uso misto, tanto para empresas de base tecnol\u00f3gica quanto para atividades de suporte, com subs\u00eddio de 20% fornecido pela administra\u00e7\u00e3o municipal. Ambos os incentivos incidem sobre o valor de avalia\u00e7\u00e3o de cada terreno.<\/strong><\/p>\n\n\n\n<p id=\"viewer-f0ur6180\">&nbsp;<\/p>\n\n\n\n<p id=\"viewer-09ei4182\"><strong>&nbsp;&nbsp;&nbsp;&nbsp;&nbsp;&nbsp;&nbsp;&nbsp;&nbsp;&nbsp;&nbsp; As dimens\u00f5es dos terrenos variam de 600,4 m\u00b2 at\u00e9 1.975,8 m\u00b2. Demais dados relativos \u00e0 localiza\u00e7\u00e3o dos lotes, tamanhos, valores e subs\u00eddios podem ser conferidos no edital.<\/strong><\/p>\n\n\n\n<p id=\"viewer-njiso184\">&nbsp;<\/p>\n\n\n\n<p id=\"viewer-cphog186\">Polo Tecnol\u00f3gico Sul<\/p>\n\n\n\n<p id=\"viewer-jd3e3188\">&nbsp;&nbsp;&nbsp;&nbsp;&nbsp;&nbsp;&nbsp;&nbsp;&nbsp;&nbsp;&nbsp; O Polo Tecnol\u00f3gico Sul, localizado na rua da Carioca, 3.000, bairro G\u00e1vea, foi idealizado pela gest\u00e3o do prefeito Odelmo Le\u00e3o formalizado junto ao programa &#8220;<a target=\"_blank\" href=\"https:\/\/www.uberlandia.mg.gov.br\/2014\/noticia\/21155\/_inova_uberlandia__e_atualizado_e_polo_tecnologico_avanca.html\" rel=\"noreferrer noopener\">Inova Uberl\u00e2ndia<\/a>&#8220;, cuja lei de apoio \u00e0s empresas de base tecnol\u00f3gica foi sancionada em 2017. Conduzido pela Secretaria Municipal de Agroneg\u00f3cio, Economia e Inova\u00e7\u00e3o, o condom\u00ednio fechado tem 152.845 metros quadrados (m\u00b2) com 32 lotes ao todo.<\/p>\n\n\n\n<p id=\"viewer-j66ab192\">&nbsp;&nbsp;&nbsp;&nbsp;&nbsp;&nbsp;&nbsp;&nbsp;&nbsp;&nbsp;&nbsp; Os investidores encontram no espa\u00e7o, por exemplo, vias asfaltadas, cal\u00e7adas, estacionamentos, ciclovia, sistema de drenagem pluvial, dep\u00f3sito de res\u00edduos, guarita e uma \u00e1rea de recrea\u00e7\u00e3o de 26,7 mil m\u00b2 (com teatro de arena, mirante, paisagismo, entre outros). O Polo Tecnol\u00f3gico tamb\u00e9m conta com sistema de ilumina\u00e7\u00e3o p\u00fablica e redes subterr\u00e2neas de energia el\u00e9trica, com postes de l\u00e2mpadas de LED e de energia solar, al\u00e9m de transformadores com capacidade para abastecer o equivalente ao consumo de 100 resid\u00eancias de tamanho m\u00e9dio. Na parte de saneamento, h\u00e1, ainda, uma esta\u00e7\u00e3o elevat\u00f3ria de esgoto, po\u00e7os de visita (PVs) e 1,8 mil metros de rede de \u00e1gua.<\/p>\n\n\n\n<p id=\"viewer-3bwlh194\">&nbsp;<\/p>\n\n\n\n<p id=\"viewer-nqboz196\">Importante<\/p>\n\n\n\n<p id=\"viewer-36l3t198\">&nbsp;<\/p>\n\n\n\n<p id=\"viewer-qo94k200\">\u00b7&nbsp;&nbsp;&nbsp;&nbsp;&nbsp;&nbsp;&nbsp;&nbsp; Cada licitante poder\u00e1 adquirir at\u00e9 tr\u00eas lotes;<\/p>\n\n\n\n<p id=\"viewer-xri0e205\">\u00b7&nbsp;&nbsp;&nbsp;&nbsp;&nbsp;&nbsp;&nbsp;&nbsp; Os vencedores dos im\u00f3veis voltados \u00e0 ocupa\u00e7\u00e3o por empresas de base tecnol\u00f3gica ter\u00e3o que garantir a destina\u00e7\u00e3o pelo prazo de 30 anos;<\/p>\n\n\n\n<p id=\"viewer-8hor8209\">\u00b7&nbsp;&nbsp;&nbsp;&nbsp;&nbsp;&nbsp;&nbsp;&nbsp; Para se habilitarem, os licitantes dever\u00e3o, em at\u00e9 dois dias \u00fateis antecedentes \u00e0 abertura da sess\u00e3o p\u00fablica, recolher cau\u00e7\u00e3o correspondente a 5% calculado sobre o valor m\u00ednimo para aliena\u00e7\u00e3o com pagamento \u00e0 vista do lote de maior valor de avalia\u00e7\u00e3o da proposta;<\/p>\n\n\n\n<p id=\"viewer-ofnlk214\">\u00b7&nbsp;&nbsp;&nbsp;&nbsp;&nbsp;&nbsp;&nbsp;&nbsp; O valor total da aliena\u00e7\u00e3o poder\u00e1 ser pago em at\u00e9 36 parcelas, considerada a corre\u00e7\u00e3o anual dos valores parcelados, de acordo com a varia\u00e7\u00e3o positiva do \u00cdndice Nacional de Pre\u00e7os ao Consumidor (INPC) ou outro \u00edndice que venha a substitu\u00ed-lo, sendo que o prazo tratado ser\u00e1 iniciado a partir da lavratura da escritura p\u00fablica;<\/p>\n\n\n\n<p id=\"viewer-j19pw220\">\u00b7&nbsp;&nbsp;&nbsp;&nbsp;&nbsp;&nbsp;&nbsp;&nbsp; Sobre o valor da proposta vencedora ser\u00e1 concedido desconto de 10% em caso de pagamento \u00e0 vista;<\/p>\n\n\n\n<p id=\"viewer-slhho224\">\u00b7&nbsp;&nbsp;&nbsp;&nbsp;&nbsp;&nbsp;&nbsp;&nbsp; O prazo de in\u00edcio dos investimentos ser\u00e1 de seis meses, a contar da lavratura da escritura;<\/p>\n\n\n\n<p id=\"viewer-q0kuq228\">\u00b7&nbsp;&nbsp;&nbsp;&nbsp;&nbsp;&nbsp;&nbsp;&nbsp; As atividades no im\u00f3vel adquirido devem ser iniciadas em at\u00e9 36 meses, tamb\u00e9m contados da lavratura da escritura.<\/p>\n\n\n\n<p id=\"viewer-jtwtd232\">\u00b7&nbsp;&nbsp;&nbsp;&nbsp;&nbsp;&nbsp;&nbsp;&nbsp; Para os 19 lotes destinados \u00e0 instala\u00e7\u00e3o de empresas de base tecnol\u00f3gica, o Munic\u00edpio conceder\u00e1 isen\u00e7\u00e3o sobre o Imposto sobre Transmiss\u00e3o de Bens Im\u00f3veis (ITBI) e de (IPTU) por dez anos, mediante cumprimento de contrapartidas sociais presentes na lei do Inova Uberl\u00e2ndia.<\/p>\n\n\n\n<p id=\"viewer-gh5gu237\">D\u00favidas<\/p>\n\n\n\n<p id=\"viewer-zs2so239\">&nbsp;<\/p>\n\n\n\n<p id=\"viewer-m48xa241\">Em caso de d\u00favidas, interessados devem encaminhar e-mail para:&nbsp; <a target=\"_blank\" href=\"mailto:licitacoespmu@uberlandia.mg.gov.br\" rel=\"noreferrer noopener\">licitacoespmu@uberlandia.mg.gov.br<\/a>, ou por escrito \u00e0 Comiss\u00e3o Permanente de Licita\u00e7\u00e3o, na Diretoria de Compras, localizada na av. Anselmo Alves dos Santos, 600, bairro Santa M\u00f4nica, com anteced\u00eancia de at\u00e9 cinco dias \u00fateis em rela\u00e7\u00e3o \u00e0 data marcada para a entrega dos envelopes.<\/p>\n","protected":false},"excerpt":{"rendered":"<p>Com o objetivo de impulsionar ainda mais o desenvolvimento econ\u00f4mico e tecnol\u00f3gico do munic\u00edpio, a Prefeitura de Uberl\u00e2ndia abriu nova concorr\u00eancia p\u00fablica (n\u00ba 797\/2023) para interessados na aquisi\u00e7\u00e3o de lotes<\/p>\n","protected":false},"author":1,"featured_media":1952,"comment_status":"open","ping_status":"open","sticky":false,"template":"","format":"standard","meta":{"footnotes":""},"categories":[1],"tags":[],"class_list":["post-1951","post","type-post","status-publish","format-standard","has-post-thumbnail","hentry","category-noticias"],"_links":{"self":[{"href":"https:\/\/revistahubclub.com.br\/portal\/wp-json\/wp\/v2\/posts\/1951","targetHints":{"allow":["GET"]}}],"collection":[{"href":"https:\/\/revistahubclub.com.br\/portal\/wp-json\/wp\/v2\/posts"}],"about":[{"href":"https:\/\/revistahubclub.com.br\/portal\/wp-json\/wp\/v2\/types\/post"}],"author":[{"embeddable":true,"href":"https:\/\/revistahubclub.com.br\/portal\/wp-json\/wp\/v2\/users\/1"}],"replies":[{"embeddable":true,"href":"https:\/\/revistahubclub.com.br\/portal\/wp-json\/wp\/v2\/comments?post=1951"}],"version-history":[{"count":1,"href":"https:\/\/revistahubclub.com.br\/portal\/wp-json\/wp\/v2\/posts\/1951\/revisions"}],"predecessor-version":[{"id":1953,"href":"https:\/\/revistahubclub.com.br\/portal\/wp-json\/wp\/v2\/posts\/1951\/revisions\/1953"}],"wp:featuredmedia":[{"embeddable":true,"href":"https:\/\/revistahubclub.com.br\/portal\/wp-json\/wp\/v2\/media\/1952"}],"wp:attachment":[{"href":"https:\/\/revistahubclub.com.br\/portal\/wp-json\/wp\/v2\/media?parent=1951"}],"wp:term":[{"taxonomy":"category","embeddable":true,"href":"https:\/\/revistahubclub.com.br\/portal\/wp-json\/wp\/v2\/categories?post=1951"},{"taxonomy":"post_tag","embeddable":true,"href":"https:\/\/revistahubclub.com.br\/portal\/wp-json\/wp\/v2\/tags?post=1951"}],"curies":[{"name":"wp","href":"https:\/\/api.w.org\/{rel}","templated":true}]}}