{"id":1954,"date":"2024-03-19T10:57:00","date_gmt":"2024-03-19T13:57:00","guid":{"rendered":"https:\/\/revistahubclub.com.br\/portal\/?p=1954"},"modified":"2024-12-13T10:57:54","modified_gmt":"2024-12-13T13:57:54","slug":"regiao-do-cerrado-mineiro-participa-do-seminario-sobre-indicacoes-geograficas-para-o-mercosul","status":"publish","type":"post","link":"https:\/\/revistahubclub.com.br\/portal\/2024\/03\/19\/regiao-do-cerrado-mineiro-participa-do-seminario-sobre-indicacoes-geograficas-para-o-mercosul\/","title":{"rendered":"Regi\u00e3o do Cerrado Mineiro participa do Semin\u00e1rio sobre Indica\u00e7\u00f5es Geogr\u00e1ficas para o Mercosul"},"content":{"rendered":"\n<p id=\"viewer-svq2x144\">Ana Cec\u00edlia Velloso Branco, membro do Conselho Regulador da Denomina\u00e7\u00e3o de Origem da Regi\u00e3o do Cerrado Mineiro ir\u00e1 representar a regi\u00e3o no Semin\u00e1rio sobre Indica\u00e7\u00f5es Geogr\u00e1ficas para o Mercosul. O evento acontece em Belo Horizonte, nos dias 20 e 21 de mar\u00e7o, e \u00e9 promovido pela IP Key LA, uma organiza\u00e7\u00e3o internacional especializada em propriedade intelectual de Indica\u00e7\u00f5es Geogr\u00e1ficas (IGs) e marcas coletivas.<\/p>\n\n\n\n<p id=\"viewer-kgkpv44\">Esse evento, uma iniciativa de coopera\u00e7\u00e3o entre a Uni\u00e3o Europeia e os pa\u00edses do Mercosul, busca promover oportunidades econ\u00f4micas e desenvolvimento local por meio da prote\u00e7\u00e3o de IGs. O semin\u00e1rio n\u00e3o apenas apoia a implementa\u00e7\u00e3o das disposi\u00e7\u00f5es de IG, mas tamb\u00e9m enfatiza os benef\u00edcios para os produtores locais, promovendo o acesso ao mercado e preservando o patrim\u00f4nio cultural.<\/p>\n\n\n\n<p id=\"viewer-7f4ez46\">Al\u00e9m disso, Ana Cec\u00edlia, que tamb\u00e9m \u00e9 uma das Embaixadoras da Regi\u00e3o do Cerrado Mineiro, ter\u00e1 a oportunidade de apresentar dois momentos durante o evento. Um deles abordar\u00e1 o <em>Fingerprint <\/em>(impress\u00e3o digital), no qual a Regi\u00e3o do Cerrado Mineiro \u00e9 um case exemplar por ter sido a primeira regi\u00e3o com Denomina\u00e7\u00e3o de Origem (DO) no mundo a obter a tecnologia. O outro momento destacar\u00e1 a Rota do Caf\u00e9 do Cerrado Mineiro, uma iniciativa que n\u00e3o apenas promove a excel\u00eancia do caf\u00e9 da regi\u00e3o, mas tamb\u00e9m fortalece os la\u00e7os culturais e tur\u00edsticos.<\/p>\n\n\n\n<p id=\"viewer-14j3n50\">\u201cSeremos a \u00fanica Indica\u00e7\u00e3o Geogr\u00e1fica em Caf\u00e9 do Brasil a participar do Semin\u00e1rio.&nbsp; A participa\u00e7\u00e3o da Ana Cec\u00edlia no evento n\u00e3o s\u00f3 evidencia a import\u00e2ncia do Cerrado Mineiro como uma pot\u00eancia na produ\u00e7\u00e3o de caf\u00e9 de alta qualidade, mas tamb\u00e9m demonstra o compromisso da regi\u00e3o em compartilhar conhecimento e colaborar em n\u00edveis internacionais. Ana Cec\u00edlia, ao representar a Regi\u00e3o do Cerrado Mineiro, n\u00e3o apenas honra sua regi\u00e3o, mas tamb\u00e9m inspira outros produtores a explorarem o potencial das Indica\u00e7\u00f5es Geogr\u00e1ficas para o desenvolvimento sustent\u00e1vel e o reconhecimento global\u201d, destaca o diretor executivo da Federa\u00e7\u00e3o dos Cafeicultores do Cerrado, Juliano Tarabal.<\/p>\n\n\n\n<p id=\"viewer-iyweq52\">Para Ana Cec\u00edlia Velloso, participar deste evento \u00e9 uma oportunidade incr\u00edvel para o Cerrado Mineiro, uma regi\u00e3o de atitude, se unir a outros l\u00edderes do setor de Indica\u00e7\u00f5es Geogr\u00e1ficas (IGs). \u201cEstamos conscientes do nosso papel pioneiro na produ\u00e7\u00e3o de caf\u00e9 de alta qualidade e sustent\u00e1vel, e estar presente neste semin\u00e1rio nos permite compartilhar nossa experi\u00eancia e aprender com os outros. Acreditamos que \u00e9 essencial promover a autenticidade e a diversidade do caf\u00e9 brasileiro, e este evento nos oferece uma plataforma valiosa para fazer exatamente isso. Estamos gratos pela oportunidade e ansiosos para contribuir para a discuss\u00e3o sobre <em>Fingerprint<\/em> e Rotas do Caf\u00e9, enquanto celebramos a rica heran\u00e7a do Cerrado Mineiro&#8221;, avalia Ana Cec\u00edlia Velloso.<\/p>\n\n\n\n<p id=\"viewer-2wo4g56\">&nbsp;<\/p>\n","protected":false},"excerpt":{"rendered":"<p>Ana Cec\u00edlia Velloso Branco, membro do Conselho Regulador da Denomina\u00e7\u00e3o de Origem da Regi\u00e3o do Cerrado Mineiro ir\u00e1 representar a regi\u00e3o no Semin\u00e1rio sobre Indica\u00e7\u00f5es Geogr\u00e1ficas para o Mercosul. O<\/p>\n","protected":false},"author":1,"featured_media":1955,"comment_status":"open","ping_status":"open","sticky":false,"template":"","format":"standard","meta":{"footnotes":""},"categories":[1],"tags":[],"class_list":["post-1954","post","type-post","status-publish","format-standard","has-post-thumbnail","hentry","category-noticias"],"_links":{"self":[{"href":"https:\/\/revistahubclub.com.br\/portal\/wp-json\/wp\/v2\/posts\/1954","targetHints":{"allow":["GET"]}}],"collection":[{"href":"https:\/\/revistahubclub.com.br\/portal\/wp-json\/wp\/v2\/posts"}],"about":[{"href":"https:\/\/revistahubclub.com.br\/portal\/wp-json\/wp\/v2\/types\/post"}],"author":[{"embeddable":true,"href":"https:\/\/revistahubclub.com.br\/portal\/wp-json\/wp\/v2\/users\/1"}],"replies":[{"embeddable":true,"href":"https:\/\/revistahubclub.com.br\/portal\/wp-json\/wp\/v2\/comments?post=1954"}],"version-history":[{"count":1,"href":"https:\/\/revistahubclub.com.br\/portal\/wp-json\/wp\/v2\/posts\/1954\/revisions"}],"predecessor-version":[{"id":1956,"href":"https:\/\/revistahubclub.com.br\/portal\/wp-json\/wp\/v2\/posts\/1954\/revisions\/1956"}],"wp:featuredmedia":[{"embeddable":true,"href":"https:\/\/revistahubclub.com.br\/portal\/wp-json\/wp\/v2\/media\/1955"}],"wp:attachment":[{"href":"https:\/\/revistahubclub.com.br\/portal\/wp-json\/wp\/v2\/media?parent=1954"}],"wp:term":[{"taxonomy":"category","embeddable":true,"href":"https:\/\/revistahubclub.com.br\/portal\/wp-json\/wp\/v2\/categories?post=1954"},{"taxonomy":"post_tag","embeddable":true,"href":"https:\/\/revistahubclub.com.br\/portal\/wp-json\/wp\/v2\/tags?post=1954"}],"curies":[{"name":"wp","href":"https:\/\/api.w.org\/{rel}","templated":true}]}}