{"id":1957,"date":"2024-03-19T10:57:00","date_gmt":"2024-03-19T13:57:00","guid":{"rendered":"https:\/\/revistahubclub.com.br\/portal\/?p=1957"},"modified":"2024-12-13T10:58:27","modified_gmt":"2024-12-13T13:58:27","slug":"almir-surui-lider-indigena-marca-presenca-em-dois-eventos-em-uberlandia","status":"publish","type":"post","link":"https:\/\/revistahubclub.com.br\/portal\/2024\/03\/19\/almir-surui-lider-indigena-marca-presenca-em-dois-eventos-em-uberlandia\/","title":{"rendered":"Almir Suru\u00ed, l\u00edder ind\u00edgena, marca presen\u00e7a em dois eventos em Uberl\u00e2ndia"},"content":{"rendered":"\n<p id=\"viewer-mc9ab1710\">O renomado l\u00edder do povo Paiter Suru\u00ed, Almir Narayamoga Suru\u00ed, cujas contribui\u00e7\u00f5es ao desenvolvimento sustent\u00e1vel t\u00eam alcan\u00e7ado reconhecimento mundial, estar\u00e1 presente em Uberl\u00e2ndia nos dias 26 e 27 de mar\u00e7o para participar de dois eventos de grande import\u00e2ncia.<\/p>\n\n\n\n<p id=\"viewer-mpkj71480\">Um desses eventos \u00e9 o Curso &#8220;Conex\u00e3o ESG&#8221;, que contar\u00e1 tamb\u00e9m com a presen\u00e7a do fundador da SoulUp Consultoria, Yuri Lopes, que realizou um Planejamento Estrat\u00e9gico para esta etnia, de onde surgiram projetos para Educa\u00e7\u00e3o, Turismo, Agroflorestas, Gera\u00e7\u00e3o de Renda e implementa\u00e7\u00e3o de um programa de ESG. Este curso, programado para acontecer nos dois dias mencionados, das 14h \u00e0s 16h, ser\u00e1 realizado no Anfiteatro do bloco 8C da Universidade Federal de Uberl\u00e2ndia (UFU) \u2013 Umuarama.<\/p>\n\n\n\n<p id=\"viewer-olef71482\">A visita do chefe Almir inclui tamb\u00e9m uma viv\u00eancia com alunos do Col\u00e9gio Nacional, um dos apoiadores do projeto para melhoria na qualidade da educa\u00e7\u00e3o, desenvolvido na escola rural, situada na Aldeia Lapetanha, onde reside o l\u00edder dos Paiter Surui, prevista para ocorrer das 10h30 \u00e0s 11h30, no dia 26 de mar\u00e7o.&nbsp;<\/p>\n\n\n\n<p id=\"viewer-mljkp1485\">Al\u00e9m disso, destaca-se a apresenta\u00e7\u00e3o do &#8220;Plano de Gest\u00e3o Territorial Suru\u00ed Paiter: Sustentabilidade e Preserva\u00e7\u00e3o na Amaz\u00f4nia Brasileira&#8221;, que foi premiado com o Pr\u00eamio Nobel Verde em 2023. Esta apresenta\u00e7\u00e3o est\u00e1 marcada para o dia 27 de mar\u00e7o, \u00e0s 9h, no audit\u00f3rio 50D da UFU do Campus Santa M\u00f4nica.<\/p>\n\n\n\n<p id=\"viewer-hq22a1487\">Conex\u00e3o ESG&nbsp;<\/p>\n\n\n\n<p id=\"viewer-8xz8u2786\">O Curso &#8220;Conex\u00e3o ESG&#8221; ser\u00e1 estruturado em quatro m\u00f3dulos abordando os seguintes temas: &#8220;Conhecendo mais sobre o ESG&#8221;, &#8220;O &#8216;E&#8217; ou &#8216;A&#8217; do Ambiental&#8221;, &#8220;O &#8216;G&#8217; da Governan\u00e7a&#8221; e &#8220;O &#8216;S&#8217; do Social&#8221;. Este curso \u00e9 uma realiza\u00e7\u00e3o da IluMinas Artes Produ\u00e7\u00e3o Cultural, com o patroc\u00ednio do Instituto Alair Martins e o apoio da Minas Bio. As inscri\u00e7\u00f5es gratuitas podem ser feitas&nbsp;<a target=\"_blank\" href=\"https:\/\/www.instagram.com\/juliana.schroden\/\" rel=\"noreferrer noopener\">pelo<\/a>&nbsp;link&nbsp;<a target=\"_blank\" href=\"https:\/\/shre.ink\/068639\" rel=\"noreferrer noopener\">https:\/\/shre.ink\/068639<\/a>&nbsp;ou no pr\u00f3prio local antes do in\u00edcio do evento.<\/p>\n\n\n\n<p id=\"viewer-opa9o2681\">Oficina<\/p>\n\n\n\n<p id=\"viewer-tqljf2911\">J\u00e1 a Oficina &#8220;Plano de Gest\u00e3o Territorial Suru\u00ed Paiter: Sustentabilidade e Preserva\u00e7\u00e3o na Amaz\u00f4nia Brasileira&#8221;, tamb\u00e9m ser\u00e1 conduzida por Almir Narayamoga Suru\u00ed. Almir foi reconhecido na categoria de Responsabilidade Social e Governan\u00e7a pelo desenvolvimento do Projeto Pamine (Renascer da Floresta), respons\u00e1vel pelo plantio de mais de 1.5 milh\u00e3o de mudas em uma \u00e1rea previamente devastada do Territ\u00f3rio Sete de Setembro, localizada nos estados de Rond\u00f4nia e Mato Grosso, onde residem os ind\u00edgenas de sua etnia.<\/p>\n\n\n\n<p id=\"viewer-gyhqe3034\">A Oficina promovida pelo Museu dos Povos Ind\u00edgenas da Universidade Federal de Uberl\u00e2ndia (Mus\u00edndio\/UFU), tem como objetivo explorar os sistemas de defesa desenvolvidos no territ\u00f3rio Paiter Suru\u00ed, resultantes da resist\u00eancia ind\u00edgena e ao mesmo tempo evitar invas\u00f5es, desmatamentos e inc\u00eandios provocados por n\u00e3o ind\u00edgenas.<\/p>\n\n\n\n<p id=\"viewer-umu4s1506\">Link de inscri\u00e7\u00f5es para a oficina:&nbsp;<a target=\"_blank\" href=\"https:\/\/shre.ink\/86fD\" rel=\"noreferrer noopener\">https:\/\/shre.ink\/86fD<\/a>. Haver\u00e1 emiss\u00e3o de certificados.<\/p>\n","protected":false},"excerpt":{"rendered":"<p>O renomado l\u00edder do povo Paiter Suru\u00ed, Almir Narayamoga Suru\u00ed, cujas contribui\u00e7\u00f5es ao desenvolvimento sustent\u00e1vel t\u00eam alcan\u00e7ado reconhecimento mundial, estar\u00e1 presente em Uberl\u00e2ndia nos dias 26 e 27 de mar\u00e7o<\/p>\n","protected":false},"author":1,"featured_media":1958,"comment_status":"open","ping_status":"open","sticky":false,"template":"","format":"standard","meta":{"footnotes":""},"categories":[1],"tags":[],"class_list":["post-1957","post","type-post","status-publish","format-standard","has-post-thumbnail","hentry","category-noticias"],"_links":{"self":[{"href":"https:\/\/revistahubclub.com.br\/portal\/wp-json\/wp\/v2\/posts\/1957","targetHints":{"allow":["GET"]}}],"collection":[{"href":"https:\/\/revistahubclub.com.br\/portal\/wp-json\/wp\/v2\/posts"}],"about":[{"href":"https:\/\/revistahubclub.com.br\/portal\/wp-json\/wp\/v2\/types\/post"}],"author":[{"embeddable":true,"href":"https:\/\/revistahubclub.com.br\/portal\/wp-json\/wp\/v2\/users\/1"}],"replies":[{"embeddable":true,"href":"https:\/\/revistahubclub.com.br\/portal\/wp-json\/wp\/v2\/comments?post=1957"}],"version-history":[{"count":1,"href":"https:\/\/revistahubclub.com.br\/portal\/wp-json\/wp\/v2\/posts\/1957\/revisions"}],"predecessor-version":[{"id":1959,"href":"https:\/\/revistahubclub.com.br\/portal\/wp-json\/wp\/v2\/posts\/1957\/revisions\/1959"}],"wp:featuredmedia":[{"embeddable":true,"href":"https:\/\/revistahubclub.com.br\/portal\/wp-json\/wp\/v2\/media\/1958"}],"wp:attachment":[{"href":"https:\/\/revistahubclub.com.br\/portal\/wp-json\/wp\/v2\/media?parent=1957"}],"wp:term":[{"taxonomy":"category","embeddable":true,"href":"https:\/\/revistahubclub.com.br\/portal\/wp-json\/wp\/v2\/categories?post=1957"},{"taxonomy":"post_tag","embeddable":true,"href":"https:\/\/revistahubclub.com.br\/portal\/wp-json\/wp\/v2\/tags?post=1957"}],"curies":[{"name":"wp","href":"https:\/\/api.w.org\/{rel}","templated":true}]}}