{"id":1960,"date":"2024-03-19T10:58:00","date_gmt":"2024-03-19T13:58:00","guid":{"rendered":"https:\/\/revistahubclub.com.br\/portal\/?p=1960"},"modified":"2024-12-13T10:59:12","modified_gmt":"2024-12-13T13:59:12","slug":"abertura-do-comercio-na-sexta-feira-santa-e-facultativo","status":"publish","type":"post","link":"https:\/\/revistahubclub.com.br\/portal\/2024\/03\/19\/abertura-do-comercio-na-sexta-feira-santa-e-facultativo\/","title":{"rendered":"Abertura do com\u00e9rcio na Sexta-Feira Santa \u00e9 facultativo\u00a0"},"content":{"rendered":"\n<p id=\"viewer-31ax41137\">O funcionamento do com\u00e9rcio no dia 29 de mar\u00e7o, Sexta-Feira Santa, de acordo com a Conven\u00e7\u00e3o Coletiva 2023\/2024, firmada entre o Sindicom\u00e9rcio e o Sindicato dos Empregados no Com\u00e9rcio de Uberl\u00e2ndia e Araguari (Secua), divulgado pela CDL Uberl\u00e2ndia, \u00e9 facultativo para o Com\u00e9rcio Varejista de G\u00eaneros Aliment\u00edcios e Afins, bem como para os lojistas do com\u00e9rcio.<\/p>\n\n\n\n<p id=\"viewer-ek3m91082\">Na sexta, as lojas de centro e bairros poder\u00e3o funcionar no hor\u00e1rio das 9h \u00e0s 18h.<\/p>\n","protected":false},"excerpt":{"rendered":"<p>O funcionamento do com\u00e9rcio no dia 29 de mar\u00e7o, Sexta-Feira Santa, de acordo com a Conven\u00e7\u00e3o Coletiva 2023\/2024, firmada entre o Sindicom\u00e9rcio e o Sindicato dos Empregados no Com\u00e9rcio de<\/p>\n","protected":false},"author":1,"featured_media":1961,"comment_status":"open","ping_status":"open","sticky":false,"template":"","format":"standard","meta":{"footnotes":""},"categories":[1],"tags":[],"class_list":["post-1960","post","type-post","status-publish","format-standard","has-post-thumbnail","hentry","category-noticias"],"_links":{"self":[{"href":"https:\/\/revistahubclub.com.br\/portal\/wp-json\/wp\/v2\/posts\/1960","targetHints":{"allow":["GET"]}}],"collection":[{"href":"https:\/\/revistahubclub.com.br\/portal\/wp-json\/wp\/v2\/posts"}],"about":[{"href":"https:\/\/revistahubclub.com.br\/portal\/wp-json\/wp\/v2\/types\/post"}],"author":[{"embeddable":true,"href":"https:\/\/revistahubclub.com.br\/portal\/wp-json\/wp\/v2\/users\/1"}],"replies":[{"embeddable":true,"href":"https:\/\/revistahubclub.com.br\/portal\/wp-json\/wp\/v2\/comments?post=1960"}],"version-history":[{"count":1,"href":"https:\/\/revistahubclub.com.br\/portal\/wp-json\/wp\/v2\/posts\/1960\/revisions"}],"predecessor-version":[{"id":1962,"href":"https:\/\/revistahubclub.com.br\/portal\/wp-json\/wp\/v2\/posts\/1960\/revisions\/1962"}],"wp:featuredmedia":[{"embeddable":true,"href":"https:\/\/revistahubclub.com.br\/portal\/wp-json\/wp\/v2\/media\/1961"}],"wp:attachment":[{"href":"https:\/\/revistahubclub.com.br\/portal\/wp-json\/wp\/v2\/media?parent=1960"}],"wp:term":[{"taxonomy":"category","embeddable":true,"href":"https:\/\/revistahubclub.com.br\/portal\/wp-json\/wp\/v2\/categories?post=1960"},{"taxonomy":"post_tag","embeddable":true,"href":"https:\/\/revistahubclub.com.br\/portal\/wp-json\/wp\/v2\/tags?post=1960"}],"curies":[{"name":"wp","href":"https:\/\/api.w.org\/{rel}","templated":true}]}}