{"id":1972,"date":"2024-03-15T11:00:00","date_gmt":"2024-03-15T14:00:00","guid":{"rendered":"https:\/\/revistahubclub.com.br\/portal\/?p=1972"},"modified":"2024-12-13T11:01:32","modified_gmt":"2024-12-13T14:01:32","slug":"garantia-safra-de-r-1-200-sera-pago-a-35-mil-agricultores-de-mg-a-partir-deste-mes","status":"publish","type":"post","link":"https:\/\/revistahubclub.com.br\/portal\/2024\/03\/15\/garantia-safra-de-r-1-200-sera-pago-a-35-mil-agricultores-de-mg-a-partir-deste-mes\/","title":{"rendered":"Garantia safra de R$ 1.200 ser\u00e1 pago a 35 mil agricultores de MG a partir deste m\u00eas"},"content":{"rendered":"\n<p id=\"viewer-elr5k623\">Uma boa not\u00edcia para os agricultores familiares que registraram grandes perdas nas lavouras na safra 2022\/2023, seja por seca ou por excesso de chuvas: O Minist\u00e9rio do Desenvolvimento Agr\u00e1rio e Agricultura Familiar autorizou, a partir desta sexta-feira, o pagamento do Garantia-Safra aos agricultores que fizeram a ades\u00e3o ao benef\u00edcio, que passa a ser de R$ 1.200,00.<\/p>\n\n\n\n<p id=\"viewer-7an6g130\">Em Minas Gerais, os recursos v\u00e3o chegar a 35,320 mil agricultores, de 102 munic\u00edpios, num total de R$ 42,384 milh\u00f5es. A libera\u00e7\u00e3o dos recursos ser\u00e1 realizada em parcela \u00fanica, a partir deste m\u00eas de mar\u00e7o de 2024, nas datas definidas pelo calend\u00e1rio de pagamento de benef\u00edcios sociais da Caixa Econ\u00f4mica Federal. O pagamento estar\u00e1 dispon\u00edvel nas ag\u00eancias da Caixa, nas casas lot\u00e9ricas e tamb\u00e9m pelo aplicativo (APP) Caixa Tem.<\/p>\n\n\n\n<p id=\"viewer-ejpdb151\"><strong><em>Reajuste<\/em><\/strong><\/p>\n\n\n\n<p id=\"viewer-t0uhw171\">A coordenadora do Programa Garantia-Safra na Emater-MG, Eunice Ferreira, destaca a import\u00e2ncia do aumento do valor do benef\u00edcio: &#8220;Desde 2013, o valor estava congelado em R$ 850,00. O reajuste vai dar um al\u00edvio maior para os agricultores que tiveram perdas na safra passada e j\u00e1 sofrem tamb\u00e9m com os preju\u00edzos causados pela forte seca de 2023.&#8221;<\/p>\n\n\n\n<p id=\"viewer-qxsin173\">Eunice Ferreira explica que t\u00eam direito a receber o Garantia-Safra liberado agora em mar\u00e7o os agricultores familiares que aderiram ao programa antes do plantio da safra 2022\/2023. Outro requisito \u00e9 que os munic\u00edpios tenham aderido ao programa, que conta com recursos dos governos estadual, federal, municipal e dos agricultores. E \u00e9 necess\u00e1rio tamb\u00e9m o municipio ter comprovado perdas superiores a 50% nas lavouras, em fun\u00e7\u00e3o de seca ou excesso h\u00eddrico no per\u00edodo.<\/p>\n\n\n\n<p id=\"viewer-4dggs200\"><strong><em>Emater-MG<\/em><\/strong><\/p>\n","protected":false},"excerpt":{"rendered":"<p>Uma boa not\u00edcia para os agricultores familiares que registraram grandes perdas nas lavouras na safra 2022\/2023, seja por seca ou por excesso de chuvas: O Minist\u00e9rio do Desenvolvimento Agr\u00e1rio e<\/p>\n","protected":false},"author":1,"featured_media":1973,"comment_status":"open","ping_status":"open","sticky":false,"template":"","format":"standard","meta":{"footnotes":""},"categories":[1],"tags":[],"class_list":["post-1972","post","type-post","status-publish","format-standard","has-post-thumbnail","hentry","category-noticias"],"_links":{"self":[{"href":"https:\/\/revistahubclub.com.br\/portal\/wp-json\/wp\/v2\/posts\/1972","targetHints":{"allow":["GET"]}}],"collection":[{"href":"https:\/\/revistahubclub.com.br\/portal\/wp-json\/wp\/v2\/posts"}],"about":[{"href":"https:\/\/revistahubclub.com.br\/portal\/wp-json\/wp\/v2\/types\/post"}],"author":[{"embeddable":true,"href":"https:\/\/revistahubclub.com.br\/portal\/wp-json\/wp\/v2\/users\/1"}],"replies":[{"embeddable":true,"href":"https:\/\/revistahubclub.com.br\/portal\/wp-json\/wp\/v2\/comments?post=1972"}],"version-history":[{"count":1,"href":"https:\/\/revistahubclub.com.br\/portal\/wp-json\/wp\/v2\/posts\/1972\/revisions"}],"predecessor-version":[{"id":1974,"href":"https:\/\/revistahubclub.com.br\/portal\/wp-json\/wp\/v2\/posts\/1972\/revisions\/1974"}],"wp:featuredmedia":[{"embeddable":true,"href":"https:\/\/revistahubclub.com.br\/portal\/wp-json\/wp\/v2\/media\/1973"}],"wp:attachment":[{"href":"https:\/\/revistahubclub.com.br\/portal\/wp-json\/wp\/v2\/media?parent=1972"}],"wp:term":[{"taxonomy":"category","embeddable":true,"href":"https:\/\/revistahubclub.com.br\/portal\/wp-json\/wp\/v2\/categories?post=1972"},{"taxonomy":"post_tag","embeddable":true,"href":"https:\/\/revistahubclub.com.br\/portal\/wp-json\/wp\/v2\/tags?post=1972"}],"curies":[{"name":"wp","href":"https:\/\/api.w.org\/{rel}","templated":true}]}}