{"id":1978,"date":"2024-03-14T11:02:00","date_gmt":"2024-03-14T14:02:00","guid":{"rendered":"https:\/\/revistahubclub.com.br\/portal\/?p=1978"},"modified":"2024-12-13T11:02:39","modified_gmt":"2024-12-13T14:02:39","slug":"chamamento-publico-aberto-para-empreendedores-na-femec-2024","status":"publish","type":"post","link":"https:\/\/revistahubclub.com.br\/portal\/2024\/03\/14\/chamamento-publico-aberto-para-empreendedores-na-femec-2024\/","title":{"rendered":"Chamamento p\u00fablico aberto para empreendedores na Femec 2024"},"content":{"rendered":"\n<p id=\"viewer-attsi4367\">Com o objetivo de estimular e apoiar o fortalecimento da agroind\u00fastria de pequeno porte e startups que desenvolvem produtos e tecnologia para o campo, a Prefeitura de Uberl\u00e2ndia est\u00e1 com chamamento p\u00fablico aberto para que empreendedores locais atuantes nesses segmentos participem da Feira do Agroneg\u00f3cio Mineiro (Femec) 2024. Os interessados podem fazer a habilita\u00e7\u00e3o at\u00e9 as 18h da pr\u00f3xima ter\u00e7a-feira (19). A participa\u00e7\u00e3o \u00e9 volunt\u00e1ria e sem contrapartida financeira por parte do Munic\u00edpio, que disponibilizar\u00e1 espa\u00e7os de exposi\u00e7\u00e3o por meio da Secretaria Municipal de Agroneg\u00f3cio, Economia e Inova\u00e7\u00e3o (SMAEI). S\u00e3o dois editais, que est\u00e3o dispon\u00edveis no Di\u00e1rio Oficial do Munic\u00edpio (DOM) de sexta-feira (8).&nbsp;<a target=\"_blank\" href=\"https:\/\/docs.uberlandia.mg.gov.br\/wp-content\/uploads\/2024\/03\/6810.pdf\" rel=\"noreferrer noopener\"><strong>(Aqui est\u00e1 o edital: confira os chamamentos SMAEI 002 e 003\/2024)<\/strong><\/a><\/p>\n\n\n\n<p id=\"viewer-9nnb522\">A abertura de oportunidades para pequenos expositores da cidade na Femec \u00e9 uma iniciativa da SMAEI como parte da pol\u00edtica p\u00fablica de incentivar a expans\u00e3o, o destaque e o desenvolvimento do mercado local. Na Femec 2024, que ocorrer\u00e1 entre os dias 1\u00ba a 5 de abril, o Munic\u00edpio promover\u00e1 um ambiente de neg\u00f3cios e exposi\u00e7\u00e3o de produtos e servi\u00e7os.<\/p>\n\n\n\n<p id=\"viewer-chl8545\"><strong>Como participar<\/strong><\/p>\n\n\n\n<p id=\"viewer-v1mj865\">Para o cadastro de startups focadas em tecnologia direcionada ao agroneg\u00f3cio, o chamamento p\u00fablico \u00e9 o 003\/2024, onde constam todas as informa\u00e7\u00f5es do processo, inclusive os crit\u00e9rios de participa\u00e7\u00e3o. Os interessados t\u00eam at\u00e9 as 18h do dia 19 de mar\u00e7o para submeterem o&nbsp;<a target=\"_blank\" href=\"https:\/\/docs.google.com\/forms\/d\/1wrirawV1USwJ6VCCxlckawwAtdJZs2ydCADYfGUYfBs\/viewform?edit_requested=true\" rel=\"noreferrer noopener\"><strong>formul\u00e1rio de habilita\u00e7\u00e3o<\/strong><\/a>, disponibilizado na plataforma Google Forms.&nbsp;<a target=\"_blank\" href=\"https:\/\/docs.google.com\/forms\/d\/1wrirawV1USwJ6VCCxlckawwAtdJZs2ydCADYfGUYfBs\/viewform?edit_requested=true\" rel=\"noreferrer noopener\"><strong>(Acesse aqui o formul\u00e1rio)<\/strong><\/a><\/p>\n\n\n\n<p id=\"viewer-8fwrs70\">Os espa\u00e7os dispostos pela Prefeitura para esse segmento estar\u00e3o posicionados nos corredores do Pavilh\u00e3o do Agroneg\u00f3cio e conter\u00e3o totens em formato padr\u00e3o, com a logomarca da startup, pontos de energia, TVs individuais e mesas.<\/p>\n\n\n\n<p id=\"viewer-a07b872\">J\u00e1 para os empreendedores que atuam na agroind\u00fastria rural de pequeno porte, o chamamento \u00e9 o 002\/2024. A habilita\u00e7\u00e3o pode ser feita at\u00e9 as 18h do dia 19 de mar\u00e7o tamb\u00e9m por meio de&nbsp;<a target=\"_blank\" href=\"https:\/\/docs.google.com\/forms\/d\/1f0W9bgxXhah_4Or7Lo3MJ3edWwHKqxID4tuGR01n2iw\/viewform?ts=65e727ee&amp;edit_requested=true\" rel=\"noreferrer noopener\"><strong>formul\u00e1rio online presente na plataforma Google Forms<\/strong><\/a>.<\/p>\n\n\n\n<p id=\"viewer-snxhi76\">&nbsp;Os interessados devem ficar atentos \u00e0 documenta\u00e7\u00e3o exigida e que precisa ser anexa ao formul\u00e1rio.&nbsp;<a target=\"_blank\" href=\"https:\/\/docs.google.com\/forms\/d\/1f0W9bgxXhah_4Or7Lo3MJ3edWwHKqxID4tuGR01n2iw\/viewform?ts=65e727ee&amp;edit_requested=true\" rel=\"noreferrer noopener\"><strong>(Acesse aqui o formul\u00e1rio)<\/strong><\/a><\/p>\n\n\n\n<p id=\"viewer-8pluq79\">Nesse segmento, a exposi\u00e7\u00e3o e comercializa\u00e7\u00e3o poder\u00e1 ser apenas de produtos acabados e prontos para venda, sem manipula\u00e7\u00e3o de preparo no local. O espa\u00e7o que ser\u00e1 cedido pela Prefeitura tamb\u00e9m ter\u00e1 mobili\u00e1rio e ponto de energia.<\/p>\n\n\n\n<p id=\"viewer-1ttck81\"><strong>Femec 2024 \u2013 11\u00ba edi\u00e7\u00e3o<\/strong><\/p>\n\n\n\n<p id=\"viewer-rr96r83\">Em sua 11\u00aa edi\u00e7\u00e3o e realizada pelo Sindicato Rural de Uberl\u00e2ndia, a Femec 2024 acontecer\u00e1 no Parque de Exposi\u00e7\u00f5es Camaru, em Uberl\u00e2ndia. Com entrada e estacionamento gratuitos, a Feira do Agroneg\u00f3cio Mineiro \u00e9 consolidada como o principal evento de Minas Gerais para comercializa\u00e7\u00e3o e lan\u00e7amentos de produtos de m\u00e1quinas, equipamentos, implementos e insumos agr\u00edcolas.<\/p>\n\n\n\n<p id=\"viewer-qij85204\"><strong><em>Prefeitura de Uberl\u00e2ndia<\/em><\/strong><\/p>\n","protected":false},"excerpt":{"rendered":"<p>Com o objetivo de estimular e apoiar o fortalecimento da agroind\u00fastria de pequeno porte e startups que desenvolvem produtos e tecnologia para o campo, a Prefeitura de Uberl\u00e2ndia est\u00e1 com<\/p>\n","protected":false},"author":1,"featured_media":1979,"comment_status":"open","ping_status":"open","sticky":false,"template":"","format":"standard","meta":{"footnotes":""},"categories":[1],"tags":[],"class_list":["post-1978","post","type-post","status-publish","format-standard","has-post-thumbnail","hentry","category-noticias"],"_links":{"self":[{"href":"https:\/\/revistahubclub.com.br\/portal\/wp-json\/wp\/v2\/posts\/1978","targetHints":{"allow":["GET"]}}],"collection":[{"href":"https:\/\/revistahubclub.com.br\/portal\/wp-json\/wp\/v2\/posts"}],"about":[{"href":"https:\/\/revistahubclub.com.br\/portal\/wp-json\/wp\/v2\/types\/post"}],"author":[{"embeddable":true,"href":"https:\/\/revistahubclub.com.br\/portal\/wp-json\/wp\/v2\/users\/1"}],"replies":[{"embeddable":true,"href":"https:\/\/revistahubclub.com.br\/portal\/wp-json\/wp\/v2\/comments?post=1978"}],"version-history":[{"count":1,"href":"https:\/\/revistahubclub.com.br\/portal\/wp-json\/wp\/v2\/posts\/1978\/revisions"}],"predecessor-version":[{"id":1980,"href":"https:\/\/revistahubclub.com.br\/portal\/wp-json\/wp\/v2\/posts\/1978\/revisions\/1980"}],"wp:featuredmedia":[{"embeddable":true,"href":"https:\/\/revistahubclub.com.br\/portal\/wp-json\/wp\/v2\/media\/1979"}],"wp:attachment":[{"href":"https:\/\/revistahubclub.com.br\/portal\/wp-json\/wp\/v2\/media?parent=1978"}],"wp:term":[{"taxonomy":"category","embeddable":true,"href":"https:\/\/revistahubclub.com.br\/portal\/wp-json\/wp\/v2\/categories?post=1978"},{"taxonomy":"post_tag","embeddable":true,"href":"https:\/\/revistahubclub.com.br\/portal\/wp-json\/wp\/v2\/tags?post=1978"}],"curies":[{"name":"wp","href":"https:\/\/api.w.org\/{rel}","templated":true}]}}