{"id":2009,"date":"2024-03-06T11:08:00","date_gmt":"2024-03-06T14:08:00","guid":{"rendered":"https:\/\/revistahubclub.com.br\/portal\/?p=2009"},"modified":"2024-12-13T11:08:37","modified_gmt":"2024-12-13T14:08:37","slug":"projetos-inspiradores-impulsionam-o-papel-das-mulheres-na-cafeicultura-da-regiao-do-cerrado-mineiro","status":"publish","type":"post","link":"https:\/\/revistahubclub.com.br\/portal\/2024\/03\/06\/projetos-inspiradores-impulsionam-o-papel-das-mulheres-na-cafeicultura-da-regiao-do-cerrado-mineiro\/","title":{"rendered":"Projetos inspiradores impulsionam o papel das mulheres na cafeicultura da Regi\u00e3o do Cerrado Mineiro"},"content":{"rendered":"\n<p id=\"viewer-k8d4c1340\"><br>No m\u00eas em que celebramos a for\u00e7a e a resili\u00eancia das mulheres, \u00e9 essencial destacar o impacto significativo que elas t\u00eam no setor agr\u00edcola, especialmente na cafeicultura. Por meio de projetos inovadores e inspiradores, mulheres em todo o pa\u00eds est\u00e3o n\u00e3o apenas conquistando espa\u00e7o, mas tamb\u00e9m liderando mudan\u00e7as positivas em suas comunidades e na ind\u00fastria como um todo. Na Regi\u00e3o do Cerrado Mineiro, tr\u00eas projetos exemplares est\u00e3o impulsionando o papel das mulheres no agroneg\u00f3cio, especialmente na cafeicultura, e inspirando iniciativas semelhantes em todo o Brasil.<\/p>\n\n\n\n<p id=\"viewer-aun95613\">Mulheres que Inspiram&nbsp;<\/p>\n\n\n\n<p id=\"viewer-maz6641\">Na&nbsp;Cooperativa Agropecu\u00e1ria de Carmo do Parana\u00edba (Carpec),&nbsp;o Projeto Mulheres que Inspiram busca agregar conhecimento e valor \u00e0s empreendedoras envolvidas na produ\u00e7\u00e3o de caf\u00e9. Com foco na forma\u00e7\u00e3o integral das produtoras, oferece treinamentos espec\u00edficos, incentiva a gest\u00e3o sustent\u00e1vel das propriedades e promove a participa\u00e7\u00e3o ativa delas nas decis\u00f5es relacionadas \u00e0 cafeicultura. Al\u00e9m de fortalecer as habilidades t\u00e9cnicas, o projeto cria uma rede de apoio e troca de experi\u00eancias entre as mulheres, impulsionando o desenvolvimento pessoal e profissional.<\/p>\n\n\n\n<p id=\"viewer-x25cd49\">A coordenadora do projeto, Tatiana Oliveira, destaca que o principal impacto do trabalho na vida das mulheres foi o desenvolvimento da autoconfian\u00e7a, autoconhecimento e habilidades t\u00e9cnicas adquiridas por meio de diversos encontros, reuni\u00f5es e workshops. \u201cAtrav\u00e9s dessas atividades, as mulheres se tornaram protagonistas de suas pr\u00f3prias hist\u00f3rias, fortalecendo seu papel em todos os aspectos da sociedade. Fornecemos informa\u00e7\u00f5es e treinamentos com o objetivo principal de agregar conhecimento, valor e promover conex\u00f5es entre elas. O diferencial do nosso projeto \u00e9 que capacitamos as produtoras n\u00e3o apenas em rela\u00e7\u00e3o \u00e0 qualidade do caf\u00e9, mas tamb\u00e9m na gest\u00e3o da propriedade como um todo. Conseguimos agregar valor aos caf\u00e9s produzidos por essas mulheres e estamos confiantes de que 2024 ser\u00e1 um ano inovador, repleto de oportunidades de rentabilidade e crescimento\u201d, conta Tatiana.&nbsp;<\/p>\n\n\n\n<p id=\"viewer-c2r74787\">Elas no Caf\u00e9&nbsp;<\/p>\n\n\n\n<p id=\"viewer-zizxw54\">Desde 2015, a Cooperativa dos Cafeicultores do Cerrado (Expocacer) tem promovido o Programa Elas no Caf\u00e9, com o objetivo de ampliar a participa\u00e7\u00e3o feminina no agroneg\u00f3cio caf\u00e9. Por meio de workshops, visitas t\u00e9cnicas, eventos e uma s\u00e9rie audiovisual, o programa capacita e inspira mulheres em todas as etapas da cadeia produtiva do caf\u00e9. Al\u00e9m de promover o conhecimento e a profissionaliza\u00e7\u00e3o, a iniciativa reconhece o importante papel dessas profissionais na cafeicultura, incentivando a inova\u00e7\u00e3o, a qualidade e a sustentabilidade.<\/p>\n\n\n\n<p id=\"viewer-aomls56\">De acordo com Sandra Moraes, gerente de Caf\u00e9s Especiais da Expocacer e idealizadora do programa, o Elas no Caf\u00e9 valoriza e estimula a crescente participa\u00e7\u00e3o e representatividade feminina na cafeicultura e tem inspirado as mulheres a se dedicarem \u00e0 cadeia produtiva do gr\u00e3o de forma a impactar o neg\u00f3cio da fam\u00edlia. Desde 2018, o n\u00famero de cooperadas mulheres aumentou de 53 para 116, incluindo esposas, filhas e netas de cooperados. &#8220;Atrav\u00e9s do programa, oferecemos capacita\u00e7\u00e3o, facilitamos a troca de conhecimentos e proporcionamos experi\u00eancias enriquecedoras. Al\u00e9m disso, comercializamos os caf\u00e9s produzidos, destacando sempre a import\u00e2ncia do trabalho feminino em todas as etapas, desde a lavoura at\u00e9 a x\u00edcara\u201d, explica.<\/p>\n\n\n\n<p id=\"viewer-fqxjb966\">Flores do Caf\u00e9 e do Bem-Estar<\/p>\n\n\n\n<p id=\"viewer-eoqxp60\">Idealizado em maio de 2023 pelo Mulheres AGRO UFV-CRP, o Projeto Flores do Caf\u00e9 e do Bem-Estar visa aumentar o poder de decis\u00e3o das mulheres na cafeicultura. Com um trip\u00e9 que combina conhecimento t\u00e9cnico, equil\u00edbrio emocional e inspira\u00e7\u00e3o com as respons\u00e1veis, professora Maria Elisa, coordenadora do Mulheres AGRO UFV-CRP, Lorena Mangabeira e Lucimar Silva, o projeto oferece capacita\u00e7\u00f5es de alta qualidade, jornadas individuais de autoconhecimento e hist\u00f3rias inspiradoras de mulheres do caf\u00e9. Al\u00e9m de capacitar produtoras, gestoras, baristas e colaboradoras, o projeto promove um ambiente inclusivo e igualit\u00e1rio, onde todas as mulheres se sintam valorizadas e empoderadas.<\/p>\n\n\n\n<p id=\"viewer-63p7t62\">O impacto do projeto Flores do Caf\u00e9 e do Bem-Estar nas mulheres foi altamente positivo, de acordo com Maria Elisa de Sena Fernandes. \u201cElas demonstraram um aumento significativo no conhecimento, no poder de express\u00e3o e na capacidade de tomada de decis\u00e3o em suas fazendas. A introdu\u00e7\u00e3o de novos conhecimentos permitiu que expressassem suas opini\u00f5es, o que foi bastante valorizado. Al\u00e9m disso, o projeto incentivou a ado\u00e7\u00e3o de novas tecnologias, ampliando suas perspectivas e promovendo impactos positivos no bem-estar, na felicidade e no autoconhecimento. Especificamente, as mulheres relataram melhorias na sua disposi\u00e7\u00e3o em cuidar de si mesmas, na sua capacidade de se organizar em equipe e em geral se sentiram mais bem preparadas e organizadas\u201d, destaca Maria Elisa.<\/p>\n\n\n\n<p id=\"viewer-uugas1157\">Segundo o diretor executivo da Federa\u00e7\u00e3o dos Cafeicultores do Cerrado, Juliano Tarabal, esses projetos n\u00e3o apenas capacitam e fortalecem as mulheres na cafeicultura, como tamb\u00e9m inspiram outras iniciativas similares em todo o pa\u00eds. \u201cAo promover a equidade de g\u00eanero, estimular pr\u00e1ticas sustent\u00e1veis e facilitar o acesso aos mercados, esses projetos est\u00e3o contribuindo significativamente para o desenvolvimento da Cafeicultura do Cerrado Mineiro e para a promo\u00e7\u00e3o do papel das mulheres como agentes de transforma\u00e7\u00e3o. Que essas hist\u00f3rias de sucesso sirvam de inspira\u00e7\u00e3o para que outras mais se juntem \u00e0 jornada da cafeicultura, deixando um legado de inova\u00e7\u00e3o, resili\u00eancia e prosperidade para as gera\u00e7\u00f5es futuras\u201d, avalia.<\/p>\n","protected":false},"excerpt":{"rendered":"<p>No m\u00eas em que celebramos a for\u00e7a e a resili\u00eancia das mulheres, \u00e9 essencial destacar o impacto significativo que elas t\u00eam no setor agr\u00edcola, especialmente na cafeicultura. Por meio de<\/p>\n","protected":false},"author":1,"featured_media":2010,"comment_status":"open","ping_status":"open","sticky":false,"template":"","format":"standard","meta":{"footnotes":""},"categories":[1],"tags":[],"class_list":["post-2009","post","type-post","status-publish","format-standard","has-post-thumbnail","hentry","category-noticias"],"_links":{"self":[{"href":"https:\/\/revistahubclub.com.br\/portal\/wp-json\/wp\/v2\/posts\/2009","targetHints":{"allow":["GET"]}}],"collection":[{"href":"https:\/\/revistahubclub.com.br\/portal\/wp-json\/wp\/v2\/posts"}],"about":[{"href":"https:\/\/revistahubclub.com.br\/portal\/wp-json\/wp\/v2\/types\/post"}],"author":[{"embeddable":true,"href":"https:\/\/revistahubclub.com.br\/portal\/wp-json\/wp\/v2\/users\/1"}],"replies":[{"embeddable":true,"href":"https:\/\/revistahubclub.com.br\/portal\/wp-json\/wp\/v2\/comments?post=2009"}],"version-history":[{"count":1,"href":"https:\/\/revistahubclub.com.br\/portal\/wp-json\/wp\/v2\/posts\/2009\/revisions"}],"predecessor-version":[{"id":2011,"href":"https:\/\/revistahubclub.com.br\/portal\/wp-json\/wp\/v2\/posts\/2009\/revisions\/2011"}],"wp:featuredmedia":[{"embeddable":true,"href":"https:\/\/revistahubclub.com.br\/portal\/wp-json\/wp\/v2\/media\/2010"}],"wp:attachment":[{"href":"https:\/\/revistahubclub.com.br\/portal\/wp-json\/wp\/v2\/media?parent=2009"}],"wp:term":[{"taxonomy":"category","embeddable":true,"href":"https:\/\/revistahubclub.com.br\/portal\/wp-json\/wp\/v2\/categories?post=2009"},{"taxonomy":"post_tag","embeddable":true,"href":"https:\/\/revistahubclub.com.br\/portal\/wp-json\/wp\/v2\/tags?post=2009"}],"curies":[{"name":"wp","href":"https:\/\/api.w.org\/{rel}","templated":true}]}}