{"id":2044,"date":"2024-02-27T11:14:00","date_gmt":"2024-02-27T14:14:00","guid":{"rendered":"https:\/\/revistahubclub.com.br\/portal\/?p=2044"},"modified":"2024-12-13T11:15:45","modified_gmt":"2024-12-13T14:15:45","slug":"federacao-dos-cafeicultores-do-cerrado-participa-do-forum-do-agronegocio-sustentavel-com-tecnologia-e-inovacao","status":"publish","type":"post","link":"https:\/\/revistahubclub.com.br\/portal\/2024\/02\/27\/federacao-dos-cafeicultores-do-cerrado-participa-do-forum-do-agronegocio-sustentavel-com-tecnologia-e-inovacao\/","title":{"rendered":"Federa\u00e7\u00e3o dos Cafeicultores do Cerrado participa do F\u00f3rum do Agroneg\u00f3cio Sustent\u00e1vel com Tecnologia e Inova\u00e7\u00e3o"},"content":{"rendered":"\n<p id=\"viewer-mvhd659\">A Federa\u00e7\u00e3o dos Cafeicultores do Cerrado participar\u00e1 do F\u00f3rum do Agroneg\u00f3cio Sustent\u00e1vel com Tecnologia e Inova\u00e7\u00e3o, que acontece em Araguari, no dia 29 de fevereiro.&nbsp;<\/p>\n\n\n\n<p id=\"viewer-j3cf462\">O evento, promovido&nbsp;pelo Instituto Mineiro de Agroneg\u00f3cio Sustent\u00e1vel (IMAS) e Cooperativa dos Cafeicultores do Cerrado de Araguari e Regi\u00e3o Ltda (Coocacer),&nbsp;com apoio da Regi\u00e3o do Cerrado Mineiro, vai reunir&nbsp;diversos especialistas para discutirem os desafios das mudan\u00e7as clim\u00e1ticas e seu impacto sobre o setor, bem como encontrar solu\u00e7\u00f5es para reduzir seus efeitos com a participa\u00e7\u00e3o efetiva do p\u00fablico.&nbsp;&nbsp;A Federa\u00e7\u00e3o apoia ainda o Encontro de Mulheres do Agroneg\u00f3cio da Regi\u00e3o do Cerrado Mineiro, que tamb\u00e9m faz parte da programa\u00e7\u00e3o do evento.<\/p>\n\n\n\n<p id=\"viewer-wbtnm71\">A Cafeicultura Digital com Tecnologias 4.0 ser\u00e1 debatida em um dos pain\u00e9is pelo diretor executivo da Federa\u00e7\u00e3o dos Cafeicultores do Cerrado, Juliano Tarabal. Na oportunidade, ele vai falar sobre&nbsp;as oportunidades de mercado para o produtor no uso do selo de Denomina\u00e7\u00e3o de Origem da Regi\u00e3o do Cerrado Mineiro.<\/p>\n\n\n\n<p id=\"viewer-2lmur75\">Nesta primeira edi\u00e7\u00e3o do F\u00f3rum, o estande da Regi\u00e3o do Cerrado Mineiro destacar\u00e1 a origem controlada e sustentabilidade. Os visitantes ter\u00e3o a oportunidade de conhecer o Arabica Selection Brasile Cerrado Mineiro, o primeiro caf\u00e9 de agricultura regenerativa e certificado regenagri\u00ae, com selo de Denomina\u00e7\u00e3o de Origem, criado pela illycaff\u00e8,&nbsp;em conjunto com a Federa\u00e7\u00e3o dos Cafeicultores do Cerrado.&nbsp;<\/p>\n\n\n\n<p id=\"viewer-j64t081\">&nbsp;<\/p>\n","protected":false},"excerpt":{"rendered":"<p>A Federa\u00e7\u00e3o dos Cafeicultores do Cerrado participar\u00e1 do F\u00f3rum do Agroneg\u00f3cio Sustent\u00e1vel com Tecnologia e Inova\u00e7\u00e3o, que acontece em Araguari, no dia 29 de fevereiro.&nbsp; O evento, promovido&nbsp;pelo Instituto Mineiro<\/p>\n","protected":false},"author":1,"featured_media":2045,"comment_status":"open","ping_status":"open","sticky":false,"template":"","format":"standard","meta":{"footnotes":""},"categories":[1],"tags":[],"class_list":["post-2044","post","type-post","status-publish","format-standard","has-post-thumbnail","hentry","category-noticias"],"_links":{"self":[{"href":"https:\/\/revistahubclub.com.br\/portal\/wp-json\/wp\/v2\/posts\/2044","targetHints":{"allow":["GET"]}}],"collection":[{"href":"https:\/\/revistahubclub.com.br\/portal\/wp-json\/wp\/v2\/posts"}],"about":[{"href":"https:\/\/revistahubclub.com.br\/portal\/wp-json\/wp\/v2\/types\/post"}],"author":[{"embeddable":true,"href":"https:\/\/revistahubclub.com.br\/portal\/wp-json\/wp\/v2\/users\/1"}],"replies":[{"embeddable":true,"href":"https:\/\/revistahubclub.com.br\/portal\/wp-json\/wp\/v2\/comments?post=2044"}],"version-history":[{"count":1,"href":"https:\/\/revistahubclub.com.br\/portal\/wp-json\/wp\/v2\/posts\/2044\/revisions"}],"predecessor-version":[{"id":2046,"href":"https:\/\/revistahubclub.com.br\/portal\/wp-json\/wp\/v2\/posts\/2044\/revisions\/2046"}],"wp:featuredmedia":[{"embeddable":true,"href":"https:\/\/revistahubclub.com.br\/portal\/wp-json\/wp\/v2\/media\/2045"}],"wp:attachment":[{"href":"https:\/\/revistahubclub.com.br\/portal\/wp-json\/wp\/v2\/media?parent=2044"}],"wp:term":[{"taxonomy":"category","embeddable":true,"href":"https:\/\/revistahubclub.com.br\/portal\/wp-json\/wp\/v2\/categories?post=2044"},{"taxonomy":"post_tag","embeddable":true,"href":"https:\/\/revistahubclub.com.br\/portal\/wp-json\/wp\/v2\/tags?post=2044"}],"curies":[{"name":"wp","href":"https:\/\/api.w.org\/{rel}","templated":true}]}}