{"id":2053,"date":"2024-02-26T11:16:00","date_gmt":"2024-02-26T14:16:00","guid":{"rendered":"https:\/\/revistahubclub.com.br\/portal\/?p=2053"},"modified":"2024-12-13T11:17:27","modified_gmt":"2024-12-13T14:17:27","slug":"regiao-do-cerrado-mineiro-entrega-premiacao-para-escolas-vencedoras-do-trofeu-escola-de-atitude-2","status":"publish","type":"post","link":"https:\/\/revistahubclub.com.br\/portal\/2024\/02\/26\/regiao-do-cerrado-mineiro-entrega-premiacao-para-escolas-vencedoras-do-trofeu-escola-de-atitude-2\/","title":{"rendered":"Regi\u00e3o do Cerrado Mineiro entrega premia\u00e7\u00e3o para escolas vencedoras do Trof\u00e9u Escola de Atitude"},"content":{"rendered":"\n<p id=\"viewer-2c8u02735\"><em>Pr\u00eamio reconhece a excel\u00eancia da educa\u00e7\u00e3o na regi\u00e3o<\/em><\/p>\n\n\n\n<p id=\"viewer-2l6511510\">No dia 22 de fevereiro, a Regi\u00e3o do Cerrado Mineiro entregou os cheques \u00e0s escolas vencedoras do Trof\u00e9u Escola de Atitude, inscritas no 11\u00ba Pr\u00eamio Regi\u00e3o do Cerrado Mineiro, ocorrido no final de 2023. A cerim\u00f4nia ocorreu no Ponte de Terra T\u00eanis Clube, em Carmo do Parana\u00edba (MG), com a presen\u00e7a de representantes da Federa\u00e7\u00e3o dos Cafeicultores do Cerrado, da Cooperativa dos Cafeicultores do Cerrado da Regi\u00e3o de Carmo do Parana\u00edba (Carmocer), da Cooperativa Agropecu\u00e1ria de Carmo do Parana\u00edba (Carpec), al\u00e9m de autoridades, escolas premiadas, cafeicultores e autoridades.<\/p>\n\n\n\n<p id=\"viewer-6pifx1406\">O Trof\u00e9u Escola de Atitude reconhece projetos educacionais inovadores que refletem a dedica\u00e7\u00e3o da Regi\u00e3o do Cerrado Mineiro ao ensino. Al\u00e9m disso, durante a cerim\u00f4nia, produtores campe\u00f5es e participantes do leil\u00e3o do 11\u00ba Pr\u00eamio Regi\u00e3o do Cerrado Mineiro, das cooperativas Carmocec e Carpec, tamb\u00e9m foram homenageados.<\/p>\n\n\n\n<p id=\"viewer-vts7r1408\"><strong>Premia\u00e7\u00e3o<\/strong><\/p>\n\n\n\n<p id=\"viewer-za9e71410\">O Trof\u00e9u Escola de Atitude foi conquistado pela Escola Municipal Doutor J\u00falio do Couto Gontijo, de Carmo do Parana\u00edba, com o projeto 3D\u00b4S \u2013 Tr\u00eas Dimens\u00f5es: +Fam\u00edlia +Conex\u00e3o +Informa\u00e7\u00e3o, inscrito pela cooperativa Carmocer, cujo objetivo \u00e9 explorar tr\u00eas grandes e relevantes dimens\u00f5es, a favor da maior miss\u00e3o da escola: o processo ensino-aprendizagem, tornando a escola um local onde a fam\u00edlia se sinta acolhida e os alunos se comportem como agentes transformadores da sociedade.<\/p>\n\n\n\n<p id=\"viewer-pr7wp1412\">Outras quatro escolas foram premiadas sendo, em segundo lugar a Escola Estadual Ant\u00f4nio Atan\u00e1sio, inscrita pela cooperativa Carpec; em terceiro lugar, a Escola Municipal Professor Gaspar Braz de Ara\u00fajo, inscrita pela cooperativa Carmocer; em quarto lugar a Apae de Patroc\u00ednio, inscrita pelo cooperativa Expocacer e em quinto lugar a Escola Municipal Maria Luzia da Silva, inscrita pela cooperativa Coopadap.<\/p>\n\n\n\n<p id=\"viewer-mprbi1414\">Elas ir\u00e3o dividir o pr\u00eamio de R$ 68.040,00, correspondente a parte dos 70% das vendas arrecadadas com os caf\u00e9s do leil\u00e3o realizado em 30 de novembro, em Uberl\u00e2ndia. Cada uma recebeu o trof\u00e9u, o certificado e o cheque simb\u00f3lico, conforme abaixo:<\/p>\n\n\n\n<p id=\"viewer-5nmid1416\">1\u00ba lugar \u2013 Escola Municipal Doutor J\u00falio do Couto Gontijo, de Carmo do Parana\u00edba \u2013 Projeto 3D\u00b4S \u2013 Tr\u00eas Dimens\u00f5es: +Fam\u00edlia +Conex\u00e3o +Informa\u00e7\u00e3o \u2013 R$ 34.020,00<\/p>\n\n\n\n<p id=\"viewer-ys4181418\">2\u00ba Lugar \u2013 Escola Estadual Ant\u00f4nio Atan\u00e1sio, de Carmo do Parana\u00edba \u2013 Projeto Encantar \u2013 R$ 13.608,00<\/p>\n\n\n\n<p id=\"viewer-w85kg1420\">3\u00ba Lugar \u2013 Escola Escola Municipal Professor Gaspar Braz de Ara\u00fajo, de Carmo do Parana\u00edba<strong> \u2013 <\/strong>Projeto \u201cA import\u00e2ncia de aprender brincando atrav\u00e9s da psicomotricidade\u201d \u2013 R$ 10.206,00<\/p>\n\n\n\n<p id=\"viewer-zf86m1424\">4\u00ba lugar \u2013 Escola Apae, de Patroc\u00ednio \u2013 projeto Arteterapia \u2013 R$ 6.804,00<\/p>\n\n\n\n<p id=\"viewer-3eoy31426\">5\u00ba Lugar \u2013 Escola Escola Municipal Maria Luzia da Silva, de S\u00e3o Gotardo \u2013 Projeto A m\u00e1gica da leitura \u2013 R$ 3.402,00<\/p>\n\n\n\n<p id=\"viewer-bzpf92335\">O diretor executivo da Federa\u00e7\u00e3o dos Cafeicultores do Cerrado, Juliano Tarabal, destacou o poder transformador da educa\u00e7\u00e3o e o papel fundamental do Trof\u00e9u Escola de Atitude em reconhecer e incentivar projetos de alto impacto na Regi\u00e3o do Cerrado Mineiro.<\/p>\n\n\n\n<p id=\"viewer-1h0s91430\">\u201cEste \u00e9 um momento especial para as cooperativas de Carmo do Parana\u00edba, Carpec e Carmocer, assim como para a Regi\u00e3o do Cerrado Mineiro. Demonstrando a singularidade do nosso terroir e da micro regi\u00e3o de Carmo do Parana\u00edba, sentimos orgulho de nossos caf\u00e9s de alta qualidade, influenciados pela altitude, clima e o compromisso das pessoas com a ado\u00e7\u00e3o de tecnologias. Al\u00e9m disso, \u00e9 significativo destacar que parte do recurso do leil\u00e3o de caf\u00e9 foi destinado ao Trof\u00e9u Escola de Atitude, com tr\u00eas das cinco escolas premiadas localizadas em Carmo do Parana\u00edba. Acreditamos que os jovens de hoje ser\u00e3o os futuros cooperativistas\u201d, avalia Tarc\u00edsio Daniel da Silva, presidente da Carpec.<\/p>\n\n\n\n<p id=\"viewer-baa9k1432\">\u201cCarmo do Parana\u00edba teve tr\u00eas projetos pedag\u00f3gicos reconhecidos pela Regi\u00e3o do Cerrado Mineiro. No entanto, independente das indica\u00e7\u00f5es, as duas cooperativas est\u00e3o unidas em um objetivo comum: o crescimento cont\u00ednuo de nossas escolas e a representa\u00e7\u00e3o positiva de Carmo do Parana\u00edba na Regi\u00e3o do Cerrado Mineiro. Queremos parabenizar tanto os cafeicultores premiados quanto os projetos das escolas de atitude pela sua dedica\u00e7\u00e3o e conquistas\u201d, conclui Cleber Wilhiam Ribeiro do Amaral, presidente da Carmocer.<\/p>\n","protected":false},"excerpt":{"rendered":"<p>Pr\u00eamio reconhece a excel\u00eancia da educa\u00e7\u00e3o na regi\u00e3o No dia 22 de fevereiro, a Regi\u00e3o do Cerrado Mineiro entregou os cheques \u00e0s escolas vencedoras do Trof\u00e9u Escola de Atitude, inscritas<\/p>\n","protected":false},"author":1,"featured_media":2054,"comment_status":"open","ping_status":"open","sticky":false,"template":"","format":"standard","meta":{"footnotes":""},"categories":[1],"tags":[],"class_list":["post-2053","post","type-post","status-publish","format-standard","has-post-thumbnail","hentry","category-noticias"],"_links":{"self":[{"href":"https:\/\/revistahubclub.com.br\/portal\/wp-json\/wp\/v2\/posts\/2053","targetHints":{"allow":["GET"]}}],"collection":[{"href":"https:\/\/revistahubclub.com.br\/portal\/wp-json\/wp\/v2\/posts"}],"about":[{"href":"https:\/\/revistahubclub.com.br\/portal\/wp-json\/wp\/v2\/types\/post"}],"author":[{"embeddable":true,"href":"https:\/\/revistahubclub.com.br\/portal\/wp-json\/wp\/v2\/users\/1"}],"replies":[{"embeddable":true,"href":"https:\/\/revistahubclub.com.br\/portal\/wp-json\/wp\/v2\/comments?post=2053"}],"version-history":[{"count":1,"href":"https:\/\/revistahubclub.com.br\/portal\/wp-json\/wp\/v2\/posts\/2053\/revisions"}],"predecessor-version":[{"id":2055,"href":"https:\/\/revistahubclub.com.br\/portal\/wp-json\/wp\/v2\/posts\/2053\/revisions\/2055"}],"wp:featuredmedia":[{"embeddable":true,"href":"https:\/\/revistahubclub.com.br\/portal\/wp-json\/wp\/v2\/media\/2054"}],"wp:attachment":[{"href":"https:\/\/revistahubclub.com.br\/portal\/wp-json\/wp\/v2\/media?parent=2053"}],"wp:term":[{"taxonomy":"category","embeddable":true,"href":"https:\/\/revistahubclub.com.br\/portal\/wp-json\/wp\/v2\/categories?post=2053"},{"taxonomy":"post_tag","embeddable":true,"href":"https:\/\/revistahubclub.com.br\/portal\/wp-json\/wp\/v2\/tags?post=2053"}],"curies":[{"name":"wp","href":"https:\/\/api.w.org\/{rel}","templated":true}]}}