{"id":2059,"date":"2024-02-20T11:18:00","date_gmt":"2024-02-20T14:18:00","guid":{"rendered":"https:\/\/revistahubclub.com.br\/portal\/?p=2059"},"modified":"2024-12-13T11:18:38","modified_gmt":"2024-12-13T14:18:38","slug":"dia-internacional-da-mulher-sera-celebrado-na-cdl-com-palestra-de-claudia-matarazzo","status":"publish","type":"post","link":"https:\/\/revistahubclub.com.br\/portal\/2024\/02\/20\/dia-internacional-da-mulher-sera-celebrado-na-cdl-com-palestra-de-claudia-matarazzo\/","title":{"rendered":"Dia Internacional da Mulher ser\u00e1 celebrado na CDL com palestra de Cl\u00e1udia Matarazzo"},"content":{"rendered":"\n<p id=\"viewer-ux19u1406\">Para celebrar o Dia Internacional da Mulher e lan\u00e7ar o programa Varejo ON 2024, no dia 8 de mar\u00e7o, a C\u00e2mara dos Dirigentes Lojistas (CDL) e o Sebrae Minas realizam, em parceria com empresas patrocinadoras do Varejo ON a s\u00e9tima edi\u00e7\u00e3o do \u201cCaf\u00e9 S\u00f3 Delas\u201d. A renomada jornalista, especialista em etiqueta e comportamento, consultora, influenciadora e autora de 18 livros, Cl\u00e1udia Matarazzo, ser\u00e1 a anfitri\u00e3 deste ano, apresentando uma palestra sobre Etiqueta Empresarial, \u00e0s 9h, na CDL Conven\u00e7\u00f5es e Eventos. Para participar desse evento gratuito, basta se inscrever pelo <a target=\"_blank\" href=\"https:\/\/www.sympla.com.br\/cafe-so-delas-com-claudia-matarazzo__2343563\" rel=\"noreferrer noopener\">https:\/\/www.sympla.com.br\/cafe-so-delas-com-claudia-matarazzo__2343563<\/a>. A entrada \u00e9 um quilo de alimento que ser\u00e1 destinado \u00e0 Associa\u00e7\u00e3o de Assist\u00eancia \u00e0 Crian\u00e7a Deficiente (AACD).&nbsp;<\/p>\n\n\n\n<p id=\"viewer-orqrh1410\">&nbsp;<\/p>\n\n\n\n<p id=\"viewer-hacnp1412\">Coffee, neg\u00f3cios e networking<\/p>\n\n\n\n<p id=\"viewer-svxnq1414\">&nbsp;<\/p>\n\n\n\n<p id=\"viewer-3rzp51416\">Al\u00e9m da inspiradora palestra, o j\u00e1 tradicional evento S\u00f3 Delas inicia com um coffee break \u00e0s 8h, no foyer da CDL Conven\u00e7\u00f5es e Eventos.&nbsp; Este espa\u00e7o ser\u00e1 um ponto de encontro para grandes marcas patrocinadoras do Varejo ON e apoiadoras do evento, proporcionando atividades como divulga\u00e7\u00f5es, lan\u00e7amentos, degusta\u00e7\u00f5es e interatividade. Este momento \u00e9 uma oportunidade para estabelecer contatos, firmar parcerias e expandir redes de networking no evento.<\/p>\n\n\n\n<p id=\"viewer-48stw1418\">&nbsp;<\/p>\n\n\n\n<p id=\"viewer-76hmz1420\">\u201cO Dia Internacional da Mulher \u00e9 uma data marcada por significado, prop\u00f3sito e desafios inerentes \u00e0 inser\u00e7\u00e3o e amplia\u00e7\u00e3o do trabalho feminino. Mulheres ocupam m\u00faltiplos espa\u00e7os e s\u00e3o elos essenciais em todas as rela\u00e7\u00f5es humanas. Sua forma emp\u00e1tica, din\u00e2mica, resiliente e proativa de conduzir pap\u00e9is, impacta positivamente o coletivo e impulsiona avan\u00e7os significativos dentro da sociedade. Mais do que um evento anual, o CAF\u00c9 S\u00d3 DELAS \u00e9 uma celebra\u00e7\u00e3o desse protagonismo feminino. N\u00f3s queremos desenvolver ainda mais compet\u00eancias para que elas possam ocupar cada vez mais posi\u00e7\u00f5es de destaque e reverberar esses resultados na carreira e na vida\u201d, pontuou L\u00e9cia Queiroz, superintendente da CDL. &nbsp;&nbsp;<\/p>\n\n\n\n<p id=\"viewer-fu5g41423\">&nbsp;<\/p>\n\n\n\n<p id=\"viewer-9tvkd1425\">Sobre a palestra<\/p>\n\n\n\n<p id=\"viewer-if6jo1427\">&nbsp;<\/p>\n\n\n\n<p id=\"viewer-yae6o1429\">Matarazzo vai compartilhar dicas valiosas para que as mulheres empreendedoras possam se destacar no mundo profissional, por meio de uma comunica\u00e7\u00e3o assertiva, evitar gafes e construir uma imagem de sucesso. Tamb\u00e9m abordar\u00e1 a etiqueta internacional, trazendo insights valiosos sobre costumes e culturas de diferentes pa\u00edses.&nbsp;<\/p>\n\n\n\n<p id=\"viewer-ebgnq1431\">&nbsp;<\/p>\n\n\n\n<p id=\"viewer-fmiit1433\">De acordo com Cl\u00e1udia Matarazzo, a Etiqueta Empresarial \u00e9 uma ferramenta muito poderosa no trabalho. \u201cLidamos com uma gama diferente de pessoas, como fornecedores, clientes, colegas, chefia, e a etiqueta funciona como uma base para simplificar e agilizar essa comunica\u00e7\u00e3o evitando mal-entendidos e gafes\u201d, afirma.&nbsp;<\/p>\n\n\n\n<p id=\"viewer-n5q1q1435\">&nbsp;<\/p>\n\n\n\n<p id=\"viewer-3v0371437\">Ela explica ainda que existem algumas situa\u00e7\u00f5es em que a etiqueta empresarial pode ser definitiva, como o momento dos cumprimentos e apresenta\u00e7\u00f5es, que n\u00e3o pode ser truncado, as refei\u00e7\u00f5es de trabalho, que devem fluir, e v\u00e1rios outros em que as regras visam simplificar a vida e dar mais seguran\u00e7a. \u201cIsso se reflete em nossa imagem pessoal e um melhor desenvolvimento do neg\u00f3cio ou carreira\u201d, ressalta Matarazzo.&nbsp;<\/p>\n\n\n\n<p id=\"viewer-tzij31439\">&nbsp;<\/p>\n\n\n\n<p id=\"viewer-osxss1441\">Sobre o Varejo ON<\/p>\n\n\n\n<p id=\"viewer-cn5ny1443\">&nbsp;<\/p>\n\n\n\n<p id=\"viewer-ib3id1445\">O programa VAREJO ON contempla uma s\u00e9rie de estrat\u00e9gias pensadas para motivar e aumentar a receita das empresas locais e atrair clientes durante as 7 principais sazonalidades do com\u00e9rcio brasileiro: Dia das M\u00e3es, Dia dos Namorados,&nbsp; Dia dos Pais, Dia das Crian\u00e7as,, Black Friday, Semana do Brasil e Natal.<\/p>\n\n\n\n<p id=\"viewer-0px061447\">&nbsp;<\/p>\n\n\n\n<p id=\"viewer-zijss1449\">As empresas participantes ser\u00e3o contempladas com um plano completo de marketing, que abrange: capacita\u00e7\u00f5es profissionais, eventos corporativos, orienta\u00e7\u00e3o em marketing digital e visual merchandising , distribui\u00e7\u00e3o de materiais publicit\u00e1rios, comunica\u00e7\u00e3o online e mais de R$100 mil em pr\u00eamios. Para concorrer \u00e9 s\u00f3 comprar e ler o QR no aplicativo da campanha!&nbsp; O programa \u00e9 realizado em parceria com o SEBRAE e conta com as empresas patrocinadoras: Autus, Caf\u00e9 Cajub\u00e1, Claro, Costa Moraes, Sicoob Aracoop, Uberl\u00e2ndia Refrescos, Zapi e Multi.<\/p>\n\n\n\n<p id=\"viewer-w10rw1451\">&nbsp;<\/p>\n\n\n\n<p id=\"viewer-btfwq1453\">SERVI\u00c7O<\/p>\n\n\n\n<p id=\"viewer-m16xj1455\">Caf\u00e9 S\u00f3 Delas<\/p>\n\n\n\n<p id=\"viewer-nvsbu1457\">Data: 08\/03\/2024<\/p>\n\n\n\n<p id=\"viewer-fxlu31459\">Hor\u00e1rio: 8h<\/p>\n\n\n\n<p id=\"viewer-hn4w91461\">Local:&nbsp; CDL Conven\u00e7\u00f5es e eventos &#8211; Av. Belo Horizonte, 1290<\/p>\n\n\n\n<p id=\"viewer-hid6d1463\">Inscri\u00e7\u00f5es gratuitas pelo link: <a target=\"_blank\" href=\"https:\/\/www.sympla.com.br\/cafe-so-delas-com-claudia-matarazzo__2343563\" rel=\"noreferrer noopener\">https:\/\/www.sympla.com.br\/cafe-so-delas-com-claudia-matarazzo__2343563<\/a><\/p>\n","protected":false},"excerpt":{"rendered":"<p>Para celebrar o Dia Internacional da Mulher e lan\u00e7ar o programa Varejo ON 2024, no dia 8 de mar\u00e7o, a C\u00e2mara dos Dirigentes Lojistas (CDL) e o Sebrae Minas realizam,<\/p>\n","protected":false},"author":1,"featured_media":2060,"comment_status":"open","ping_status":"open","sticky":false,"template":"","format":"standard","meta":{"footnotes":""},"categories":[1],"tags":[],"class_list":["post-2059","post","type-post","status-publish","format-standard","has-post-thumbnail","hentry","category-noticias"],"_links":{"self":[{"href":"https:\/\/revistahubclub.com.br\/portal\/wp-json\/wp\/v2\/posts\/2059","targetHints":{"allow":["GET"]}}],"collection":[{"href":"https:\/\/revistahubclub.com.br\/portal\/wp-json\/wp\/v2\/posts"}],"about":[{"href":"https:\/\/revistahubclub.com.br\/portal\/wp-json\/wp\/v2\/types\/post"}],"author":[{"embeddable":true,"href":"https:\/\/revistahubclub.com.br\/portal\/wp-json\/wp\/v2\/users\/1"}],"replies":[{"embeddable":true,"href":"https:\/\/revistahubclub.com.br\/portal\/wp-json\/wp\/v2\/comments?post=2059"}],"version-history":[{"count":1,"href":"https:\/\/revistahubclub.com.br\/portal\/wp-json\/wp\/v2\/posts\/2059\/revisions"}],"predecessor-version":[{"id":2061,"href":"https:\/\/revistahubclub.com.br\/portal\/wp-json\/wp\/v2\/posts\/2059\/revisions\/2061"}],"wp:featuredmedia":[{"embeddable":true,"href":"https:\/\/revistahubclub.com.br\/portal\/wp-json\/wp\/v2\/media\/2060"}],"wp:attachment":[{"href":"https:\/\/revistahubclub.com.br\/portal\/wp-json\/wp\/v2\/media?parent=2059"}],"wp:term":[{"taxonomy":"category","embeddable":true,"href":"https:\/\/revistahubclub.com.br\/portal\/wp-json\/wp\/v2\/categories?post=2059"},{"taxonomy":"post_tag","embeddable":true,"href":"https:\/\/revistahubclub.com.br\/portal\/wp-json\/wp\/v2\/tags?post=2059"}],"curies":[{"name":"wp","href":"https:\/\/api.w.org\/{rel}","templated":true}]}}