{"id":2062,"date":"2024-02-19T11:18:00","date_gmt":"2024-02-19T14:18:00","guid":{"rendered":"https:\/\/revistahubclub.com.br\/portal\/?p=2062"},"modified":"2024-12-13T11:19:10","modified_gmt":"2024-12-13T14:19:10","slug":"prefeitura-inicia-inscricoes-para-processos-seletivos-simplificados-para-salarios-de-ate-r-39-mil","status":"publish","type":"post","link":"https:\/\/revistahubclub.com.br\/portal\/2024\/02\/19\/prefeitura-inicia-inscricoes-para-processos-seletivos-simplificados-para-salarios-de-ate-r-39-mil\/","title":{"rendered":"Prefeitura inicia inscri\u00e7\u00f5es para processos seletivos simplificados para sal\u00e1rios de at\u00e9 R$ 3,9 mil"},"content":{"rendered":"\n<p id=\"viewer-80nwq21208\">A Prefeitura de Uberl\u00e2ndia abriu, nesta segunda-feira (19), inscri\u00e7\u00f5es para dois processos seletivos simplificados devido a contrata\u00e7\u00f5es por tempo determinado e cadastro de reserva para mais de dez vagas. O edital 01\/2024 receber\u00e1 inscri\u00e7\u00f5es at\u00e9 as 23h59 do dia 4 de mar\u00e7o. J\u00e1 o edital 02\/2024 \u00e9 exclusivo para 1 vaga de professor de Libras e 1 para int\u00e9rprete educacional, sendo que os interessados podem se inscrever at\u00e9 as 12h do dia 4 de mar\u00e7o. Os editais foram publicados nesta quinta-feira (15) no&nbsp;<a target=\"_blank\" href=\"https:\/\/docs.uberlandia.mg.gov.br\/wp-content\/uploads\/2024\/02\/6794.pdf\" rel=\"noreferrer noopener\"><strong>Di\u00e1rio Oficial do Munic\u00edpio (DOM)<\/strong><\/a>. (<a target=\"_blank\" href=\"https:\/\/www.uberlandia.mg.gov.br\/prefeitura\/secretarias\/administracao\/concursos\/processos-seletivos\/processos-seletivos-2024\/\" rel=\"noreferrer noopener\"><strong>Cliquei aqui para acessar os dois editais<\/strong><\/a>)<\/p>\n\n\n\n<p id=\"viewer-4whji20169\">Para o edital 01\/2024, h\u00e1 oportunidades para os n\u00edveis de escolaridade fundamental, m\u00e9dio, m\u00e9dio t\u00e9cnico e superior. Os candidatos podem solicitar isen\u00e7\u00e3o na taxa de inscri\u00e7\u00e3o nesta segunda (19) e ter\u00e7a-feira (20), conforme os crit\u00e9rios definidos. A taxa de inscri\u00e7\u00e3o \u00e9 de R$ 14,21 para cargos no n\u00edvel fundamental, de R$ 17,98 para os n\u00edveis m\u00e9dio e m\u00e9dio t\u00e9cnico e de R$ 25,81 para os de ensino superior. Os sal\u00e1rios variam de&nbsp;R$ 1.470,32 a R$ 3.909,72 e as cargas hor\u00e1rias v\u00e3o de 20 a 40 horas semanais, de acordo com a fun\u00e7\u00e3o.<\/p>\n\n\n\n<p id=\"viewer-whs7b20171\">Para as vagas do edital 01\/2024, todo o processo ser\u00e1 conduzido pela&nbsp;<a target=\"_blank\" href=\"https:\/\/www.concursosrbo.com.br\/Paginas\/Projetos.aspx\" rel=\"noreferrer noopener\"><strong>RBO Assessoria P\u00fablica e Projetos Municipais<\/strong><\/a>, em cujo site devem ser feitas as inscri\u00e7\u00f5es e pedidos de isen\u00e7\u00e3o. As provas est\u00e3o previstas para 7 de abril em local e hor\u00e1rio a serem divulgados.<\/p>\n\n\n\n<p id=\"viewer-c1y7220175\">J\u00e1 para o edital 02\/2024, com vagas para professor de Libras e int\u00e9rprete educacional, as inscri\u00e7\u00f5es s\u00e3o gratuitas e devem ser feitas pelo Portal da Prefeitura de Uberl\u00e2ndia, na p\u00e1gina de \u201cConcursos e Sele\u00e7\u00f5es\u201d (<a target=\"_blank\" href=\"https:\/\/inscricoes.uberlandia.mg.gov.br\/inscricoes\/iniinscricaoadministracao2man.do;jsessionid=D38595525887B193DBABCBB438DDA831.portal3\" rel=\"noreferrer noopener\"><strong>confira aqui<\/strong><\/a>). As&nbsp;provas pr\u00e1tico gestuais ser\u00e3o agendadas ap\u00f3s o t\u00e9rmino do per\u00edodo de inscri\u00e7\u00f5es. Esse processo \u00e9 conduzido pelas secretarias municipais de Administra\u00e7\u00e3o e Educa\u00e7\u00e3o.<\/p>\n\n\n\n<p id=\"viewer-hwnby20179\">Confira abaixo os cargos oferecidos de acordo com os n\u00edveis de forma\u00e7\u00e3o dos editais 01 e 02\/2024:<\/p>\n\n\n\n<p id=\"viewer-7175820181\"><strong>Fundamental:<\/strong>&nbsp;1 vaga e cadastro de reserva para agente de cozinha e servi\u00e7os Operacionais. Taxa de inscri\u00e7\u00e3o: R$ 14,21.<\/p>\n\n\n\n<p id=\"viewer-vz93q20184\"><strong>M\u00e9dio:<\/strong>&nbsp;1 vaga e cadastro de reserva para agente de combate \u00e0s endemias e oficial administrativo. Taxa de inscri\u00e7\u00e3o: R$ 17,98.<\/p>\n\n\n\n<p id=\"viewer-zpocf20187\"><strong>M\u00e9dio T\u00e9cnico:<\/strong>&nbsp;1 vaga e cadastro de reserva para profissional de apoio escolar.&nbsp;Taxa de inscri\u00e7\u00e3o: R$ 17,98.<\/p>\n\n\n\n<p id=\"viewer-v9r9520190\"><strong>Superior:<\/strong>&nbsp;1 vaga para e cadastro de reserva para professor de libras; int\u00e9rprete educacional;&nbsp;analista pedag\u00f3gico; professores de artes, educa\u00e7\u00e3o f\u00edsica, educa\u00e7\u00e3o infantil 1\u00ba ao 5\u00ba ano; ensino religioso e matem\u00e1tica. Taxa de inscri\u00e7\u00e3o: R$ 25,81.<\/p>\n\n\n\n<p id=\"viewer-tczv720193\"><strong>Edital 02\/2024<\/strong>:&nbsp;1 vaga para e cadastro de reserva para professor de libras; int\u00e9rprete educacional. Inscri\u00e7\u00e3o gratuita.<em>&nbsp;&nbsp;<\/em><\/p>\n\n\n\n<p id=\"viewer-wu7oy20197\">Todas as informa\u00e7\u00f5es sobre os processos seletivos podem ser conferidas&nbsp;<a target=\"_blank\" href=\"https:\/\/www.uberlandia.mg.gov.br\/prefeitura\/secretarias\/administracao\/concursos\/processos-seletivos\/processos-seletivos-2024\/\" rel=\"noreferrer noopener\"><strong>aqui<\/strong><\/a>.<\/p>\n","protected":false},"excerpt":{"rendered":"<p>A Prefeitura de Uberl\u00e2ndia abriu, nesta segunda-feira (19), inscri\u00e7\u00f5es para dois processos seletivos simplificados devido a contrata\u00e7\u00f5es por tempo determinado e cadastro de reserva para mais de dez vagas. O<\/p>\n","protected":false},"author":1,"featured_media":2063,"comment_status":"open","ping_status":"open","sticky":false,"template":"","format":"standard","meta":{"footnotes":""},"categories":[1],"tags":[],"class_list":["post-2062","post","type-post","status-publish","format-standard","has-post-thumbnail","hentry","category-noticias"],"_links":{"self":[{"href":"https:\/\/revistahubclub.com.br\/portal\/wp-json\/wp\/v2\/posts\/2062","targetHints":{"allow":["GET"]}}],"collection":[{"href":"https:\/\/revistahubclub.com.br\/portal\/wp-json\/wp\/v2\/posts"}],"about":[{"href":"https:\/\/revistahubclub.com.br\/portal\/wp-json\/wp\/v2\/types\/post"}],"author":[{"embeddable":true,"href":"https:\/\/revistahubclub.com.br\/portal\/wp-json\/wp\/v2\/users\/1"}],"replies":[{"embeddable":true,"href":"https:\/\/revistahubclub.com.br\/portal\/wp-json\/wp\/v2\/comments?post=2062"}],"version-history":[{"count":1,"href":"https:\/\/revistahubclub.com.br\/portal\/wp-json\/wp\/v2\/posts\/2062\/revisions"}],"predecessor-version":[{"id":2064,"href":"https:\/\/revistahubclub.com.br\/portal\/wp-json\/wp\/v2\/posts\/2062\/revisions\/2064"}],"wp:featuredmedia":[{"embeddable":true,"href":"https:\/\/revistahubclub.com.br\/portal\/wp-json\/wp\/v2\/media\/2063"}],"wp:attachment":[{"href":"https:\/\/revistahubclub.com.br\/portal\/wp-json\/wp\/v2\/media?parent=2062"}],"wp:term":[{"taxonomy":"category","embeddable":true,"href":"https:\/\/revistahubclub.com.br\/portal\/wp-json\/wp\/v2\/categories?post=2062"},{"taxonomy":"post_tag","embeddable":true,"href":"https:\/\/revistahubclub.com.br\/portal\/wp-json\/wp\/v2\/tags?post=2062"}],"curies":[{"name":"wp","href":"https:\/\/api.w.org\/{rel}","templated":true}]}}