{"id":2080,"date":"2024-02-15T11:24:00","date_gmt":"2024-02-15T14:24:00","guid":{"rendered":"https:\/\/revistahubclub.com.br\/portal\/?p=2080"},"modified":"2024-12-13T11:24:35","modified_gmt":"2024-12-13T14:24:35","slug":"minas-gerais-atrai-quase-r-4-bilhoes-em-investimentos-em-fontes-alternativas-de-energia","status":"publish","type":"post","link":"https:\/\/revistahubclub.com.br\/portal\/2024\/02\/15\/minas-gerais-atrai-quase-r-4-bilhoes-em-investimentos-em-fontes-alternativas-de-energia\/","title":{"rendered":"Minas Gerais atrai quase R$ 4 bilh\u00f5es em investimentos em fontes alternativas de energia"},"content":{"rendered":"\n<p id=\"viewer-cxv1430579\">Minas Gerais \u00e9 o estado l\u00edder em energia solar fotovoltaica no pa\u00eds e um dos melhores locais do mundo para esse modelo de gera\u00e7\u00e3o. Essa cadeia produtiva est\u00e1 cada vez mais consolidada no estado. Para al\u00e9m, os mineiros j\u00e1 olham para o futuro da gera\u00e7\u00e3o de energia limpa, e oportunidades de promo\u00e7\u00e3o de neg\u00f3cios e gera\u00e7\u00e3o de empregos verdes.&nbsp;<\/p>\n\n\n\n<p id=\"viewer-p31xw13411\">Em 2023, o Estado formalizou cerca de R$ 3,9 bilh\u00f5es em investimentos em projetos relacionados com fontes alternativas de energia, contribuindo para que a atividade estivesse entre os cinco setores com maior volume de investimentos atra\u00eddos no ano passado.<\/p>\n\n\n\n<p id=\"viewer-k1eoc13415\">Hidrog\u00eanio verde, biog\u00e1s e biodiesel s\u00e3o alguns dos produtos-alvo desses novos investimentos e que devem ganhar espa\u00e7o no mercado energ\u00e9tico mundial nos pr\u00f3ximos anos.<\/p>\n\n\n\n<p id=\"viewer-mylhl13419\">Por isso, os projetos t\u00eam condi\u00e7\u00f5es de ampliar a lideran\u00e7a de Minas na gera\u00e7\u00e3o de energia limpa, gerando empregos e tornando nosso estado um exemplo em sustentabilidade para o mundo.<\/p>\n\n\n\n<p id=\"viewer-vthau13423\"><strong>Projetos promissores<\/strong><\/p>\n\n\n\n<p id=\"viewer-e45ec13427\">Um dos projetos mais promissores est\u00e1 a pleno vapor em Belo Horizonte. Com mais de 27 anos de hist\u00f3ria em Minas na fabrica\u00e7\u00e3o de compressores industriais, a empresa de origem alem\u00e3 NEUMAN &amp; ESSER est\u00e1 investindo cerca de R$ 70 milh\u00f5es em uma nova f\u00e1brica de equipamentos geradores de hidrog\u00eanio verde, a primeira do tipo na Am\u00e9rica Latina.<\/p>\n\n\n\n<p id=\"viewer-nqnad13431\">\u201cO mundo est\u00e1 se formatando para isso, mas todos ainda est\u00e3o procurando o caminho. \u00c9 um mercado que praticamente n\u00e3o existe ainda. Por isso \u00e9 uma grande oportunidade a ser explorada por Minas Gerais fomentar essa cadeia, gerar empregos e neg\u00f3cios, colocando o Estado e o pr\u00f3prio Brasil em um patamar diferenciado no mundo\u201d, considera Marcelo Veneroso, presidente da NEUMAN &amp; ESSER no Brasil.<\/p>\n\n\n\n<p id=\"viewer-bcd1613435\">As obras para a nova unidade est\u00e3o em andamento em um terreno ao lado da atual sede. Quando estiver pronta, no segundo semestre de 2024, a f\u00e1brica de equipamentos para produ\u00e7\u00e3o de hidrog\u00eanio verde (como eletrolisadores de tipo PEM e alcalino e reformadores de etanol e biometano ou g\u00e1s natural) vai empregar mais 70 pessoas diretamente, com impacto em mais 350 empregos indiretos.<\/p>\n\n\n\n<p id=\"viewer-hpioq13439\">Mas at\u00e9 que o novo espa\u00e7o fique pronto, a empresa j\u00e1 atende as primeiras encomendas na estrutura atual.<\/p>\n\n\n\n<p id=\"viewer-9m6pe13443\">Para isso, j\u00e1 foram abertas 20 novas vagas de emprego para suprir a demanda. &nbsp;Uma delas foi ocupada pelo supervisor mec\u00e2nico Idal\u00e9cio Silvio dos Santos. Ele foi contratado h\u00e1 7 meses pela NEUMAN &amp; ESSER depois de j\u00e1 ter passado pela empresa como terceirizado. Ele se mostra agradecido com a oportunidade de trabalhar com tecnologia totalmente nova.<\/p>\n\n\n\n<p id=\"viewer-j61z913447\">\u201cComentava com alguns colegas h\u00e1 alguns dias sobre a satisfa\u00e7\u00e3o em trabalhar em algo inovador como \u00e9 o hidrog\u00eanio verde, uma tecnologia que vai tomar conta do mundo no futuro. \u00c9 muito gratificante fazer parte disso\u201d, diz.<\/p>\n\n\n\n<p id=\"viewer-823eg13451\"><strong>Combust\u00edvel do futuro<\/strong><\/p>\n\n\n\n<p id=\"viewer-bffry13455\">Mas voc\u00ea sabe o que \u00e9 o hidrog\u00eanio verde e por que ele \u00e9 considerado o combust\u00edvel do futuro? O hidrog\u00eanio \u00e9 um g\u00e1s que pode ser usado em substitui\u00e7\u00e3o a v\u00e1rios combust\u00edveis f\u00f3sseis, como os derivados de petr\u00f3leo e carv\u00e3o. Por exemplo, ele tem um poder calor\u00edfico cerca de tr\u00eas vezes maior que a gasolina, o diesel e o g\u00e1s natural.<\/p>\n\n\n\n<p id=\"viewer-so6s013459\">A queima do hidrog\u00eanio libera vapor d\u2019\u00e1gua na atmosfera, sem qualquer agress\u00e3o ao meio ambiente. Por isso, ele \u00e9 considerado o combust\u00edvel de maior potencial para a transi\u00e7\u00e3o energ\u00e9tica global e o combate \u00e0s mudan\u00e7as clim\u00e1ticas.<\/p>\n\n\n\n<p id=\"viewer-oq93a13463\">O H2 pode ser obtido por diversos meios, mas a maior parte deles \u00e9 poluente. No entanto, ele tamb\u00e9m pode ser produzido por meio de um processo f\u00edsico-qu\u00edmico chamado eletr\u00f3lise, usando energia el\u00e9trica.<\/p>\n\n\n\n<p id=\"viewer-gd0bu13467\">Quando o processo de obten\u00e7\u00e3o do hidrog\u00eanio \u00e9 alimentado por fontes renov\u00e1veis de energia (como solar, e\u00f3lica ou hidr\u00e1ulica), ele recebe o nome de \u201chidrog\u00eanio verde\u201d. Ele ainda pode ser usado para a produ\u00e7\u00e3o de am\u00f4nia, importante fertilizante em larga escala.<\/p>\n\n\n\n<p id=\"viewer-2ix8p13471\">Organiza\u00e7\u00f5es internacionais estimam que o hidrog\u00eanio verde seja respons\u00e1vel por cerca de 18% da energia produzida no mundo at\u00e9 2050, movimentando cerca de US$ 10 trilh\u00f5es.<\/p>\n\n\n\n<p id=\"viewer-1ydg713475\">Veneroso destaca as grandes vantagens que Minas possui para atrair boa parte dos investimentos nessa nova fonte de energia. \u201cMais de 95% da nossa energia \u00e9 de fontes renov\u00e1veis, temos a ind\u00fastria que produz e consome o combust\u00edvel, temos as empresas que fabricam os equipamentos que v\u00e3o produzir o hidrog\u00eanio, e as empresas que fabricam produtos verdes usando hidrog\u00eanio e temos capacidade para exporta\u00e7\u00e3o. Minas pode ter toda a cadeia de hidrog\u00eanio dentro do seu territ\u00f3rio. \u00c9 um impacto exponencial\u201d, considera.<\/p>\n\n\n\n<p id=\"viewer-7xlhy13479\"><strong>Energia gerada do lixo<\/strong><\/p>\n\n\n\n<p id=\"viewer-tknxe13483\">No fim da d\u00e9cada de 1980, o &nbsp;filme \u201cDe Volta Para o Futuro\u201d arrancou gargalhadas ir\u00f4nicas dos espectadores nos cinemas de todo o mundo ao mostrar uma m\u00e1quina do tempo movida a lixo dom\u00e9stico. Mais de tr\u00eas d\u00e9cadas depois, estamos ainda bem longe de descobrir como visitar passado e futuro. No entanto, transformar lixo em combust\u00edvel j\u00e1 deixou de ser obra de fic\u00e7\u00e3o cient\u00edfica.<\/p>\n\n\n\n<p id=\"viewer-rdiob13487\">\u00c9 o que planeja a empresa italiana Asja com investimento de R$ 152 milh\u00f5es na constru\u00e7\u00e3o de uma usina de biometano em Minas. A fonte? O Aterro Sanit\u00e1rio de Sabar\u00e1, na Regi\u00e3o Metropolitana da capital mineira.<\/p>\n\n\n\n<p id=\"viewer-5ycfi13491\">A Asja pretende usar tecnologia de ponta para capturar o g\u00e1s gerado pela decomposi\u00e7\u00e3o dos res\u00edduos, trat\u00e1-lo e purific\u00e1-lo, e deix\u00e1-lo com caracter\u00edsticas semelhantes ao g\u00e1s natural.<\/p>\n\n\n\n<p id=\"viewer-d66q213495\">Assim, ele poder\u00e1 ser usado por atuais consumidores do combust\u00edvel, como em frota de ve\u00edculos ou em ind\u00fastrias, sem necessidade de grandes adapta\u00e7\u00f5es, com a vantagem de ser altamente eficiente e de baixo impacto ambiental.<\/p>\n\n\n\n<p id=\"viewer-519p213499\">\u201cEssa usina que est\u00e1 sendo constru\u00edda em Sabar\u00e1 \u00e9 um projeto-piloto. A tecnologia que est\u00e1 sendo implementada em Minas poder\u00e1 servir de exemplo para todo o pa\u00eds\u201d, afirma o diretor-presidente da <a target=\"_blank\" href=\"https:\/\/www.investminas.mg.gov.br\/\" rel=\"noreferrer noopener\">Invest Minas<\/a>, Jo\u00e3o Paulo Braga.<\/p>\n\n\n\n<p id=\"viewer-g8tsk13505\">A planta tem previs\u00e3o de produzir cerca de 80 mil metros c\u00fabicos de g\u00e1s natural renov\u00e1vel por dia, e gerar 24 empregos permanentes. Parte da produ\u00e7\u00e3o ser\u00e1 usada para gerar energia el\u00e9trica para a usina, tornando a planta autossuficiente.<\/p>\n\n\n\n<p id=\"viewer-ececc13509\"><strong>Avi\u00e3o movido a maca\u00faba<\/strong><\/p>\n\n\n\n<p id=\"viewer-6dtda13513\">Com mais de 250 mil voos todos os dias no mundo, a avia\u00e7\u00e3o \u00e9 uma das atividades que mais impacta o meio ambiente por meio de queima de combust\u00edvel.<\/p>\n\n\n\n<p id=\"viewer-8vo3i13517\">Pois uma das alternativas para reduzir o impacto das aeronaves pode vir de uma esp\u00e9cie de palmeira que a popula\u00e7\u00e3o do Cerrado mineiro conhece muito bem: a maca\u00faba.<\/p>\n\n\n\n<p id=\"viewer-jpac713521\">Ela \u00e9 mat\u00e9ria-prima para obter combust\u00edveis que podem substituir o tradicional diesel e at\u00e9 o querosene de avia\u00e7\u00e3o.<\/p>\n\n\n\n<p id=\"viewer-38jti13525\">Durante a COP-28, realizada em novembro de 2023, em Dubai, a empresa Acelen, que faz parte do grupo investidor Mubadala Investment Company, anunciou o investimento de R$ 125 milh\u00f5es em um Centro de Inova\u00e7\u00e3o e Tecnologia em Montes Claros, no Norte de Minas com foco em desenvolver biocombust\u00edveis por meio da maca\u00faba.<\/p>\n\n\n\n<p id=\"viewer-xir8e13529\">A unidade ter\u00e1 um programa de melhoramento gen\u00e9tico, produ\u00e7\u00e3o de mudas e manejo agron\u00f4mico, visando a qualidade do produto, a redu\u00e7\u00e3o dos custos de produ\u00e7\u00e3o e a expans\u00e3o do cultivo. Para isso, a empresa j\u00e1 adquiriu um terreno de 150 hectares. O projeto prev\u00ea a gera\u00e7\u00e3o de 260 empregos diretos.<\/p>\n\n\n\n<p id=\"viewer-o71ib13533\">\u201cO <a target=\"_blank\" href=\"https:\/\/www.mg.gov.br\/\" rel=\"noreferrer noopener\">Governo de Minas<\/a> foi o primeiro da Am\u00e9rica Latina e Caribe a assinar o compromisso da campanha Race To Zero de neutralizar as emiss\u00f5es de gases de efeito estufa at\u00e9 2050. Ter o dom\u00ednio de tecnologias como essas coloca o estado em posi\u00e7\u00e3o de destaque e pronto para contribuir como protagonista com o esfor\u00e7o global para uma economia mais sustent\u00e1vel\u201d, ressalta Jo\u00e3o Paulo Braga.&nbsp;<\/p>\n","protected":false},"excerpt":{"rendered":"<p>Minas Gerais \u00e9 o estado l\u00edder em energia solar fotovoltaica no pa\u00eds e um dos melhores locais do mundo para esse modelo de gera\u00e7\u00e3o. Essa cadeia produtiva est\u00e1 cada vez<\/p>\n","protected":false},"author":1,"featured_media":2081,"comment_status":"open","ping_status":"open","sticky":false,"template":"","format":"standard","meta":{"footnotes":""},"categories":[1],"tags":[],"class_list":["post-2080","post","type-post","status-publish","format-standard","has-post-thumbnail","hentry","category-noticias"],"_links":{"self":[{"href":"https:\/\/revistahubclub.com.br\/portal\/wp-json\/wp\/v2\/posts\/2080","targetHints":{"allow":["GET"]}}],"collection":[{"href":"https:\/\/revistahubclub.com.br\/portal\/wp-json\/wp\/v2\/posts"}],"about":[{"href":"https:\/\/revistahubclub.com.br\/portal\/wp-json\/wp\/v2\/types\/post"}],"author":[{"embeddable":true,"href":"https:\/\/revistahubclub.com.br\/portal\/wp-json\/wp\/v2\/users\/1"}],"replies":[{"embeddable":true,"href":"https:\/\/revistahubclub.com.br\/portal\/wp-json\/wp\/v2\/comments?post=2080"}],"version-history":[{"count":1,"href":"https:\/\/revistahubclub.com.br\/portal\/wp-json\/wp\/v2\/posts\/2080\/revisions"}],"predecessor-version":[{"id":2082,"href":"https:\/\/revistahubclub.com.br\/portal\/wp-json\/wp\/v2\/posts\/2080\/revisions\/2082"}],"wp:featuredmedia":[{"embeddable":true,"href":"https:\/\/revistahubclub.com.br\/portal\/wp-json\/wp\/v2\/media\/2081"}],"wp:attachment":[{"href":"https:\/\/revistahubclub.com.br\/portal\/wp-json\/wp\/v2\/media?parent=2080"}],"wp:term":[{"taxonomy":"category","embeddable":true,"href":"https:\/\/revistahubclub.com.br\/portal\/wp-json\/wp\/v2\/categories?post=2080"},{"taxonomy":"post_tag","embeddable":true,"href":"https:\/\/revistahubclub.com.br\/portal\/wp-json\/wp\/v2\/tags?post=2080"}],"curies":[{"name":"wp","href":"https:\/\/api.w.org\/{rel}","templated":true}]}}