{"id":2083,"date":"2024-02-15T11:24:00","date_gmt":"2024-02-15T14:24:00","guid":{"rendered":"https:\/\/revistahubclub.com.br\/portal\/?p=2083"},"modified":"2024-12-13T11:25:13","modified_gmt":"2024-12-13T14:25:13","slug":"pre-inscricao-para-oficinas-do-projeto-qualificando-saberes","status":"publish","type":"post","link":"https:\/\/revistahubclub.com.br\/portal\/2024\/02\/15\/pre-inscricao-para-oficinas-do-projeto-qualificando-saberes\/","title":{"rendered":"Pr\u00e9-inscri\u00e7\u00e3o para oficinas do projeto \u2018Qualificando Saberes\u2019"},"content":{"rendered":"\n<p id=\"viewer-h6ezh2770\">Com o intuito de despertar e aprimorar habilidades art\u00edsticas variadas de todos os p\u00fablicos, a Secretaria Municipal de Cultural e Turismo (SMCT) est\u00e1 com pr\u00e9-inscri\u00e7\u00f5es abertas para as oficinas do projeto Oficinas experimentais de arte e cultura, do programa \u201cQualificando Saberes. S\u00e3o 12 op\u00e7\u00f5es de modalidades art\u00edsticas e culturais. As pr\u00e9-inscri\u00e7\u00f5es s\u00e3o gratuitas e os interessados devem preencher o formul\u00e1rio considerando o requisito de idade para cada curso.&nbsp;<a target=\"_blank\" href=\"https:\/\/www.uberlandia.mg.gov.br\/prefeitura\/secretarias\/cultura-e-turismo\/cursos-e-oficinas\/\" rel=\"noreferrer noopener\"><strong>(Acesse aqui)<\/strong><\/a><\/p>\n\n\n\n<p id=\"viewer-bg95h1748\">Com base nos cadastros da pr\u00e9-inscri\u00e7\u00e3o, a SMCT realizar\u00e1 um filtro para formatar a lista de selecionados conforme ordem de inscri\u00e7\u00e3o e adequa\u00e7\u00e3o \u00e0 idade definida para cada oficina. Os convocados ser\u00e3o comunicados via e-mail ou contato telef\u00f4nico informado no ato da pr\u00e9-inscri\u00e7\u00e3o, devendo responder com a confirma\u00e7\u00e3o para dar andamento na inscri\u00e7\u00e3o.<\/p>\n\n\n\n<p id=\"viewer-s0diw1750\">&nbsp;A previs\u00e3o de in\u00edcio das oficinas \u00e9 para 18 de mar\u00e7o. As aulas ocorrer\u00e3o na Oficina Cultural e no CEU Pai Nego (Shopping Park). A quantidade de selecionados varia entre 20 a 40 alunos por turma, conforme oficina. A pasta refor\u00e7a que poder\u00e1 ter lista de espera para as vagas que n\u00e3o forem confirmadas pelos selecionados. Mais informa\u00e7\u00f5es podem ser obtidas na SMCT: 3236-8011.<\/p>\n\n\n\n<p id=\"viewer-m7rn51752\"><strong>Confira os cursos e hor\u00e1rios dispon\u00edveis:<\/strong><\/p>\n\n\n\n<p id=\"viewer-3vpvu1754\"><strong>&nbsp;&nbsp;&nbsp;&nbsp;&nbsp;&nbsp;&nbsp;&nbsp;&nbsp;&nbsp;&nbsp;&nbsp;<\/strong><strong><u>BAL\u00c9 INFANTIL<\/u><\/strong><\/p>\n\n\n\n<p id=\"viewer-0biya1757\"><strong>Oficina Cultural:<\/strong><\/p>\n\n\n\n<p id=\"viewer-kl0zt1759\">\u2013 segunda e quarta-feira (8h30 \u00e0s 9h30 ou 10h \u00e0s 11h)<\/p>\n\n\n\n<p id=\"viewer-6v8hh1761\">\u2013 ter\u00e7a e quinta-feira (8h \u00e0s 9h)<\/p>\n\n\n\n<p id=\"viewer-m0xad1763\"><strong>CEU Pai Nego \u2013 Shopping Park:<\/strong><\/p>\n\n\n\n<p id=\"viewer-frouy1765\">\u2013 ter\u00e7a e quinta-feira (9h30 \u00e0s 10h30)<\/p>\n\n\n\n<p id=\"viewer-mbiz01767\">\u2013 segunda e quarta-feira (14h \u00e0s 15h)<\/p>\n\n\n\n<p id=\"viewer-f029a1769\">\u2013 segunda e sexta-feira (8h45 \u00e0s 9h45)<\/p>\n\n\n\n<p id=\"viewer-47dfl1771\"><strong>&nbsp;&nbsp;&nbsp;&nbsp;&nbsp;&nbsp;&nbsp;&nbsp;&nbsp;&nbsp;&nbsp;&nbsp;<\/strong><strong><u>DAN\u00c7A CONTEMPOR\u00c2NEA<\/u><\/strong><\/p>\n\n\n\n<p id=\"viewer-6nzor1774\"><strong>Oficina Cultural:<\/strong><\/p>\n\n\n\n<p id=\"viewer-4yyln1776\">\u2013 segunda e quarta-feira (18h45 \u00e0s 19h45 \u2013 14 a 17 anos);<\/p>\n\n\n\n<p id=\"viewer-t76fb1778\">\u2013 ter\u00e7a e quinta-feira (18h15 \u00e0s 19h45 \u2013 a partir de 21 anos)<\/p>\n\n\n\n<p id=\"viewer-fiume1780\"><strong>&nbsp;&nbsp;&nbsp;&nbsp;&nbsp;&nbsp;&nbsp;&nbsp;&nbsp;&nbsp;&nbsp;&nbsp;<\/strong><strong><u>CANTO CORAL<\/u><\/strong><\/p>\n\n\n\n<p id=\"viewer-u5ci21783\"><strong>Oficina Cultural:<\/strong><\/p>\n\n\n\n<p id=\"viewer-e1f1w1785\">\u2013 quarta-feira (19h \u00e0s 21h)<\/p>\n\n\n\n<p id=\"viewer-ptbd61787\"><strong>&nbsp;&nbsp;&nbsp;&nbsp;&nbsp;&nbsp;&nbsp;&nbsp;&nbsp;&nbsp;&nbsp;&nbsp;<\/strong><strong><u>CANTO CORAL INFANTIL<\/u><\/strong><\/p>\n\n\n\n<p id=\"viewer-c5uvs1790\"><strong>CEU Pai Nego \u2013 Shopping Park:<\/strong><\/p>\n\n\n\n<p id=\"viewer-ywgz21792\">\u2013 ter\u00e7a e quinta-feira (14h \u00e0s 15h)<\/p>\n\n\n\n<p id=\"viewer-w78jk1794\"><strong>&nbsp;&nbsp;&nbsp;&nbsp;&nbsp;&nbsp;&nbsp;&nbsp;&nbsp;&nbsp;&nbsp;&nbsp;<\/strong><strong><u>CAPOEIRA<\/u><\/strong><\/p>\n\n\n\n<p id=\"viewer-7qxt81797\"><strong>CEU Pai Nego \u2013 Shopping Park:<\/strong><\/p>\n\n\n\n<p id=\"viewer-bt12n1799\">quarta e sexta-feira (9h \u00e0s 10h \u2013 8 a 12 anos ou 9 \u00e0s 10h \u2013 14 a 17 anos)<\/p>\n\n\n\n<p id=\"viewer-eg4y81801\"><strong>&nbsp;&nbsp;&nbsp;&nbsp;&nbsp;&nbsp;&nbsp;&nbsp;&nbsp;&nbsp;&nbsp;&nbsp;<\/strong><strong><u>DAN\u00c7AS URBANAS<\/u><\/strong><\/p>\n\n\n\n<p id=\"viewer-29o9u1804\"><strong>\u2013 CEU Pai Nego \u2013 Shopping Park:<\/strong><\/p>\n\n\n\n<p id=\"viewer-hjxth1806\">\u2013 ter\u00e7a e quinta-feira (19h \u00e0s 20h30 \u2013 a partir de 15 anos)<\/p>\n\n\n\n<p id=\"viewer-ut26u1808\"><strong>&nbsp;&nbsp;&nbsp;&nbsp;&nbsp;&nbsp;&nbsp;&nbsp;&nbsp;&nbsp;&nbsp;&nbsp;<\/strong><strong><u>DAN\u00c7AS URBANAS KIDS<\/u><\/strong><\/p>\n\n\n\n<p id=\"viewer-tjtzb1811\"><strong>CEU Pai Nego \u2013 Shopping Park:<\/strong><\/p>\n\n\n\n<p id=\"viewer-b9cab1813\">\u2013 ter\u00e7a e quinta-feira (18h \u00e0s 19h \u2013 9 a 13 anos)<\/p>\n\n\n\n<p id=\"viewer-1w3y11815\"><strong>&nbsp;&nbsp;&nbsp;&nbsp;&nbsp;&nbsp;&nbsp;&nbsp;&nbsp;&nbsp;&nbsp;&nbsp;<\/strong><strong><u>TEATRO PARA ADOLESCENTES<\/u><\/strong><\/p>\n\n\n\n<p id=\"viewer-g37x51818\"><strong>Oficina Cultural:<\/strong><\/p>\n\n\n\n<p id=\"viewer-s3jyn1820\">\u2013 ter\u00e7a-feira (18h \u00e0s 21h \u2013 13 a 16 anos)<\/p>\n\n\n\n<p id=\"viewer-7yo1b1822\"><strong>&nbsp;&nbsp;&nbsp;&nbsp;&nbsp;&nbsp;&nbsp;&nbsp;&nbsp;&nbsp;&nbsp;&nbsp;<\/strong><strong><u>TEATRO INFANTIL<\/u><\/strong><\/p>\n\n\n\n<p id=\"viewer-73cb71825\"><strong>Oficina Cultural:<\/strong><\/p>\n\n\n\n<p id=\"viewer-c8jik1827\">\u2013 ter\u00e7a-feira (9h \u00e0s 11h \u2013 8 a 12 anos)<\/p>\n\n\n\n<p id=\"viewer-wklon1829\"><strong>&nbsp;&nbsp;&nbsp;&nbsp;&nbsp;&nbsp;&nbsp;&nbsp;&nbsp;&nbsp;&nbsp;&nbsp;<\/strong><strong><u>TEATRO JOVENS E ADULTOS<\/u><\/strong><\/p>\n\n\n\n<p id=\"viewer-kunvu1832\"><strong>Oficina Cultural:<\/strong><\/p>\n\n\n\n<p id=\"viewer-5f7lg1834\"><strong>\u2013&nbsp;<\/strong>quarta-feira (18h \u00e0s 21h \u2013 a partir de 16 anos)<\/p>\n\n\n\n<p id=\"viewer-s2jfy1837\"><strong>&nbsp;&nbsp;&nbsp;&nbsp;&nbsp;&nbsp;&nbsp;&nbsp;&nbsp;&nbsp;&nbsp;&nbsp;<\/strong><strong><u>DAN\u00c7A DE SAL\u00c3O<\/u><\/strong><\/p>\n\n\n\n<p id=\"viewer-hsnga1840\"><strong>Oficina Cultural:<\/strong><\/p>\n\n\n\n<p id=\"viewer-b6jsp1842\">ter\u00e7a e quinta-feira (18h \u00e0s 19h30 ou 19h30 \u00e0s 21h \u2013 a partir de 16 anos)<\/p>\n\n\n\n<p id=\"viewer-m119v1844\"><strong>&nbsp;&nbsp;&nbsp;&nbsp;&nbsp;&nbsp;&nbsp;&nbsp;&nbsp;&nbsp;&nbsp;&nbsp;<\/strong><strong><u>FLAUTA DOCE<\/u><\/strong><\/p>\n\n\n\n<p id=\"viewer-z89hj1847\"><strong>CEU Pai Nego \u2013 Shopping Park:<\/strong><\/p>\n\n\n\n<p id=\"viewer-csi4d1849\">\u2013 quarta-feira (9h \u00e0s 10h30 ou 13h \u00e1s 14h \u2013 8 a 12 anos)<\/p>\n\n\n\n<p id=\"viewer-ulnii1851\">\u2013 segunda e quarta-feira (13h \u00e0s 14h \u2013 8 a 12 anos)<\/p>\n","protected":false},"excerpt":{"rendered":"<p>Com o intuito de despertar e aprimorar habilidades art\u00edsticas variadas de todos os p\u00fablicos, a Secretaria Municipal de Cultural e Turismo (SMCT) est\u00e1 com pr\u00e9-inscri\u00e7\u00f5es abertas para as oficinas do<\/p>\n","protected":false},"author":1,"featured_media":2084,"comment_status":"open","ping_status":"open","sticky":false,"template":"","format":"standard","meta":{"footnotes":""},"categories":[1],"tags":[],"class_list":["post-2083","post","type-post","status-publish","format-standard","has-post-thumbnail","hentry","category-noticias"],"_links":{"self":[{"href":"https:\/\/revistahubclub.com.br\/portal\/wp-json\/wp\/v2\/posts\/2083","targetHints":{"allow":["GET"]}}],"collection":[{"href":"https:\/\/revistahubclub.com.br\/portal\/wp-json\/wp\/v2\/posts"}],"about":[{"href":"https:\/\/revistahubclub.com.br\/portal\/wp-json\/wp\/v2\/types\/post"}],"author":[{"embeddable":true,"href":"https:\/\/revistahubclub.com.br\/portal\/wp-json\/wp\/v2\/users\/1"}],"replies":[{"embeddable":true,"href":"https:\/\/revistahubclub.com.br\/portal\/wp-json\/wp\/v2\/comments?post=2083"}],"version-history":[{"count":1,"href":"https:\/\/revistahubclub.com.br\/portal\/wp-json\/wp\/v2\/posts\/2083\/revisions"}],"predecessor-version":[{"id":2085,"href":"https:\/\/revistahubclub.com.br\/portal\/wp-json\/wp\/v2\/posts\/2083\/revisions\/2085"}],"wp:featuredmedia":[{"embeddable":true,"href":"https:\/\/revistahubclub.com.br\/portal\/wp-json\/wp\/v2\/media\/2084"}],"wp:attachment":[{"href":"https:\/\/revistahubclub.com.br\/portal\/wp-json\/wp\/v2\/media?parent=2083"}],"wp:term":[{"taxonomy":"category","embeddable":true,"href":"https:\/\/revistahubclub.com.br\/portal\/wp-json\/wp\/v2\/categories?post=2083"},{"taxonomy":"post_tag","embeddable":true,"href":"https:\/\/revistahubclub.com.br\/portal\/wp-json\/wp\/v2\/tags?post=2083"}],"curies":[{"name":"wp","href":"https:\/\/api.w.org\/{rel}","templated":true}]}}