{"id":2101,"date":"2024-02-06T11:28:00","date_gmt":"2024-02-06T14:28:00","guid":{"rendered":"https:\/\/revistahubclub.com.br\/portal\/?p=2101"},"modified":"2024-12-13T11:29:25","modified_gmt":"2024-12-13T14:29:25","slug":"centros-profissionalizantes-da-prefeitura-de-uberlandia-retornam-as-atividades-com-mais-de-30-cursos","status":"publish","type":"post","link":"https:\/\/revistahubclub.com.br\/portal\/2024\/02\/06\/centros-profissionalizantes-da-prefeitura-de-uberlandia-retornam-as-atividades-com-mais-de-30-cursos\/","title":{"rendered":"Centros profissionalizantes da Prefeitura de Uberl\u00e2ndia retornam \u00e0s atividades com mais de 30 cursos"},"content":{"rendered":"\n<p id=\"viewer-ezsgj4130\">A Prefeitura de Uberl\u00e2ndia reabriu o per\u00edodo de inscri\u00e7\u00f5es para os cursos gratuitos oferecidos por meio dos Centros Profissionalizantes. Sob gest\u00e3o da Secretaria Municipal de Desenvolvimento Social, ser\u00e3o oferecidas, a partir de fevereiro, mais de 30 capacita\u00e7\u00f5es. Entre os destaques, &#8220;Seguran\u00e7a em Instala\u00e7\u00f5es El\u00e9tricas&#8221;, &#8220;Eletricista&#8221;, &#8220;P\u00e1scoa Criativa: enfeites e mimos&#8221; e &#8220;Operador de M\u00e1quina de Costura&#8221;.<\/p>\n\n\n\n<p id=\"viewer-59nbc282\">Os Centros Profissionalizantes s\u00e3o voltados a quem busca aperfei\u00e7oamento e melhores oportunidades no mercado de trabalho. As unidades ficam nos bairros Morumbi, Lagoinha, Campo Alegre, Tocantins, Planalto, no Complexo Social do Bairro Maravilha (Pra\u00e7a da Juventude), na nova sede do Luizote de Freitas,&nbsp;<a target=\"_blank\" href=\"https:\/\/www.uberlandia.mg.gov.br\/2023\/08\/24\/prefeitura-inaugura-nova-unidade-do-centro-profissionalizante-luizote-de-freitas\/\" rel=\"noreferrer noopener\">inaugurada em<\/a> agosto do ano passado<strong>,<\/strong>&nbsp;e no antigo endere\u00e7o da unidade Luizote, que se tornou focada exclusivamente em capacita\u00e7\u00f5es na \u00e1rea de constru\u00e7\u00e3o civil.<\/p>\n\n\n\n<p id=\"viewer-r6ax2288\">As inscri\u00e7\u00f5es est\u00e3o abertas permanentemente e devem ser feitas no local de realiza\u00e7\u00e3o do curso. Para se inscrever, basta ir at\u00e9 um dos centros profissionalizantes e apresentar documento de identidade com foto e CPF originais e comprovantes de endere\u00e7o e de renda familiar. Os interessados devem ter idade m\u00ednima de 16 anos, n\u00edvel de escolaridade compat\u00edvel com a especificidade de cada curso e renda familiar de, no m\u00e1ximo, tr\u00eas sal\u00e1rios m\u00ednimos.<\/p>\n\n\n\n<p id=\"viewer-nxca9290\"><strong>Confira abaixo os cursos oferecidos em cada centro profissionalizante:<\/strong><\/p>\n\n\n\n<p id=\"viewer-n8hrb293\">1. Centro Profissionalizante Morumbi<\/p>\n\n\n\n<p id=\"viewer-n1apl295\">Av. Jos\u00e9 Maria Ribeiro, 897 \u2013 Bairro Morumbi \u2013 Fone: 3232-3060<\/p>\n\n\n\n<p id=\"viewer-th89w297\">\u2022 Excel<\/p>\n\n\n\n<p id=\"viewer-9h3oq300\">Per\u00edodo: 19\/02 a 26\/03<\/p>\n\n\n\n<p id=\"viewer-ev5ld302\">Hor\u00e1rios:13h \u00e0s 15h\/ 15h \u00e0s 17h<\/p>\n\n\n\n<p id=\"viewer-0dr6c304\">Dias: segunda-feira a sexta-feira<\/p>\n\n\n\n<p id=\"viewer-rpiy9306\">\u2022 Gest\u00e3o de Recursos Humanos<\/p>\n\n\n\n<p id=\"viewer-kijhx309\">Per\u00edodo: 19\/02 a 01\/03<\/p>\n\n\n\n<p id=\"viewer-tlqu8311\">Hor\u00e1rios: 14h \u00e0s 17h<\/p>\n\n\n\n<p id=\"viewer-wnjhc313\">Dias: segunda-feira a sexta-feira<\/p>\n\n\n\n<p id=\"viewer-9gy60315\">\u2022 Bombons e Trufas: Del\u00edcias de P\u00e1scoa<\/p>\n\n\n\n<p id=\"viewer-ps1kf318\">Per\u00edodo: 26\/02 a 01\/03<\/p>\n\n\n\n<p id=\"viewer-ed2gg320\">Hor\u00e1rios: 13h \u00e0s 17h<\/p>\n\n\n\n<p id=\"viewer-z01ys322\">Dias: segunda-feira a sexta-feira<\/p>\n\n\n\n<p id=\"viewer-k2nqo325\">2. Centro Profissionalizante Lagoinha<\/p>\n\n\n\n<p id=\"viewer-oj1au327\">Rua S\u00e3o Francisco de Assis, 1070 \u2013 Bairro Lagoinha \u2013 Fone: 3226-6968<\/p>\n\n\n\n<p id=\"viewer-5cu2j329\">\u2022 Preparo de Bolos e Tortas<\/p>\n\n\n\n<p id=\"viewer-9wt7b332\">Per\u00edodo: 19\/02 a 23\/02<\/p>\n\n\n\n<p id=\"viewer-o0xhi334\">Hor\u00e1rios: 13h \u00e0s 17h<\/p>\n\n\n\n<p id=\"viewer-pc6s2336\">Dias: segunda-feira a sexta-feira<\/p>\n\n\n\n<p id=\"viewer-3pptj338\">\u2022 Design de Sobrancelha<\/p>\n\n\n\n<p id=\"viewer-c4qzw341\">Per\u00edodo: 19\/02 a 23\/02<\/p>\n\n\n\n<p id=\"viewer-aw9t6343\">Hor\u00e1rios: 13h a 17h<\/p>\n\n\n\n<p id=\"viewer-43y2h345\">Dias: segunda-feira a sexta-feira<\/p>\n\n\n\n<p id=\"viewer-dmgiz347\">\u2022 Inform\u00e1tica Profissional &#8211; manh\u00e3<\/p>\n\n\n\n<p id=\"viewer-8zkj8350\">Per\u00edodo: 19\/02 a 26\/03<\/p>\n\n\n\n<p id=\"viewer-54pbh352\">Hor\u00e1rios: 8h \u00e0s 10h\/ 10h \u00e0s 12h<\/p>\n\n\n\n<p id=\"viewer-fk0d4354\">Dias: segunda-feira a sexta-feira<\/p>\n\n\n\n<p id=\"viewer-tieh0356\">\u2022 Operador de M\u00e1quina de Costura &#8211; manh\u00e3<\/p>\n\n\n\n<p id=\"viewer-8jga4359\">Per\u00edodo: 19\/02 a 21\/02<\/p>\n\n\n\n<p id=\"viewer-yj6ss361\">Hor\u00e1rios: 8h \u00e0s 12h<\/p>\n\n\n\n<p id=\"viewer-3er5u363\">Dias: segunda-feira a sexta-feira<\/p>\n\n\n\n<p id=\"viewer-pu8q1365\">\u2022 Operador de M\u00e1quina de Costura &#8211; tarde<\/p>\n\n\n\n<p id=\"viewer-62v15368\">Per\u00edodo: 19\/02 a 21\/02<\/p>\n\n\n\n<p id=\"viewer-f6kav370\">Hor\u00e1rios: 13h \u00e0s 17h<\/p>\n\n\n\n<p id=\"viewer-bbq14372\">Dias: segunda-feira a sexta-feira<\/p>\n\n\n\n<p id=\"viewer-sr8lw374\">\u2022 Operador de Empilhadeira- noite<\/p>\n\n\n\n<p id=\"viewer-55web377\">Per\u00edodo: 19\/02 a 19\/04<\/p>\n\n\n\n<p id=\"viewer-whf30379\">Hor\u00e1rios: 18h \u00e0s 21h<\/p>\n\n\n\n<p id=\"viewer-g6o1w381\">Dias: segunda, quinta e sexta-feira<\/p>\n\n\n\n<p id=\"viewer-l1oip383\">\u2022 Confec\u00e7\u00e3o de Roupa de Cama &#8211; manh\u00e3<\/p>\n\n\n\n<p id=\"viewer-c01gh386\">Per\u00edodo: 26\/02 a 29\/02<\/p>\n\n\n\n<p id=\"viewer-rtsa8388\">Hor\u00e1rios: 8h \u00e0s 12h<\/p>\n\n\n\n<p id=\"viewer-hu5zi390\">Dias: segunda-feira a quinta-feira<\/p>\n\n\n\n<p id=\"viewer-5o4z9392\">\u2022 Necessaire e Bolsas<\/p>\n\n\n\n<p id=\"viewer-y8zl8395\">Per\u00edodo: 26\/02 a 29\/02<\/p>\n\n\n\n<p id=\"viewer-cw6yw397\">Hor\u00e1rios: 13h \u00e0s 17h<\/p>\n\n\n\n<p id=\"viewer-y22io399\">Dias: segunda-feira a quinta-feira<\/p>\n\n\n\n<p id=\"viewer-8lgz6401\">\u2022 Pre\u00e7o de Custo e Forma\u00e7\u00e3o do Pre\u00e7o de Venda<\/p>\n\n\n\n<p id=\"viewer-t9trv404\">Per\u00edodo: 26\/02 a 28\/02<\/p>\n\n\n\n<p id=\"viewer-g91ol406\">Hor\u00e1rios: 13h \u00e0s 17h<\/p>\n\n\n\n<p id=\"viewer-81aom408\">Dias: segunda-feira a quarta-feira<\/p>\n\n\n\n<p id=\"viewer-l179q411\">3. Centro Profissionalizante Campo Alegre<\/p>\n\n\n\n<p id=\"viewer-exwkl413\">Av. Cordilheira dos Andes, 1015 \u2013 Bairro Campo Alegre \u2013 Fone: 3227-3767<\/p>\n\n\n\n<p id=\"viewer-ow0r5415\">\u2022 Inform\u00e1tica Profissional<\/p>\n\n\n\n<p id=\"viewer-b1f1u418\">Per\u00edodo: 19\/02 a 26\/03<\/p>\n\n\n\n<p id=\"viewer-zupxy420\">Hor\u00e1rios:13h \u00e0s 14h30\/ 14h30 \u00e0s 16h\/ 16h \u00e0s 17h30<\/p>\n\n\n\n<p id=\"viewer-s1hp6422\">Dias: segunda-feira a sexta-feira<\/p>\n\n\n\n<p id=\"viewer-zntkm424\">\u2022 Preparo de Doces Para Festa :Del\u00edcias de P\u00e1scoa<\/p>\n\n\n\n<p id=\"viewer-sdws5427\">Per\u00edodo: 19\/02 a 21\/02<\/p>\n\n\n\n<p id=\"viewer-kbqzl429\">Hor\u00e1rios: 13h \u00e0s 17h<\/p>\n\n\n\n<p id=\"viewer-lq2yu431\">Dias: segunda-feira a quarta-feira<\/p>\n\n\n\n<p id=\"viewer-mtr0t433\">\u2022 Extens\u00e3o de C\u00edlios<\/p>\n\n\n\n<p id=\"viewer-1o5ct436\">Per\u00edodo: 26\/02 a 29\/02<\/p>\n\n\n\n<p id=\"viewer-kefw5438\">Hor\u00e1rios: 13h \u00e0s 17h<\/p>\n\n\n\n<p id=\"viewer-ch462440\">Dias: segunda-feira a quinta-feira<\/p>\n\n\n\n<p id=\"viewer-x07ea442\">\u2022 P\u00e1scoa Criativa: enfeites e mimos<\/p>\n\n\n\n<p id=\"viewer-zlekf445\">Per\u00edodo: 26\/02 a 29\/02<\/p>\n\n\n\n<p id=\"viewer-hl7u9447\">Hor\u00e1rios: 13h \u00e0s 17h<\/p>\n\n\n\n<p id=\"viewer-tujt2449\">Dias: segunda-feira a quinta-feira<\/p>\n\n\n\n<p id=\"viewer-l4mdt452\">4. Centro Profissionalizante Luizote \u2013 Nova Unidade<\/p>\n\n\n\n<p id=\"viewer-q4zjx454\">Rua Roberto Margonari, 50 \u2013 Bairro: Luizote Fone: 3228-7520<\/p>\n\n\n\n<p id=\"viewer-uiuqk456\">\u2022 Departamento Pessoal \u2013 manh\u00e3<\/p>\n\n\n\n<p id=\"viewer-xqdca459\">Per\u00edodo: 19\/02 a 01\/03<\/p>\n\n\n\n<p id=\"viewer-j85nj461\">Hor\u00e1rios: 8h \u00e0s 12h<\/p>\n\n\n\n<p id=\"viewer-ypmwc463\">Dias: segunda-feira a sexta-feira<\/p>\n\n\n\n<p id=\"viewer-hr5wh465\">\u2022 Alongamento de Unhas<\/p>\n\n\n\n<p id=\"viewer-bprt1468\">Per\u00edodo: 19\/02 a 29\/02<\/p>\n\n\n\n<p id=\"viewer-fxpyu470\">Hor\u00e1rios: 13h \u00e0s 17h<\/p>\n\n\n\n<p id=\"viewer-leecv472\">Dias: segunda-feira a sexta-feira<\/p>\n\n\n\n<p id=\"viewer-d33ev474\">\u2022 Inform\u00e1tica Profissional<\/p>\n\n\n\n<p id=\"viewer-x3m6i477\">Per\u00edodo: 19\/02 a 26\/03<\/p>\n\n\n\n<p id=\"viewer-1asyc479\">Hor\u00e1rios:13h \u00e0s 14h30\/ 14h30 \u00e0s 16h\/ 16h \u00e0s 17h30<\/p>\n\n\n\n<p id=\"viewer-aduup481\">Dias: segunda-feira a sexta-feira<\/p>\n\n\n\n<p id=\"viewer-q9g22483\">\u2022 Operador de M\u00e1quina de Costura<\/p>\n\n\n\n<p id=\"viewer-zfl6l486\">Per\u00edodo: 19\/02 a 21\/02<\/p>\n\n\n\n<p id=\"viewer-rom1w488\">Hor\u00e1rios: 13h \u00e0s 17h<\/p>\n\n\n\n<p id=\"viewer-l8klg490\">Dias: segunda-feira a quarta-feira<\/p>\n\n\n\n<p id=\"viewer-u4zhu492\">\u2022 Operador de M\u00e1quina de Costura<\/p>\n\n\n\n<p id=\"viewer-xukn4495\">Per\u00edodo: 26\/02 a 28\/02<\/p>\n\n\n\n<p id=\"viewer-l86gx497\">Hor\u00e1rios:13h \u00e0s 17h<\/p>\n\n\n\n<p id=\"viewer-ca1zx499\">Dias: segunda-feira a quarta-feira<\/p>\n\n\n\n<p id=\"viewer-e8zn5502\">5. Centro Profissionalizante Luizote \u2013 Constru\u00e7\u00e3o Civil<\/p>\n\n\n\n<p id=\"viewer-q877w504\">Rua Ant\u00f4nio Rufino Borges, 165 \u2013 Bairro Luizote \u2013 Fone: 3228-7520<\/p>\n\n\n\n<p id=\"viewer-547oy506\">\u2022 Pedreiro<\/p>\n\n\n\n<p id=\"viewer-ejhuk509\">Per\u00edodo: 19\/02 a 15\/03<\/p>\n\n\n\n<p id=\"viewer-9k8va511\">Hor\u00e1rios: 18h \u00e0s 21h<\/p>\n\n\n\n<p id=\"viewer-30d7u513\">Dias: segunda, quarta e sexta-feira<\/p>\n\n\n\n<p id=\"viewer-5k3rr515\">\u2022 Eletricista<\/p>\n\n\n\n<p id=\"viewer-gqohm518\">Per\u00edodo: 19\/02 a 27\/03<\/p>\n\n\n\n<p id=\"viewer-0x6i7520\">Hor\u00e1rios: 18h \u00e0s 21h<\/p>\n\n\n\n<p id=\"viewer-8b8ba522\">Dias: ter\u00e7a e quinta-feira<\/p>\n\n\n\n<p id=\"viewer-fefcf524\">\u2022 Seguran\u00e7a em Instala\u00e7\u00e3o El\u00e9trica (NR10)<\/p>\n\n\n\n<p id=\"viewer-0fw1v527\">Per\u00edodo: 19\/02 a 01\/03<\/p>\n\n\n\n<p id=\"viewer-jxfxv529\">Hor\u00e1rios: 13h \u00e0s 17h<\/p>\n\n\n\n<p id=\"viewer-r63ph531\">Dias: segunda-feira a sexta-feira<\/p>\n\n\n\n<p id=\"viewer-6qh75534\">6. Centro Profissionalizante Tocantins<\/p>\n\n\n\n<p id=\"viewer-lp0fx536\">Rua Renato Jos\u00e9 Luiz, 90 \u2013 Bairro Tocantins \u2013 Fone: 3217-9462<\/p>\n\n\n\n<p id=\"viewer-xfot0538\">\u2022 Excel<\/p>\n\n\n\n<p id=\"viewer-zf8je541\">Per\u00edodo: 19\/02 a 01\/03<\/p>\n\n\n\n<p id=\"viewer-4iuv1543\">Hor\u00e1rios:13h \u00e0s 15h\/ 15h \u00e0s 17h<\/p>\n\n\n\n<p id=\"viewer-xaruo545\">Dias: segunda-feira \u00e0 sexta-feira<\/p>\n\n\n\n<p id=\"viewer-85h0v547\">\u2022 P\u00e1scoa Criativa: enfeites e mimos<\/p>\n\n\n\n<p id=\"viewer-x5cdu550\">Per\u00edodo: 19\/02 a 22\/02<\/p>\n\n\n\n<p id=\"viewer-ojq7a552\">Hor\u00e1rios: 13h \u00e0s 17h<\/p>\n\n\n\n<p id=\"viewer-c0ize554\">Dias: segunda-feira a quinta-feira<\/p>\n\n\n\n<p id=\"viewer-kigt3556\">\u2022 Manicure e Pedicure<\/p>\n\n\n\n<p id=\"viewer-p1jl5559\">Per\u00edodo: 26\/02 a 01\/03<\/p>\n\n\n\n<p id=\"viewer-i992f561\">Hor\u00e1rios: 8h \u00e0s 12h<\/p>\n\n\n\n<p id=\"viewer-bseci563\">Dias: segunda-feira a quarta-feira<\/p>\n\n\n\n<p id=\"viewer-h65mj566\">7. Centro Profissionalizante Planalto<\/p>\n\n\n\n<p id=\"viewer-p7g3y568\">Rua do Jardineiro,360 \u2013 Bairro Planalto \u2013 Fone: 3257-3795<\/p>\n\n\n\n<p id=\"viewer-u998r570\">\u2022 Mec\u00e2nica Automotiva &#8211; Manh\u00e3<\/p>\n\n\n\n<p id=\"viewer-wfz2v573\">Per\u00edodo: 19\/02 a 14\/05<\/p>\n\n\n\n<p id=\"viewer-888ut575\">Hor\u00e1rios: 8h \u00e0s 12h<\/p>\n\n\n\n<p id=\"viewer-w1aaa577\">Dias: segunda-feira a sexta-feira<\/p>\n\n\n\n<p id=\"viewer-zub99579\">\u2022 Mec\u00e2nica Automotiva &#8211; Tarde<\/p>\n\n\n\n<p id=\"viewer-tlcbz582\">Per\u00edodo: 19\/02 a 14\/05<\/p>\n\n\n\n<p id=\"viewer-iynus584\">Hor\u00e1rios:13h \u00e0s 17h<\/p>\n\n\n\n<p id=\"viewer-blsju586\">Dias: segunda-feira a sexta-feira<\/p>\n\n\n\n<p id=\"viewer-eq92x588\">\u2022 Mec\u00e2nica Automotiva &#8211; Noite<\/p>\n\n\n\n<p id=\"viewer-ykftp591\">Per\u00edodo: 19\/02 a 12\/06<\/p>\n\n\n\n<p id=\"viewer-siy62593\">Hor\u00e1rios:19h \u00e0s 22h<\/p>\n\n\n\n<p id=\"viewer-gobd3595\">Dias: segunda-feira a sexta-feira<\/p>\n\n\n\n<p id=\"viewer-mhgd6597\">\u2022 Aplica\u00e7\u00e3o, Desenvolvimento e Programa\u00e7\u00e3o de Dispositivos<\/p>\n\n\n\n<p id=\"viewer-yx4ud600\">Rob\u00f3ticos<\/p>\n\n\n\n<p id=\"viewer-96sfy602\">Per\u00edodo: 19\/02 a 05\/04<\/p>\n\n\n\n<p id=\"viewer-nn259604\">Hor\u00e1rios: 13h \u00e0s 17h<\/p>\n\n\n\n<p id=\"viewer-2q4bp606\">Dias: segunda, quarta e sexta-feira<\/p>\n","protected":false},"excerpt":{"rendered":"<p>A Prefeitura de Uberl\u00e2ndia reabriu o per\u00edodo de inscri\u00e7\u00f5es para os cursos gratuitos oferecidos por meio dos Centros Profissionalizantes. Sob gest\u00e3o da Secretaria Municipal de Desenvolvimento Social, ser\u00e3o oferecidas, a<\/p>\n","protected":false},"author":1,"featured_media":2102,"comment_status":"open","ping_status":"open","sticky":false,"template":"","format":"standard","meta":{"footnotes":""},"categories":[1],"tags":[],"class_list":["post-2101","post","type-post","status-publish","format-standard","has-post-thumbnail","hentry","category-noticias"],"_links":{"self":[{"href":"https:\/\/revistahubclub.com.br\/portal\/wp-json\/wp\/v2\/posts\/2101","targetHints":{"allow":["GET"]}}],"collection":[{"href":"https:\/\/revistahubclub.com.br\/portal\/wp-json\/wp\/v2\/posts"}],"about":[{"href":"https:\/\/revistahubclub.com.br\/portal\/wp-json\/wp\/v2\/types\/post"}],"author":[{"embeddable":true,"href":"https:\/\/revistahubclub.com.br\/portal\/wp-json\/wp\/v2\/users\/1"}],"replies":[{"embeddable":true,"href":"https:\/\/revistahubclub.com.br\/portal\/wp-json\/wp\/v2\/comments?post=2101"}],"version-history":[{"count":1,"href":"https:\/\/revistahubclub.com.br\/portal\/wp-json\/wp\/v2\/posts\/2101\/revisions"}],"predecessor-version":[{"id":2103,"href":"https:\/\/revistahubclub.com.br\/portal\/wp-json\/wp\/v2\/posts\/2101\/revisions\/2103"}],"wp:featuredmedia":[{"embeddable":true,"href":"https:\/\/revistahubclub.com.br\/portal\/wp-json\/wp\/v2\/media\/2102"}],"wp:attachment":[{"href":"https:\/\/revistahubclub.com.br\/portal\/wp-json\/wp\/v2\/media?parent=2101"}],"wp:term":[{"taxonomy":"category","embeddable":true,"href":"https:\/\/revistahubclub.com.br\/portal\/wp-json\/wp\/v2\/categories?post=2101"},{"taxonomy":"post_tag","embeddable":true,"href":"https:\/\/revistahubclub.com.br\/portal\/wp-json\/wp\/v2\/tags?post=2101"}],"curies":[{"name":"wp","href":"https:\/\/api.w.org\/{rel}","templated":true}]}}