{"id":2104,"date":"2024-02-06T11:29:00","date_gmt":"2024-02-06T14:29:00","guid":{"rendered":"https:\/\/revistahubclub.com.br\/portal\/?p=2104"},"modified":"2024-12-13T11:29:55","modified_gmt":"2024-12-13T14:29:55","slug":"cdl-uberlandia-divulga-horario-de-funcionamento-do-comercio-no-carnaval","status":"publish","type":"post","link":"https:\/\/revistahubclub.com.br\/portal\/2024\/02\/06\/cdl-uberlandia-divulga-horario-de-funcionamento-do-comercio-no-carnaval\/","title":{"rendered":"CDL Uberl\u00e2ndia divulga hor\u00e1rio de funcionamento do com\u00e9rcio no carnaval"},"content":{"rendered":"\n<p id=\"viewer-ab0jk1391\">A CDL Uberl\u00e2ndia esclarece&nbsp;aos seus Associados que, com base na Lei Federal n\u00b0. 662\/49 e na Lei n\u00b0. 10.607\/02, o Carnaval n\u00e3o \u00e9 considerado feriado&nbsp;nacional.<\/p>\n\n\n\n<p id=\"viewer-lgh421082\">&nbsp;<\/p>\n\n\n\n<p id=\"viewer-wplw01084\">\u00c9 de praxe no Brasil que as empresas n\u00e3o funcionem nas segundas e ter\u00e7as-feiras de carnaval, como tradi\u00e7\u00e3o.<\/p>\n\n\n\n<p id=\"viewer-chure1088\">&nbsp;<\/p>\n\n\n\n<p id=\"viewer-y3vby1090\">Entenda as normas vigentes:<\/p>\n\n\n\n<p id=\"viewer-wb21d1092\">&nbsp;<\/p>\n\n\n\n<figure class=\"wp-block-table\"><table class=\"has-fixed-layout\"><tbody><tr><td>Norma<\/td><td>Execu\u00e7\u00e3o<\/td><\/tr><tr><td>Decreto Municipal N\u00ba. 20.729\/2023.<\/td><td>Define Ponto Facultativo no Munic\u00edpio, portanto os servidores p\u00fablicos est\u00e3o de folga&nbsp;nos dias 12 e 13 e at\u00e9 as 12 horas do dia 14 de fevereiro.<\/td><\/tr><tr><td>Cl\u00e1usula Vig\u00e9sima Sexta&nbsp;e Par\u00e1grafo \u00danico&nbsp;da Conven\u00e7\u00e3o Coletiva 2023\/2024, firmada entre os sindicatos SECUA e SINDICOM\u00c9RCIO.<\/td><td>N\u00e3o trabalham na segunda-feira, dia 12 de fevereiro, sem preju\u00edzo do sal\u00e1rio, os empregados abrangidos pela categoria do Com\u00e9rcio Varejista de Bens e Servi\u00e7os, Com\u00e9rcio Atacadista e Varejista de G\u00eaneros Aliment\u00edcios e Afins, para comemorar o \u201cDia do Comerci\u00e1rio\u201d, transferido para esta data.<\/td><\/tr><\/tbody><\/table><\/figure>\n\n\n\n<p id=\"viewer-fh5d71123\">&nbsp;Na ter\u00e7a-feira, dia 13 de fevereiro, e quarta-feira, dia 14 de fevereiro \u00e9 permitido o funcionamento normal do com\u00e9rcio.<\/p>\n\n\n\n<p id=\"viewer-a9cye1129\">&nbsp;<\/p>\n","protected":false},"excerpt":{"rendered":"<p>A CDL Uberl\u00e2ndia esclarece&nbsp;aos seus Associados que, com base na Lei Federal n\u00b0. 662\/49 e na Lei n\u00b0. 10.607\/02, o Carnaval n\u00e3o \u00e9 considerado feriado&nbsp;nacional. &nbsp; \u00c9 de praxe no<\/p>\n","protected":false},"author":1,"featured_media":2105,"comment_status":"open","ping_status":"open","sticky":false,"template":"","format":"standard","meta":{"footnotes":""},"categories":[1],"tags":[],"class_list":["post-2104","post","type-post","status-publish","format-standard","has-post-thumbnail","hentry","category-noticias"],"_links":{"self":[{"href":"https:\/\/revistahubclub.com.br\/portal\/wp-json\/wp\/v2\/posts\/2104","targetHints":{"allow":["GET"]}}],"collection":[{"href":"https:\/\/revistahubclub.com.br\/portal\/wp-json\/wp\/v2\/posts"}],"about":[{"href":"https:\/\/revistahubclub.com.br\/portal\/wp-json\/wp\/v2\/types\/post"}],"author":[{"embeddable":true,"href":"https:\/\/revistahubclub.com.br\/portal\/wp-json\/wp\/v2\/users\/1"}],"replies":[{"embeddable":true,"href":"https:\/\/revistahubclub.com.br\/portal\/wp-json\/wp\/v2\/comments?post=2104"}],"version-history":[{"count":1,"href":"https:\/\/revistahubclub.com.br\/portal\/wp-json\/wp\/v2\/posts\/2104\/revisions"}],"predecessor-version":[{"id":2106,"href":"https:\/\/revistahubclub.com.br\/portal\/wp-json\/wp\/v2\/posts\/2104\/revisions\/2106"}],"wp:featuredmedia":[{"embeddable":true,"href":"https:\/\/revistahubclub.com.br\/portal\/wp-json\/wp\/v2\/media\/2105"}],"wp:attachment":[{"href":"https:\/\/revistahubclub.com.br\/portal\/wp-json\/wp\/v2\/media?parent=2104"}],"wp:term":[{"taxonomy":"category","embeddable":true,"href":"https:\/\/revistahubclub.com.br\/portal\/wp-json\/wp\/v2\/categories?post=2104"},{"taxonomy":"post_tag","embeddable":true,"href":"https:\/\/revistahubclub.com.br\/portal\/wp-json\/wp\/v2\/tags?post=2104"}],"curies":[{"name":"wp","href":"https:\/\/api.w.org\/{rel}","templated":true}]}}