{"id":2107,"date":"2024-02-06T11:29:00","date_gmt":"2024-02-06T14:29:00","guid":{"rendered":"https:\/\/revistahubclub.com.br\/portal\/?p=2107"},"modified":"2024-12-13T11:30:24","modified_gmt":"2024-12-13T14:30:24","slug":"leilao-internacional-regiao-do-cerrado-mineiro-movimenta-mais-de-us-49-mil","status":"publish","type":"post","link":"https:\/\/revistahubclub.com.br\/portal\/2024\/02\/06\/leilao-internacional-regiao-do-cerrado-mineiro-movimenta-mais-de-us-49-mil\/","title":{"rendered":"Leil\u00e3o internacional &#8220;Regi\u00e3o do Cerrado Mineiro&#8221; movimenta mais de US$ 49 mil"},"content":{"rendered":"\n<p id=\"viewer-z019k353\"><em>Saca de caf\u00e9 mais valorizada alcan\u00e7ou mais de US$ 13 mil<\/em><\/p>\n\n\n\n<p id=\"viewer-nt928289\">O primeiro leil\u00e3o internacional &#8220;Regi\u00e3o do Cerrado Mineiro&#8221; (RCM), promovido pela Federa\u00e7\u00e3o dos Cafeicultores do Cerrado, atingiu um montante total de US$ 49.055,34 (aproximadamente R$ 242.823,00). Destaque para a saca de caf\u00e9 mais valorizada, arrematada por US$ 13.362,30 (cerca de R$ 66.160,00), que conquistou o 1\u00ba lugar na categoria Fermenta\u00e7\u00e3o Induzida, produzida por Deyvid Oliveira da Fazenda Esperan\u00e7a. A importadora canadense Orange Brown adquiriu o caf\u00e9 e tamb\u00e9m arrematou o maior n\u00famero de lotes.<\/p>\n\n\n\n<p id=\"viewer-ptg3t27\">O evento ocorreu de 29 de janeiro a 2 de fevereiro, atrav\u00e9s da plataforma virtual M-Cultivo, comercializando 11 lotes. Essa iniciativa complementou o Leil\u00e3o Caf\u00e9 Solid\u00e1rio realizado em novembro, durante o 11\u00ba Pr\u00eamio da RCM, em Uberl\u00e2ndia, Minas Gerais. Os produtores da RCM que tiveram seus lotes leiloados foram Fl\u00e1vio M\u00e1rcio Ferreira da Silva, S\u00e9rgio Ricardo Queiroz Barbosa, Mauro C\u00e9sar Naimeg, Jander de Oliveira Pacheco, Jos\u00e9 Ricardo de Carvalho, Jos\u00e9 Augusto Guimar\u00e3es, Elen Lorencini Moraes, Evanete Peres Domingues e Deyvid Oliveira Leandro.&nbsp;No total, foram disponibilizadas 29 sacas de caf\u00e9 distribu\u00eddas nas categorias Caf\u00e9 Natural (17 sacas de 60 kg), Caf\u00e9 Cereja Descascado (9 sacas de 60 kg) e Caf\u00e9 Fermenta\u00e7\u00e3o Induzida (3 sacas de 60 kg). Os compradores foram Orange Brown, Casa Brasil, Moim Coffee, Roaylty Specialty Coffee, Lucca Caf\u00e9s Especiais e Blums Caf\u00e9.<\/p>\n\n\n\n<p id=\"viewer-6j4b829\">\u201c\u00c9 um sentimento de realiza\u00e7\u00e3o incr\u00edvel saber que o meu caf\u00e9 foi o mais bem vendido neste leil\u00e3o, alcan\u00e7ando um valor t\u00e3o elevado. \u00c9 gratificante perceber que o caf\u00e9 brasileiro, especialmente o da Regi\u00e3o do Cerrado Mineiro, est\u00e1 sendo valorizado no exterior. Este feito representa uma quebra de tabu, desmistificando a ideia de que o Brasil n\u00e3o produz caf\u00e9 de qualidade. Al\u00e9m disso, destaco o reconhecimento do comprador Orange Brown e torrefadores que investiram generosamente neste caf\u00e9, demonstrando que a qualidade do caf\u00e9 brasileiro est\u00e1 sendo apreciada e recompensada no cen\u00e1rio internacional&#8221;, ressalta o produtor Deyvid Oliveira Leandro, que teve o lote mais valorizado do evento.<\/p>\n\n\n\n<p id=\"viewer-2ok8231\">De acordo com Juliano Tarabal, diretor executivo da Federa\u00e7\u00e3o dos Cafeicultores do Cerrado, o&nbsp;&nbsp;resultado excepcional obtido com o leil\u00e3o refor\u00e7a a qualidade e o prest\u00edgio dos produtos oferecidos pelos produtores associados \u00e0 Regi\u00e3o do Cerrado Mineiro.&nbsp;\u201cO primeiro leil\u00e3o internacional da Regi\u00e3o do Cerrado Mineiro obteve excelentes resultados em sua primeira edi\u00e7\u00e3o. A soma total das vendas dos lotes alcan\u00e7ou quase 50 mil d\u00f3lares. Tivemos compradores dos mercados americano, canadense, europeu e brasileiro. Este projeto de leil\u00e3o internacional est\u00e1 alinhado com nossa estrat\u00e9gia de internacionaliza\u00e7\u00e3o da marca e Denomina\u00e7\u00e3o de Origem da Regi\u00e3o do Cerrado Mineiro, conquistando novos espa\u00e7os e compradores do mercado externo. Agora, eles continuar\u00e3o promovendo esses caf\u00e9s da nossa regi\u00e3o&#8221;, avalia&nbsp;Juliano Tarabal.&nbsp;<\/p>\n\n\n\n<p id=\"viewer-e5l3p35\">Segundo Carolina Franco de Souza, diretora de Qualidade e Green Buyer do Lucca Caf\u00e9s Especiais, eles participam do Pr\u00eamio desde a primeira edi\u00e7\u00e3o. \u201cEsse ano adquirimos parte de dois lotes da categoria Natural, o segundo e terceiro lugares. A plataforma online atinge compradores internacionais, mas tamb\u00e9m d\u00e1 espa\u00e7o para torrefa\u00e7\u00f5es nacionais, sendo uma ferramenta de comercializa\u00e7\u00e3o justa e descomplicada, que gera oportunidade real destes caf\u00e9s maravilhosos serem apreciados por consumidores em todo o mundo. \u00c9 uma inova\u00e7\u00e3o\u201d, destaca.<\/p>\n","protected":false},"excerpt":{"rendered":"<p>Saca de caf\u00e9 mais valorizada alcan\u00e7ou mais de US$ 13 mil O primeiro leil\u00e3o internacional &#8220;Regi\u00e3o do Cerrado Mineiro&#8221; (RCM), promovido pela Federa\u00e7\u00e3o dos Cafeicultores do Cerrado, atingiu um montante<\/p>\n","protected":false},"author":1,"featured_media":2108,"comment_status":"open","ping_status":"open","sticky":false,"template":"","format":"standard","meta":{"footnotes":""},"categories":[1],"tags":[],"class_list":["post-2107","post","type-post","status-publish","format-standard","has-post-thumbnail","hentry","category-noticias"],"_links":{"self":[{"href":"https:\/\/revistahubclub.com.br\/portal\/wp-json\/wp\/v2\/posts\/2107","targetHints":{"allow":["GET"]}}],"collection":[{"href":"https:\/\/revistahubclub.com.br\/portal\/wp-json\/wp\/v2\/posts"}],"about":[{"href":"https:\/\/revistahubclub.com.br\/portal\/wp-json\/wp\/v2\/types\/post"}],"author":[{"embeddable":true,"href":"https:\/\/revistahubclub.com.br\/portal\/wp-json\/wp\/v2\/users\/1"}],"replies":[{"embeddable":true,"href":"https:\/\/revistahubclub.com.br\/portal\/wp-json\/wp\/v2\/comments?post=2107"}],"version-history":[{"count":1,"href":"https:\/\/revistahubclub.com.br\/portal\/wp-json\/wp\/v2\/posts\/2107\/revisions"}],"predecessor-version":[{"id":2109,"href":"https:\/\/revistahubclub.com.br\/portal\/wp-json\/wp\/v2\/posts\/2107\/revisions\/2109"}],"wp:featuredmedia":[{"embeddable":true,"href":"https:\/\/revistahubclub.com.br\/portal\/wp-json\/wp\/v2\/media\/2108"}],"wp:attachment":[{"href":"https:\/\/revistahubclub.com.br\/portal\/wp-json\/wp\/v2\/media?parent=2107"}],"wp:term":[{"taxonomy":"category","embeddable":true,"href":"https:\/\/revistahubclub.com.br\/portal\/wp-json\/wp\/v2\/categories?post=2107"},{"taxonomy":"post_tag","embeddable":true,"href":"https:\/\/revistahubclub.com.br\/portal\/wp-json\/wp\/v2\/tags?post=2107"}],"curies":[{"name":"wp","href":"https:\/\/api.w.org\/{rel}","templated":true}]}}