{"id":2128,"date":"2024-02-05T11:34:00","date_gmt":"2024-02-05T14:34:00","guid":{"rendered":"https:\/\/revistahubclub.com.br\/portal\/?p=2128"},"modified":"2024-12-13T11:34:56","modified_gmt":"2024-12-13T14:34:56","slug":"fundacao-cdl-oferece-cursos-de-capacitacao-para-aprimorar-habilidades-de-comunicacao-e-negocios","status":"publish","type":"post","link":"https:\/\/revistahubclub.com.br\/portal\/2024\/02\/05\/fundacao-cdl-oferece-cursos-de-capacitacao-para-aprimorar-habilidades-de-comunicacao-e-negocios\/","title":{"rendered":"Funda\u00e7\u00e3o CDL oferece cursos de capacita\u00e7\u00e3o para aprimorar habilidades de comunica\u00e7\u00e3o e neg\u00f3cios\u00a0"},"content":{"rendered":"\n<p id=\"viewer-z2a1z1235\">A Funda\u00e7\u00e3o CDL, comprometida em promover o desenvolvimento profissional e pessoal, divulga a programa\u00e7\u00e3o&nbsp;de cursos de capacita\u00e7\u00e3o no primeiro trimestre de 2024. Essas oportunidades visam proporcionar aos participantes o aprimoramento de habilidades cruciais para o mundo corporativo contempor\u00e2neo. As inscri\u00e7\u00f5es podem ser feitas pelo site da CDL (<a target=\"_blank\" href=\"http:\/\/www.cdludi.org.br\/\" rel=\"noreferrer noopener\">www.cdludi.org.br<\/a>).&nbsp;<\/p>\n\n\n\n<p id=\"viewer-hpdsk1082\">No per\u00edodo de 5 a 7 de fevereiro, a instrutora Aline Marso conduzir\u00e1 o curso de Orat\u00f3ria. Os participantes ter\u00e3o a oportunidade de aprender t\u00e9cnicas de comunica\u00e7\u00e3o de maneira pr\u00e1tica e objetiva. Cada m\u00f3dulo incluir\u00e1 apresenta\u00e7\u00f5es, permitindo que os alunos desenvolvam autoconfian\u00e7a e superem o medo de falar em p\u00fablico. Este curso \u00e9 essencial para aqueles que buscam aprimorar suas habilidades de express\u00e3o verbal e se destacar em suas intera\u00e7\u00f5es profissionais.&nbsp;<\/p>\n\n\n\n<p id=\"viewer-tzb6f1084\">J\u00e1 de 19 a 21 de fevereiro, a professora Karla Zardini ministrar\u00e1 o Curso de Comunica\u00e7\u00e3o Empresarial. Este curso \u00e9 focado na prepara\u00e7\u00e3o dos profissionais para condu\u00e7\u00e3o de melhores alinhamentos entre as suas equipes, sobre estrat\u00e9gias para melhor condu\u00e7\u00e3o de reuni\u00f5es, correta utiliza\u00e7\u00e3o dos principais canais de comunica\u00e7\u00e3o corporativos como E-mail, WhatsApp, Gest\u00e3o dos conte\u00fados das redes sociais e Portal Corporativo e melhoria de relacionamentos interpessoais. Aborda a melhoria dos relacionamentos interpessoais, capacitando os profissionais a aprimorarem suas habilidades de comunica\u00e7\u00e3o, resolver conflitos, construir conex\u00f5es mais s\u00f3lidas e estabelecer um ambiente de trabalho mais colaborativo. A instrutora Karla Zardini trar\u00e1 sua vasta experi\u00eancia para proporcionar insights valiosos e pr\u00e1ticos.&nbsp;<\/p>\n\n\n\n<p id=\"viewer-fte5i1086\">Entre os dias 4 e 6 de mar\u00e7o, o instrutor Paulo Dante estar\u00e1 \u00e0 frente do curso &#8220;Construa o Posicionamento Digital da Sua Empresa&#8221;. Os participantes mergulhar\u00e3o nas estrat\u00e9gias essenciais para construir uma presen\u00e7a online impactante. De forma pr\u00e1tica e direta, cada m\u00f3dulo aborda desde a defini\u00e7\u00e3o e import\u00e2ncia do posicionamento digital para pequenas empresas at\u00e9 a integra\u00e7\u00e3o eficaz de estrat\u00e9gias nas redes sociais, Google e tr\u00e1fego pago.&nbsp;<\/p>\n\n\n\n<p id=\"viewer-k477n1088\">L\u00e9cia Queiroz, superintende da CDL, afirma que o investimento em educa\u00e7\u00e3o \u00e9 um legado duradouro traz mais conhecimentos, e fortalece a capacidade de enfrentar desafios, prosperar em ambientes din\u00e2micos e moldar um futuro de realiza\u00e7\u00f5es pessoais e profissionais. \u201cInvista em seu desenvolvimento profissional e pessoal. Os cursos da Funda\u00e7\u00e3o CDL proporcionam conhecimento pr\u00e1tico e aplic\u00e1vel, preparando os participantes para os desafios do mundo empresarial atual\u201d, disse.&nbsp;<\/p>\n\n\n\n<p id=\"viewer-vsuju1090\">Mais informa\u00e7\u00f5es 3239-3511 ou 3239-3459 ou pelo e-mail&nbsp;<a target=\"_blank\" href=\"mailto:comercialcursos@fundacaocdl.org.br\" rel=\"noreferrer noopener\">comercialcursos@fundacaocdl.org.br<\/a>.<\/p>\n\n\n\n<p id=\"viewer-plkaz1094\">&nbsp;<\/p>\n","protected":false},"excerpt":{"rendered":"<p>A Funda\u00e7\u00e3o CDL, comprometida em promover o desenvolvimento profissional e pessoal, divulga a programa\u00e7\u00e3o&nbsp;de cursos de capacita\u00e7\u00e3o no primeiro trimestre de 2024. Essas oportunidades visam proporcionar aos participantes o aprimoramento<\/p>\n","protected":false},"author":1,"featured_media":2129,"comment_status":"open","ping_status":"open","sticky":false,"template":"","format":"standard","meta":{"footnotes":""},"categories":[1],"tags":[],"class_list":["post-2128","post","type-post","status-publish","format-standard","has-post-thumbnail","hentry","category-noticias"],"_links":{"self":[{"href":"https:\/\/revistahubclub.com.br\/portal\/wp-json\/wp\/v2\/posts\/2128","targetHints":{"allow":["GET"]}}],"collection":[{"href":"https:\/\/revistahubclub.com.br\/portal\/wp-json\/wp\/v2\/posts"}],"about":[{"href":"https:\/\/revistahubclub.com.br\/portal\/wp-json\/wp\/v2\/types\/post"}],"author":[{"embeddable":true,"href":"https:\/\/revistahubclub.com.br\/portal\/wp-json\/wp\/v2\/users\/1"}],"replies":[{"embeddable":true,"href":"https:\/\/revistahubclub.com.br\/portal\/wp-json\/wp\/v2\/comments?post=2128"}],"version-history":[{"count":1,"href":"https:\/\/revistahubclub.com.br\/portal\/wp-json\/wp\/v2\/posts\/2128\/revisions"}],"predecessor-version":[{"id":2130,"href":"https:\/\/revistahubclub.com.br\/portal\/wp-json\/wp\/v2\/posts\/2128\/revisions\/2130"}],"wp:featuredmedia":[{"embeddable":true,"href":"https:\/\/revistahubclub.com.br\/portal\/wp-json\/wp\/v2\/media\/2129"}],"wp:attachment":[{"href":"https:\/\/revistahubclub.com.br\/portal\/wp-json\/wp\/v2\/media?parent=2128"}],"wp:term":[{"taxonomy":"category","embeddable":true,"href":"https:\/\/revistahubclub.com.br\/portal\/wp-json\/wp\/v2\/categories?post=2128"},{"taxonomy":"post_tag","embeddable":true,"href":"https:\/\/revistahubclub.com.br\/portal\/wp-json\/wp\/v2\/tags?post=2128"}],"curies":[{"name":"wp","href":"https:\/\/api.w.org\/{rel}","templated":true}]}}