{"id":2154,"date":"2024-01-31T11:39:00","date_gmt":"2024-01-31T14:39:00","guid":{"rendered":"https:\/\/revistahubclub.com.br\/portal\/?p=2154"},"modified":"2024-12-13T11:40:16","modified_gmt":"2024-12-13T14:40:16","slug":"levantamento-cdl-no-ultimo-trimestre-100-das-empresas-locais-sofreram-interrupcao-no-fornecimento-de-energia","status":"publish","type":"post","link":"https:\/\/revistahubclub.com.br\/portal\/2024\/01\/31\/levantamento-cdl-no-ultimo-trimestre-100-das-empresas-locais-sofreram-interrupcao-no-fornecimento-de-energia\/","title":{"rendered":"Levantamento CDL: No \u00faltimo trimestre, 100% das empresas locais sofreram interrup\u00e7\u00e3o no fornecimento de energia"},"content":{"rendered":"\n<p id=\"viewer-w45ik1105\"><em>Com o objetivo de conscientizar a popula\u00e7\u00e3o e buscar apoio de atores p\u00fablicos e sociais, a entidade realizou na primeira quinzena de janeiro, um levantamento online para identificar os impactos desse cen\u00e1rio sobre a economia local.<\/em><\/p>\n\n\n\n<p id=\"viewer-475j11107\">Nos \u00faltimos meses, a CDL Uberl\u00e2ndia tem recebido diversos relatos sobre falhas frequentes nos servi\u00e7os prestados pela Companhia Energ\u00e9tica de Minas Gerais (CEMIG).<\/p>\n\n\n\n<p id=\"viewer-3hd5c1109\">Com o objetivo de conscientizar a popula\u00e7\u00e3o e buscar apoio de atores p\u00fablicos e sociais, a entidade realizou na primeira quinzena de janeiro, um levantamento online para identificar os impactos desse cen\u00e1rio sobre a economia local.<\/p>\n\n\n\n<p id=\"viewer-j4x2f1111\">Segundo a sondagem, nos \u00faltimos 3 meses,&nbsp;<strong>100%<\/strong>&nbsp;das empresas entrevistadas sofreram interrup\u00e7\u00f5es no fornecimento de energia.&nbsp;<strong>31%<\/strong>&nbsp;delas relataram at\u00e9 3 quedas de energia nesse per\u00edodo, enquanto&nbsp;<strong>27%<\/strong>, alegaram mais de 10 quedas,&nbsp;<strong>21%<\/strong>&nbsp;mencionaram de 5 a 10 quedas e os demais (<strong>21%),&nbsp;<\/strong>citaram entre 3 e 5 quedas.<\/p>\n\n\n\n<p id=\"viewer-s0olk1125\"><strong>55%<\/strong>&nbsp;dos respondentes tamb\u00e9m tiveram algum tipo de preju\u00edzo financeiro oriundo dessas falhas de rede. Desse grupo,&nbsp;<strong>52%<\/strong>&nbsp;calculam uma perda de at\u00e9 R$ 1 mil;&nbsp;<strong>28%<\/strong>&nbsp;estimam algo entre R$ 1 mil e R$ 5 mil;&nbsp;<strong>14%<\/strong>&nbsp;citaram uma perda de R$ 5 mil a R$ 10 mil,&nbsp;<strong>3%<\/strong>, entre R$ 10 mil a R$ 20 mil e os demais&nbsp;<strong>3%,<\/strong>&nbsp;avaliam um rombo acima de R$ 30 mil.<\/p>\n\n\n\n<p id=\"viewer-u0fvt1138\"><strong>79%<\/strong>&nbsp;das empresas que participaram da sondagem relataram transtornos no atendimento ao p\u00fablico e no fechamento de vendas em fun\u00e7\u00e3o das irregularidades no fornecimento do servi\u00e7o.<\/p>\n\n\n\n<p id=\"viewer-eg62r1141\">Acerca do tempo estimado para o reestabelecimento do fornecimento de energia,&nbsp;<strong>48%<\/strong>&nbsp;narraram um intervalo de 1 a 3 horas. Para 25%, a interrup\u00e7\u00e3o durou menos de 1 hora, j\u00e1 14% aguardaram de 1 a 3 horas e 3% s\u00f3 conseguiram retomar as atividades normais ap\u00f3s 5 horas de espera.<\/p>\n\n\n\n<p id=\"viewer-2jors1145\">Sobre a central de atendimento 116,&nbsp;<strong>41%<\/strong>&nbsp;dos entrevistados a qualificam como REGULAR,&nbsp;<strong>21%<\/strong>&nbsp;como RUIM,&nbsp;<strong>21%<\/strong>&nbsp;como BOM e&nbsp;<strong>17%<\/strong>&nbsp;como PESS\u00cdMO.<\/p>\n\n\n\n<p id=\"viewer-gksp91155\">Com rela\u00e7\u00e3o ao atendimento na ag\u00eancia local,&nbsp;<strong>55%<\/strong>&nbsp;avaliam como REGULAR,&nbsp;<strong>14%<\/strong>&nbsp;como RUIM,&nbsp;<strong>14%<\/strong>&nbsp;como BOM,&nbsp;<strong>14%<\/strong>&nbsp;como P\u00c9SSIMO e&nbsp;<strong>3%<\/strong>&nbsp;como \u00d3TIMO.<\/p>\n\n\n\n<p id=\"viewer-67y6b1167\">A pr\u00f3pria CDL tem enfrentado diversas dificuldades para acessar os agentes de relacionamento da concession\u00e1ria mineira.<\/p>\n\n\n\n<p id=\"viewer-34udb1169\">A entidade, que j\u00e1 havia consultado o Procon e o Minist\u00e9rio P\u00fablico na busca de uma resolu\u00e7\u00e3o para o problema, agora soma for\u00e7as com a Federa\u00e7\u00e3o das C\u00e2maras de Dirigentes Lojistas do estado de Minas Gerais (FCDL-MG), que j\u00e1 est\u00e1 mobilizando outras cidades mineiras para cobrar do Legislativo e do Executivo uma posi\u00e7\u00e3o acerca do assunto.<\/p>\n","protected":false},"excerpt":{"rendered":"<p>Com o objetivo de conscientizar a popula\u00e7\u00e3o e buscar apoio de atores p\u00fablicos e sociais, a entidade realizou na primeira quinzena de janeiro, um levantamento online para identificar os impactos<\/p>\n","protected":false},"author":1,"featured_media":2155,"comment_status":"open","ping_status":"open","sticky":false,"template":"","format":"standard","meta":{"footnotes":""},"categories":[1],"tags":[],"class_list":["post-2154","post","type-post","status-publish","format-standard","has-post-thumbnail","hentry","category-noticias"],"_links":{"self":[{"href":"https:\/\/revistahubclub.com.br\/portal\/wp-json\/wp\/v2\/posts\/2154","targetHints":{"allow":["GET"]}}],"collection":[{"href":"https:\/\/revistahubclub.com.br\/portal\/wp-json\/wp\/v2\/posts"}],"about":[{"href":"https:\/\/revistahubclub.com.br\/portal\/wp-json\/wp\/v2\/types\/post"}],"author":[{"embeddable":true,"href":"https:\/\/revistahubclub.com.br\/portal\/wp-json\/wp\/v2\/users\/1"}],"replies":[{"embeddable":true,"href":"https:\/\/revistahubclub.com.br\/portal\/wp-json\/wp\/v2\/comments?post=2154"}],"version-history":[{"count":1,"href":"https:\/\/revistahubclub.com.br\/portal\/wp-json\/wp\/v2\/posts\/2154\/revisions"}],"predecessor-version":[{"id":2156,"href":"https:\/\/revistahubclub.com.br\/portal\/wp-json\/wp\/v2\/posts\/2154\/revisions\/2156"}],"wp:featuredmedia":[{"embeddable":true,"href":"https:\/\/revistahubclub.com.br\/portal\/wp-json\/wp\/v2\/media\/2155"}],"wp:attachment":[{"href":"https:\/\/revistahubclub.com.br\/portal\/wp-json\/wp\/v2\/media?parent=2154"}],"wp:term":[{"taxonomy":"category","embeddable":true,"href":"https:\/\/revistahubclub.com.br\/portal\/wp-json\/wp\/v2\/categories?post=2154"},{"taxonomy":"post_tag","embeddable":true,"href":"https:\/\/revistahubclub.com.br\/portal\/wp-json\/wp\/v2\/tags?post=2154"}],"curies":[{"name":"wp","href":"https:\/\/api.w.org\/{rel}","templated":true}]}}