{"id":2163,"date":"2024-01-29T11:41:00","date_gmt":"2024-01-29T14:41:00","guid":{"rendered":"https:\/\/revistahubclub.com.br\/portal\/?p=2163"},"modified":"2024-12-13T11:41:59","modified_gmt":"2024-12-13T14:41:59","slug":"escola-tecnica-de-saude-da-ufu-abrira-inscricoes-para-5-cursos-de-graca","status":"publish","type":"post","link":"https:\/\/revistahubclub.com.br\/portal\/2024\/01\/29\/escola-tecnica-de-saude-da-ufu-abrira-inscricoes-para-5-cursos-de-graca\/","title":{"rendered":"Escola T\u00e9cnica de Sa\u00fade da UFU abrir\u00e1 inscri\u00e7\u00f5es para 5 cursos de gra\u00e7a"},"content":{"rendered":"\n<p id=\"viewer-478bp125\">A Escola T\u00e9cnica de Sa\u00fade (ESTES) da Universidade Federal de Uberl\u00e2ndia (UFU) publicou edital de um processo seletivo em cinco cursos. Ser\u00e3o 165 vagas, segundo o diretor da Estes, Luiz Carlos Gebrim.<\/p>\n\n\n\n<p id=\"viewer-l30sm8196\">Os cursos s\u00e3o de gra\u00e7a e contemplam T\u00c9CNICO EM AN\u00c1LISES CL\u00cdNICAS, ENFERMAGEM, PR\u00d3TESE DENT\u00c1RIA, SA\u00daDE BUCAL E SEGURAN\u00c7A DO TRABALHO.<\/p>\n\n\n\n<p id=\"viewer-zc6ky8814\">O processo seletivo referente ao primeiro semestre de 2024 \u00e9 para candidatos que j\u00e1 tenham conclu\u00eddo, pelo menos, o ensino m\u00e9dio.<\/p>\n\n\n\n<p id=\"viewer-zm7rx12836\">As inscri\u00e7\u00f5es devem ser realizadas por meio do portal de sele\u00e7\u00e3o da UFU (<a target=\"_blank\" href=\"http:\/\/www.portalselecao.ufu.br\/\" rel=\"noreferrer noopener\"><u>www.portalselecao.ufu.br<\/u><\/a><a target=\"_blank\" href=\"http:\/\/www.portalselecao.ufu.as\/\" rel=\"noreferrer noopener\">)<\/a><\/p>\n\n\n\n<p id=\"viewer-rudl716209\">O per\u00edodo de inscri\u00e7\u00f5es \u00e9 de 5 a 29 de fevereiro.<\/p>\n\n\n\n<p id=\"viewer-ac2pi133\">O valor da inscri\u00e7\u00e3o para todos os candidatos \u00e9 de R$ 45. Candidatos que comprovem baixa renda e que estejam cadastrados no Cad\u00danico para programas sociais do governo federal, poder\u00e3o solicitar isen\u00e7\u00e3o do pagamento entre 11h do dia 5 de fevereiro at\u00e9 23h59 de 22 de fevereiro.<\/p>\n\n\n\n<p id=\"viewer-2xdyk135\">A aplica\u00e7\u00e3o do processo seletivo ser\u00e1 no dia 17 de mar\u00e7o, domingo, \u00e0s 10h, em Uberl\u00e2ndia.<\/p>\n","protected":false},"excerpt":{"rendered":"<p>A Escola T\u00e9cnica de Sa\u00fade (ESTES) da Universidade Federal de Uberl\u00e2ndia (UFU) publicou edital de um processo seletivo em cinco cursos. Ser\u00e3o 165 vagas, segundo o diretor da Estes, Luiz<\/p>\n","protected":false},"author":1,"featured_media":2164,"comment_status":"open","ping_status":"open","sticky":false,"template":"","format":"standard","meta":{"footnotes":""},"categories":[1],"tags":[],"class_list":["post-2163","post","type-post","status-publish","format-standard","has-post-thumbnail","hentry","category-noticias"],"_links":{"self":[{"href":"https:\/\/revistahubclub.com.br\/portal\/wp-json\/wp\/v2\/posts\/2163","targetHints":{"allow":["GET"]}}],"collection":[{"href":"https:\/\/revistahubclub.com.br\/portal\/wp-json\/wp\/v2\/posts"}],"about":[{"href":"https:\/\/revistahubclub.com.br\/portal\/wp-json\/wp\/v2\/types\/post"}],"author":[{"embeddable":true,"href":"https:\/\/revistahubclub.com.br\/portal\/wp-json\/wp\/v2\/users\/1"}],"replies":[{"embeddable":true,"href":"https:\/\/revistahubclub.com.br\/portal\/wp-json\/wp\/v2\/comments?post=2163"}],"version-history":[{"count":1,"href":"https:\/\/revistahubclub.com.br\/portal\/wp-json\/wp\/v2\/posts\/2163\/revisions"}],"predecessor-version":[{"id":2165,"href":"https:\/\/revistahubclub.com.br\/portal\/wp-json\/wp\/v2\/posts\/2163\/revisions\/2165"}],"wp:featuredmedia":[{"embeddable":true,"href":"https:\/\/revistahubclub.com.br\/portal\/wp-json\/wp\/v2\/media\/2164"}],"wp:attachment":[{"href":"https:\/\/revistahubclub.com.br\/portal\/wp-json\/wp\/v2\/media?parent=2163"}],"wp:term":[{"taxonomy":"category","embeddable":true,"href":"https:\/\/revistahubclub.com.br\/portal\/wp-json\/wp\/v2\/categories?post=2163"},{"taxonomy":"post_tag","embeddable":true,"href":"https:\/\/revistahubclub.com.br\/portal\/wp-json\/wp\/v2\/tags?post=2163"}],"curies":[{"name":"wp","href":"https:\/\/api.w.org\/{rel}","templated":true}]}}