{"id":218,"date":"2024-11-04T14:20:50","date_gmt":"2024-11-04T17:20:50","guid":{"rendered":"https:\/\/revistahubclub.com.br\/portal\/?p=218"},"modified":"2024-12-11T14:21:28","modified_gmt":"2024-12-11T17:21:28","slug":"oscar-do-cafe-reconhece-os-melhores-graos-da-regiao-do-cerrado-mineiro-no-dia-13-de-novembro","status":"publish","type":"post","link":"https:\/\/revistahubclub.com.br\/portal\/2024\/11\/04\/oscar-do-cafe-reconhece-os-melhores-graos-da-regiao-do-cerrado-mineiro-no-dia-13-de-novembro\/","title":{"rendered":"\u201cOscar do Caf\u00e9\u201d reconhece os melhores gr\u00e3os da Regi\u00e3o do Cerrado Mineiro no dia 13 de novembro"},"content":{"rendered":"\n<p id=\"viewer-ganks36\"><em>12\u00ba Pr\u00eamio RCM celebra excel\u00eancia na produ\u00e7\u00e3o de caf\u00e9 dos 55 munic\u00edpios, com recorde de inscri\u00e7\u00f5es e homenagens a projetos sociais e ambientais<\/em><\/p>\n\n\n\n<p id=\"viewer-3em3d38\">&nbsp;<\/p>\n\n\n\n<p id=\"viewer-xptrb40\">No pr\u00f3ximo dia 13 de novembro, Uberl\u00e2ndia (MG) ser\u00e1 palco da cerim\u00f4nia de premia\u00e7\u00e3o do 12\u00ba Pr\u00eamio Regi\u00e3o do Cerrado Mineiro (RCM), um dos maiores reconhecimentos de qualidade na produ\u00e7\u00e3o de caf\u00e9 do pa\u00eds. Organizado pela Federa\u00e7\u00e3o dos Cafeicultores do Cerrado com o apoio do Sebrae, o evento homenageia os melhores caf\u00e9s produzidos nos 55 munic\u00edpios que comp\u00f5em a Denomina\u00e7\u00e3o de Origem Cerrado Mineiro.<\/p>\n\n\n\n<p id=\"viewer-zlw0e42\">O Pr\u00eamio \u00e9 dividido em tr\u00eas categorias: Caf\u00e9 Natural, Cereja Descascado e Fermenta\u00e7\u00e3o Induzida, e busca valorizar os produtores que se destacam pelo compromisso com a excel\u00eancia, sustentabilidade e rastreabilidade.<\/p>\n\n\n\n<p id=\"viewer-ou388109\"><strong>Premia\u00e7\u00f5es&nbsp;<\/strong><\/p>\n\n\n\n<p id=\"viewer-o9tkq46\">Os vencedores das tr\u00eas categorias ser\u00e3o premiados com R$ 5.500 pelo 1\u00ba lugar, R$ 3.300 pelo 2\u00ba e R$ 2.200 pelo 3\u00ba. Al\u00e9m disso, o evento tamb\u00e9m entrega trof\u00e9us especiais, como o Trof\u00e9u Mulheres de Atitude que, desde 2022, celebra o papel fundamental das mulheres na produ\u00e7\u00e3o de caf\u00e9, premiando as primeiras colocadas de cada categoria.<\/p>\n\n\n\n<p id=\"viewer-fnoxs48\">Outros trof\u00e9us refor\u00e7am a import\u00e2ncia da sustentabilidade e da educa\u00e7\u00e3o para o setor. O Trof\u00e9u Atitude Sustent\u00e1vel reconhece boas pr\u00e1ticas agr\u00edcolas e socioambientais entre os 60 finalistas, enquanto o Trof\u00e9u Escola de Atitude destaca projetos que promovem transforma\u00e7\u00e3o social e educacional, valorizando iniciativas inovadoras das escolas da regi\u00e3o.<\/p>\n\n\n\n<p id=\"viewer-p4g6550\">&#8220;O 12\u00ba Pr\u00eamio Regi\u00e3o do Cerrado Mineiro \u00e9 uma oportunidade \u00fanica para celebrar o talento e a dedica\u00e7\u00e3o dos nossos cafeicultores. Este evento reconhece a qualidade excepcional do caf\u00e9 produzido na regi\u00e3o, e tamb\u00e9m destaca nosso compromisso com a sustentabilidade e a responsabilidade social. Estamos orgulhosos de ver um recorde hist\u00f3rico de inscri\u00e7\u00f5es este ano, o que reflete o crescente interesse e a paix\u00e3o pela produ\u00e7\u00e3o de caf\u00e9 de alta qualidade&#8221;, afirma Juliano Tarabal, diretor executivo da Federa\u00e7\u00e3o dos Cafeicultores do Cerrado.<\/p>\n\n\n\n<p id=\"viewer-nf5vv132\"><strong>Recorde de inscri\u00e7\u00f5es<\/strong><\/p>\n\n\n\n<p id=\"viewer-uxwai54\">Em 2024, o Pr\u00eamio Regi\u00e3o do Cerrado Mineiro registrou um marco hist\u00f3rico com 547 amostras de caf\u00e9, superando as 500 do ano anterior. Desse total, foram 278 na categoria Caf\u00e9 Natural, 78 na Cereja Descascado e 191 na Fermenta\u00e7\u00e3o Induzida.<\/p>\n\n\n\n<p id=\"viewer-qaujg153\"><strong>Leil\u00e3o Caf\u00e9 Solid\u00e1rio: tradi\u00e7\u00e3o e solidariedade<\/strong><\/p>\n\n\n\n<p id=\"viewer-bpkkd58\">Um dos momentos mais esperados da cerim\u00f4nia \u00e9 o Leil\u00e3o Caf\u00e9 Solid\u00e1rio, que re\u00fane os nove melhores lotes das categorias Natural, Cereja Descascado e Fermenta\u00e7\u00e3o Induzida. Conduzido por Mauro L\u00facio dos Santos, da Investbras Agente Aut\u00f4nomo de Investimentos, o leil\u00e3o oferece uma oportunidade \u00fanica para os apreciadores de caf\u00e9 adquirirem lotes exclusivos enquanto apoiam causas nobres: metade da arrecada\u00e7\u00e3o ser\u00e1 destinada ao Hospital do Amor de Patroc\u00ednio e aos projetos vencedores do Trof\u00e9u Escola de Atitude. No ano passado, o leil\u00e3o arrecadou R$ 243 mil, refor\u00e7ando o compromisso social da Federa\u00e7\u00e3o dos Cafeicultores do Cerrado e dos produtores.<\/p>\n\n\n\n<p id=\"viewer-3p0hc60\">&nbsp;<\/p>\n\n\n\n<p id=\"viewer-3ibmf62\">O 12\u00ba Pr\u00eamio RCM ser\u00e1 transmitido ao vivo no YouTube, permitindo que o p\u00fablico acompanhe o reconhecimento da dedica\u00e7\u00e3o dos produtores da Regi\u00e3o do Cerrado Mineiro. Mais informa\u00e7\u00f5es sobre o evento e a Regi\u00e3o do Cerrado Mineiro em&nbsp;<a target=\"_blank\" href=\"http:\/\/cerradomineiro.org\/\" rel=\"noreferrer noopener\">cerradomineiro.org<\/a>.<\/p>\n\n\n\n<p id=\"viewer-7yhih66\">A iniciativa conta com a realiza\u00e7\u00e3o das cooperativas Carmocer, Carpec, Coocacer Araguari, Coopadap, Expocacer e MonteCCer, al\u00e9m do apoio de sete associa\u00e7\u00f5es: ACA, Acarpa, Amoca, Appcer, Assocaf\u00e9, Assogotardo e GRE Caf\u00e9 \u2013 Regi\u00e3o de Arax\u00e1 como apoiadoras.<\/p>\n","protected":false},"excerpt":{"rendered":"<p>12\u00ba Pr\u00eamio RCM celebra excel\u00eancia na produ\u00e7\u00e3o de caf\u00e9 dos 55 munic\u00edpios, com recorde de inscri\u00e7\u00f5es e homenagens a projetos sociais e ambientais &nbsp; No pr\u00f3ximo dia 13 de novembro,<\/p>\n","protected":false},"author":1,"featured_media":219,"comment_status":"open","ping_status":"open","sticky":false,"template":"","format":"standard","meta":{"footnotes":""},"categories":[1],"tags":[],"class_list":["post-218","post","type-post","status-publish","format-standard","has-post-thumbnail","hentry","category-noticias"],"_links":{"self":[{"href":"https:\/\/revistahubclub.com.br\/portal\/wp-json\/wp\/v2\/posts\/218","targetHints":{"allow":["GET"]}}],"collection":[{"href":"https:\/\/revistahubclub.com.br\/portal\/wp-json\/wp\/v2\/posts"}],"about":[{"href":"https:\/\/revistahubclub.com.br\/portal\/wp-json\/wp\/v2\/types\/post"}],"author":[{"embeddable":true,"href":"https:\/\/revistahubclub.com.br\/portal\/wp-json\/wp\/v2\/users\/1"}],"replies":[{"embeddable":true,"href":"https:\/\/revistahubclub.com.br\/portal\/wp-json\/wp\/v2\/comments?post=218"}],"version-history":[{"count":1,"href":"https:\/\/revistahubclub.com.br\/portal\/wp-json\/wp\/v2\/posts\/218\/revisions"}],"predecessor-version":[{"id":220,"href":"https:\/\/revistahubclub.com.br\/portal\/wp-json\/wp\/v2\/posts\/218\/revisions\/220"}],"wp:featuredmedia":[{"embeddable":true,"href":"https:\/\/revistahubclub.com.br\/portal\/wp-json\/wp\/v2\/media\/219"}],"wp:attachment":[{"href":"https:\/\/revistahubclub.com.br\/portal\/wp-json\/wp\/v2\/media?parent=218"}],"wp:term":[{"taxonomy":"category","embeddable":true,"href":"https:\/\/revistahubclub.com.br\/portal\/wp-json\/wp\/v2\/categories?post=218"},{"taxonomy":"post_tag","embeddable":true,"href":"https:\/\/revistahubclub.com.br\/portal\/wp-json\/wp\/v2\/tags?post=218"}],"curies":[{"name":"wp","href":"https:\/\/api.w.org\/{rel}","templated":true}]}}