{"id":2183,"date":"2024-01-25T11:45:00","date_gmt":"2024-01-25T14:45:00","guid":{"rendered":"https:\/\/revistahubclub.com.br\/portal\/?p=2183"},"modified":"2024-12-13T11:46:30","modified_gmt":"2024-12-13T14:46:30","slug":"regiao-do-cerrado-mineiro-realiza-primeiro-leilao-virtual-de-cafe-de-29-de-janeiro-a-2-de-fevereiro","status":"publish","type":"post","link":"https:\/\/revistahubclub.com.br\/portal\/2024\/01\/25\/regiao-do-cerrado-mineiro-realiza-primeiro-leilao-virtual-de-cafe-de-29-de-janeiro-a-2-de-fevereiro\/","title":{"rendered":"Regi\u00e3o do Cerrado Mineiro realiza primeiro Leil\u00e3o Virtual de Caf\u00e9 de 29 de janeiro a 2 de fevereiro"},"content":{"rendered":"\n<p id=\"viewer-vf5bf86\"><em>Iniciativa visa intensificar a internacionaliza\u00e7\u00e3o da marca Regi\u00e3o do Cerrado Mineiro<\/em><\/p>\n\n\n\n<p id=\"viewer-e2yst89\">Com o objetivo de intensificar a internacionaliza\u00e7\u00e3o da marca Regi\u00e3o do Cerrado Mineiro, a primeira Denomina\u00e7\u00e3o de Origem no Brasil, e estabelecer uma conex\u00e3o direta com os consumidores no mercado global de caf\u00e9, a Federa\u00e7\u00e3o dos Cafeicultores do Cerrado realiza, a partir de segunda-feira (29), o primeiro Leil\u00e3o Virtual de Caf\u00e9.<\/p>\n\n\n\n<p id=\"viewer-ufzt891\">&nbsp;<\/p>\n\n\n\n<p id=\"viewer-jc5sx93\">O preg\u00e3o online se estender\u00e1 at\u00e9 o dia dois de fevereiro, onde ser\u00e3o comercializados 11 lotes de caf\u00e9, que s\u00e3o parte complementar do Leil\u00e3o Caf\u00e9 Solid\u00e1rio, realizado em novembro, durante o 11\u00ba Pr\u00eamio da RCM, em Uberl\u00e2ndia, Minas Gerais.<\/p>\n\n\n\n<p id=\"viewer-yvg7d95\">&nbsp;<\/p>\n\n\n\n<p id=\"viewer-h22ol97\">As 29 sacas de caf\u00e9 distribu\u00eddas nas categorias Caf\u00e9 Natural (17 sacas de 60 kg), Cereja Descascado (09 sacas de 60 kg) e Fermenta\u00e7\u00e3o Induzida (03 sacas de 60 kg) ser\u00e3o disponibilizadas para compra atrav\u00e9s da plataforma virtual M-Cultivo.&nbsp;<\/p>\n\n\n\n<p id=\"viewer-knj1599\">&nbsp;<\/p>\n\n\n\n<p id=\"viewer-udf8y101\">A iniciativa proporcionar\u00e1 uma oportunidade \u00fanica para torrefadores e cafeterias renomados no mercado global experimentarem a diversidade de sabores produzidos pela RCM. A meta \u00e9 atingir aproximadamente 50 compradores internacionais com o leil\u00e3o virtual, visando ampliar a internacionaliza\u00e7\u00e3o da marca.&nbsp;<\/p>\n\n\n\n<p id=\"viewer-jlshm103\">&nbsp;<\/p>\n\n\n\n<p id=\"viewer-ora9m105\">Segundo o diretor executivo da Federa\u00e7\u00e3o dos Cafeicultores do Cerrado, Juliano Tarabal, a cooperativa Expocacer desempenhar\u00e1 o papel de canal exportador dos lotes, com a estrat\u00e9gia comercial incluindo tamb\u00e9m outros canais exportadores e importadores credenciados pela Federa\u00e7\u00e3o dos Cafeicultores do Cerrado.<\/p>\n\n\n\n<p id=\"viewer-mzu7g107\">&nbsp;<\/p>\n","protected":false},"excerpt":{"rendered":"<p>Iniciativa visa intensificar a internacionaliza\u00e7\u00e3o da marca Regi\u00e3o do Cerrado Mineiro Com o objetivo de intensificar a internacionaliza\u00e7\u00e3o da marca Regi\u00e3o do Cerrado Mineiro, a primeira Denomina\u00e7\u00e3o de Origem no<\/p>\n","protected":false},"author":1,"featured_media":2184,"comment_status":"open","ping_status":"open","sticky":false,"template":"","format":"standard","meta":{"footnotes":""},"categories":[1],"tags":[],"class_list":["post-2183","post","type-post","status-publish","format-standard","has-post-thumbnail","hentry","category-noticias"],"_links":{"self":[{"href":"https:\/\/revistahubclub.com.br\/portal\/wp-json\/wp\/v2\/posts\/2183","targetHints":{"allow":["GET"]}}],"collection":[{"href":"https:\/\/revistahubclub.com.br\/portal\/wp-json\/wp\/v2\/posts"}],"about":[{"href":"https:\/\/revistahubclub.com.br\/portal\/wp-json\/wp\/v2\/types\/post"}],"author":[{"embeddable":true,"href":"https:\/\/revistahubclub.com.br\/portal\/wp-json\/wp\/v2\/users\/1"}],"replies":[{"embeddable":true,"href":"https:\/\/revistahubclub.com.br\/portal\/wp-json\/wp\/v2\/comments?post=2183"}],"version-history":[{"count":1,"href":"https:\/\/revistahubclub.com.br\/portal\/wp-json\/wp\/v2\/posts\/2183\/revisions"}],"predecessor-version":[{"id":2185,"href":"https:\/\/revistahubclub.com.br\/portal\/wp-json\/wp\/v2\/posts\/2183\/revisions\/2185"}],"wp:featuredmedia":[{"embeddable":true,"href":"https:\/\/revistahubclub.com.br\/portal\/wp-json\/wp\/v2\/media\/2184"}],"wp:attachment":[{"href":"https:\/\/revistahubclub.com.br\/portal\/wp-json\/wp\/v2\/media?parent=2183"}],"wp:term":[{"taxonomy":"category","embeddable":true,"href":"https:\/\/revistahubclub.com.br\/portal\/wp-json\/wp\/v2\/categories?post=2183"},{"taxonomy":"post_tag","embeddable":true,"href":"https:\/\/revistahubclub.com.br\/portal\/wp-json\/wp\/v2\/tags?post=2183"}],"curies":[{"name":"wp","href":"https:\/\/api.w.org\/{rel}","templated":true}]}}