{"id":226,"date":"2024-11-04T14:25:07","date_gmt":"2024-11-04T17:25:07","guid":{"rendered":"https:\/\/revistahubclub.com.br\/portal\/?p=226"},"modified":"2024-12-11T14:26:15","modified_gmt":"2024-12-11T17:26:15","slug":"perplan-ha-24-anos-construindo-os-proximos","status":"publish","type":"post","link":"https:\/\/revistahubclub.com.br\/portal\/2024\/11\/04\/perplan-ha-24-anos-construindo-os-proximos\/","title":{"rendered":"Perplan &#8211; h\u00e1 24 anos construindo os pr\u00f3ximos"},"content":{"rendered":"\n<p id=\"viewer-mmwes3346\">Uberl\u00e2ndia \u00e9 uma cidade promissora e a verticaliza\u00e7\u00e3o nos pr\u00f3ximos cinco a dez anos continuar\u00e1 tendo a contribui\u00e7\u00e3o da Perplan, que v\u00ea o mercado na cidade maduro. Rafael acredita que Uberl\u00e2ndia tem muito espa\u00e7o para crescer, uma vez que tem criado diferentes vetores de desenvolvimento.<\/p>\n\n\n\n<p id=\"viewer-uic603352\">\u00c9 uma cidade que absorve tend\u00eancias com facilidade. O Granja Marileusa, \u00fanico bairro planejado da regi\u00e3o, abrigou diversos empreendimentos verticais em diferentes projetos de desenvolvimento.<\/p>\n\n\n\n<p id=\"viewer-jad153356\">O Solar do Cerrado, por exemplo, j\u00e1 tem uma torre entregue, com outras tr\u00eas em fase final. O Dot e o VanGarden est\u00e3o em fase de conclus\u00e3o, enquanto o Edge segue em constru\u00e7\u00e3o. O Terra\u00e7o Gaia, por sua vez, est\u00e1 totalmente finalizado, com suas duas torres 100% habitadas, e o Innovati tamb\u00e9m j\u00e1 foi entregue.<\/p>\n\n\n\n<figure class=\"wp-block-image size-full is-resized\"><img loading=\"lazy\" decoding=\"async\" width=\"350\" height=\"458\" src=\"https:\/\/revistahubclub.com.br\/portal\/wp-content\/uploads\/2024\/12\/faf46e_6863d4558f6541a79174af33c7c2d4camv2.webp\" alt=\"\" class=\"wp-image-229\" style=\"width:840px;height:auto\" srcset=\"https:\/\/revistahubclub.com.br\/portal\/wp-content\/uploads\/2024\/12\/faf46e_6863d4558f6541a79174af33c7c2d4camv2.webp 350w, https:\/\/revistahubclub.com.br\/portal\/wp-content\/uploads\/2024\/12\/faf46e_6863d4558f6541a79174af33c7c2d4camv2-229x300.webp 229w\" sizes=\"auto, (max-width: 350px) 100vw, 350px\" \/><\/figure>\n\n\n\n<p id=\"viewer-n86es3349\">De acordo com Frederico Marques, diretor Comercial do Granja Marileusa Desenvolvedora, dois empreendimentos foram lan\u00e7ados recentemente e mais dois est\u00e3o previstos para 2025, voltados para as classes m\u00e9dia e m\u00e9dia alta. De acordo com Marques, o processo de verticaliza\u00e7\u00e3o em Uberl\u00e2ndia nos \u00faltimos cinco anos tem sido r\u00e1pido e necess\u00e1rio.<\/p>\n\n\n\n<p id=\"viewer-fz3c33367\">\u201cA oferta de moradias \u00e9 baixa, enquanto a demanda por habita\u00e7\u00e3o \u00e9 muito grande. Se compararmos com grandes centros urbanos, o \u00edndice de moradias verticais em Uberl\u00e2ndia ainda \u00e9 bastante reduzido. Isso indica que a tend\u00eancia de crescimento da verticaliza\u00e7\u00e3o deve continuar nos pr\u00f3ximos anos. Para uma cidade do porte de Uberl\u00e2ndia, esse \u00edndice \u00e9 significativamente menor em compara\u00e7\u00e3o com grandes metr\u00f3poles\u201d, ressalta.<\/p>\n\n\n\n<p id=\"viewer-7llua3388\">Inova\u00e7\u00e3o na constru\u00e7\u00e3o: efici\u00eancia para a verticaliza\u00e7\u00e3o Com o crescimento acelerado da verticaliza\u00e7\u00e3o em Uberl\u00e2ndia, a demanda por inova\u00e7\u00e3o na constru\u00e7\u00e3o civil tamb\u00e9m aumentou.<\/p>\n\n\n\n<figure class=\"wp-block-image size-full is-resized\"><img loading=\"lazy\" decoding=\"async\" width=\"350\" height=\"388\" src=\"https:\/\/revistahubclub.com.br\/portal\/wp-content\/uploads\/2024\/12\/faf46e_6decd8437504437daf87f99865429672mv2.webp\" alt=\"\" class=\"wp-image-228\" style=\"width:840px;height:auto\" srcset=\"https:\/\/revistahubclub.com.br\/portal\/wp-content\/uploads\/2024\/12\/faf46e_6decd8437504437daf87f99865429672mv2.webp 350w, https:\/\/revistahubclub.com.br\/portal\/wp-content\/uploads\/2024\/12\/faf46e_6decd8437504437daf87f99865429672mv2-271x300.webp 271w\" sizes=\"auto, (max-width: 350px) 100vw, 350px\" \/><\/figure>\n\n\n\n<p id=\"viewer-aq48n3410\">A Legran Engenharia, atenta a esse cen\u00e1rio, tem investido na amplia\u00e7\u00e3o de seu parque fabril e na aquisi\u00e7\u00e3o de novas tecnologias, com foco em aumentar a efici\u00eancia na produ\u00e7\u00e3o de insumos essenciais para a constru\u00e7\u00e3o de edif\u00edcios. Segundo Paulo Roberto Sampaio, presidente da Legran, o futuro da constru\u00e7\u00e3o civil est\u00e1 na industrializa\u00e7\u00e3o. \u201cTemos diversos projetos de edif\u00edcios verticais que utilizam pr\u00e9-fabricados, o que racionaliza o uso de insumos e aumenta a produtividade, permitindo que acompanhemos o ritmo acelerado da verticaliza\u00e7\u00e3o sem perder qualidade\u201d, explica Sampaio. Essa industrializa\u00e7\u00e3o contribui n\u00e3o s\u00f3 para o desenvolvimento sustent\u00e1vel da cidade, mas tamb\u00e9m para a gera\u00e7\u00e3o de empregos e oportunidades em setores conectados \u00e0 cadeia produtiva da constru\u00e7\u00e3o. Para a secret\u00e1ria de Planejamento Urbano, a verticaliza\u00e7\u00e3o engloba cada vez mais setores produtivos, gerando renda e contribuindo para a melhoria da qualidade de vida dos moradores.<\/p>\n","protected":false},"excerpt":{"rendered":"<p>Uberl\u00e2ndia \u00e9 uma cidade promissora e a verticaliza\u00e7\u00e3o nos pr\u00f3ximos cinco a dez anos continuar\u00e1 tendo a contribui\u00e7\u00e3o da Perplan, que v\u00ea o mercado na cidade maduro. Rafael acredita que<\/p>\n","protected":false},"author":1,"featured_media":227,"comment_status":"open","ping_status":"open","sticky":false,"template":"","format":"standard","meta":{"footnotes":""},"categories":[1],"tags":[],"class_list":["post-226","post","type-post","status-publish","format-standard","has-post-thumbnail","hentry","category-noticias"],"_links":{"self":[{"href":"https:\/\/revistahubclub.com.br\/portal\/wp-json\/wp\/v2\/posts\/226","targetHints":{"allow":["GET"]}}],"collection":[{"href":"https:\/\/revistahubclub.com.br\/portal\/wp-json\/wp\/v2\/posts"}],"about":[{"href":"https:\/\/revistahubclub.com.br\/portal\/wp-json\/wp\/v2\/types\/post"}],"author":[{"embeddable":true,"href":"https:\/\/revistahubclub.com.br\/portal\/wp-json\/wp\/v2\/users\/1"}],"replies":[{"embeddable":true,"href":"https:\/\/revistahubclub.com.br\/portal\/wp-json\/wp\/v2\/comments?post=226"}],"version-history":[{"count":1,"href":"https:\/\/revistahubclub.com.br\/portal\/wp-json\/wp\/v2\/posts\/226\/revisions"}],"predecessor-version":[{"id":230,"href":"https:\/\/revistahubclub.com.br\/portal\/wp-json\/wp\/v2\/posts\/226\/revisions\/230"}],"wp:featuredmedia":[{"embeddable":true,"href":"https:\/\/revistahubclub.com.br\/portal\/wp-json\/wp\/v2\/media\/227"}],"wp:attachment":[{"href":"https:\/\/revistahubclub.com.br\/portal\/wp-json\/wp\/v2\/media?parent=226"}],"wp:term":[{"taxonomy":"category","embeddable":true,"href":"https:\/\/revistahubclub.com.br\/portal\/wp-json\/wp\/v2\/categories?post=226"},{"taxonomy":"post_tag","embeddable":true,"href":"https:\/\/revistahubclub.com.br\/portal\/wp-json\/wp\/v2\/tags?post=226"}],"curies":[{"name":"wp","href":"https:\/\/api.w.org\/{rel}","templated":true}]}}