{"id":2297,"date":"2024-01-13T12:23:00","date_gmt":"2024-01-13T15:23:00","guid":{"rendered":"https:\/\/revistahubclub.com.br\/portal\/?p=2297"},"modified":"2024-12-13T12:24:40","modified_gmt":"2024-12-13T15:24:40","slug":"personalidade-do-pontal-ituiutaba-2","status":"publish","type":"post","link":"https:\/\/revistahubclub.com.br\/portal\/2024\/01\/13\/personalidade-do-pontal-ituiutaba-2\/","title":{"rendered":"Personalidade do Pontal &#8211; Ituiutaba"},"content":{"rendered":"\n<p id=\"viewer-5h4hh\"><em>Por Mauro Almeida<\/em> <em>Fotos: Divulga\u00e7\u00e3o<\/em><\/p>\n\n\n\n<p id=\"viewer-24v8z1128\">Nesta coluna destacamos as personalidades e alguns eventos que movimentaram a sociedade de Ituiutaba nos \u00faltimos meses, principalmente em setembro, m\u00eas do anivers\u00e1rio da cidade. No circuito de eventos tivemos tamb\u00e9m v\u00e1rias inaugura\u00e7\u00f5es com espa\u00e7o para novos empreendimentos na cidade e alguns eventos que atraiu consider\u00e1vel n\u00famero colun\u00e1veis.<\/p>\n\n\n\n<figure class=\"wp-block-image\"><img decoding=\"async\" src=\"https:\/\/static.wixstatic.com\/media\/faf46e_eb06b4b0182a41dfa3f95c9c5c41a223~mv2.png\/v1\/fill\/w_666,h_352,al_c,q_85,usm_0.66_1.00_0.01,enc_auto\/faf46e_eb06b4b0182a41dfa3f95c9c5c41a223~mv2.png\" alt=\"\"\/><\/figure>\n\n\n\n<figure class=\"wp-block-image\"><img decoding=\"async\" src=\"https:\/\/static.wixstatic.com\/media\/faf46e_f4938460da764214a46218c96857f9f4~mv2.jpeg\/v1\/fill\/w_666,h_383,al_c,q_80,usm_0.66_1.00_0.01,enc_auto\/faf46e_f4938460da764214a46218c96857f9f4~mv2.jpeg\" alt=\"\"\/><\/figure>\n\n\n\n<figure class=\"wp-block-image\"><img decoding=\"async\" src=\"https:\/\/static.wixstatic.com\/media\/faf46e_cd0577285c394e7ba539640e32ecf2b3~mv2.jpeg\/v1\/fill\/w_666,h_407,al_c,q_80,usm_0.66_1.00_0.01,enc_auto\/faf46e_cd0577285c394e7ba539640e32ecf2b3~mv2.jpeg\" alt=\"\"\/><\/figure>\n","protected":false},"excerpt":{"rendered":"<p>Por Mauro Almeida Fotos: Divulga\u00e7\u00e3o Nesta coluna destacamos as personalidades e alguns eventos que movimentaram a sociedade de Ituiutaba nos \u00faltimos meses, principalmente em setembro, m\u00eas do anivers\u00e1rio da cidade.<\/p>\n","protected":false},"author":1,"featured_media":2298,"comment_status":"open","ping_status":"open","sticky":false,"template":"","format":"standard","meta":{"footnotes":""},"categories":[1],"tags":[],"class_list":["post-2297","post","type-post","status-publish","format-standard","has-post-thumbnail","hentry","category-noticias"],"_links":{"self":[{"href":"https:\/\/revistahubclub.com.br\/portal\/wp-json\/wp\/v2\/posts\/2297","targetHints":{"allow":["GET"]}}],"collection":[{"href":"https:\/\/revistahubclub.com.br\/portal\/wp-json\/wp\/v2\/posts"}],"about":[{"href":"https:\/\/revistahubclub.com.br\/portal\/wp-json\/wp\/v2\/types\/post"}],"author":[{"embeddable":true,"href":"https:\/\/revistahubclub.com.br\/portal\/wp-json\/wp\/v2\/users\/1"}],"replies":[{"embeddable":true,"href":"https:\/\/revistahubclub.com.br\/portal\/wp-json\/wp\/v2\/comments?post=2297"}],"version-history":[{"count":1,"href":"https:\/\/revistahubclub.com.br\/portal\/wp-json\/wp\/v2\/posts\/2297\/revisions"}],"predecessor-version":[{"id":2299,"href":"https:\/\/revistahubclub.com.br\/portal\/wp-json\/wp\/v2\/posts\/2297\/revisions\/2299"}],"wp:featuredmedia":[{"embeddable":true,"href":"https:\/\/revistahubclub.com.br\/portal\/wp-json\/wp\/v2\/media\/2298"}],"wp:attachment":[{"href":"https:\/\/revistahubclub.com.br\/portal\/wp-json\/wp\/v2\/media?parent=2297"}],"wp:term":[{"taxonomy":"category","embeddable":true,"href":"https:\/\/revistahubclub.com.br\/portal\/wp-json\/wp\/v2\/categories?post=2297"},{"taxonomy":"post_tag","embeddable":true,"href":"https:\/\/revistahubclub.com.br\/portal\/wp-json\/wp\/v2\/tags?post=2297"}],"curies":[{"name":"wp","href":"https:\/\/api.w.org\/{rel}","templated":true}]}}