{"id":2305,"date":"2024-01-16T14:56:00","date_gmt":"2024-01-16T17:56:00","guid":{"rendered":"https:\/\/revistahubclub.com.br\/portal\/?p=2305"},"modified":"2024-12-13T14:57:13","modified_gmt":"2024-12-13T17:57:13","slug":"instituto-projeto-de-vida-abre-inscricoes-gratuitas-para-curso-de-qualificacao-profissional","status":"publish","type":"post","link":"https:\/\/revistahubclub.com.br\/portal\/2024\/01\/16\/instituto-projeto-de-vida-abre-inscricoes-gratuitas-para-curso-de-qualificacao-profissional\/","title":{"rendered":"Instituto Projeto de Vida abre inscri\u00e7\u00f5es gratuitas para curso de qualifica\u00e7\u00e3o profissional"},"content":{"rendered":"\n<p id=\"viewer-1c4ph121\"><em>&nbsp;Matr\u00edculas para o Projeto Carreira v\u00e3o at\u00e9 dia 26 de janeiro. Curso come\u00e7a dia 29 de janeiro e tem dura\u00e7\u00e3o de tr\u00eas meses<\/em><\/p>\n\n\n\n<p id=\"viewer-ndyfh125\">&nbsp;<\/p>\n\n\n\n<p id=\"viewer-yey4u127\">O Instituto Projeto de Vida est\u00e1 com inscri\u00e7\u00f5es abertas para o Projeto Carreira que come\u00e7a no dia 29 de janeiro e tem como objetivo preparar profissionais para o mercado de trabalho, transi\u00e7\u00e3o de carreira e empreendedorismo, desenvolvendo compet\u00eancias que abordam temas atuais e relevantes. Os encontros acontecem de segunda \u00e0 sexta, das 14h \u00e0s 18h, com dura\u00e7\u00e3o de tr\u00eas meses, totalizando uma carga hor\u00e1ria de 260 horas de muito conhecimento e troca. Para participar \u00e9 preciso ter no m\u00ednimo o ensino m\u00e9dio completo, n\u00e3o estar trabalhando e preencher o formul\u00e1rio no site <a target=\"_blank\" href=\"https:\/\/institutoprojetodevida.org\/inscricao-projeto-carreira\" rel=\"noreferrer noopener\">https:\/\/institutoprojetodevida.org\/inscricao-projeto-carreira<\/a>. S\u00e3o 80 vagas dispon\u00edveis.<\/p>\n\n\n\n<p id=\"viewer-qrqks131\">Em sua 11\u00aa edi\u00e7\u00e3o, o Projeto Carreira traz em sua grade de conte\u00fado v\u00e1rios m\u00f3dulos e temas que s\u00e3o tratados por empres\u00e1rios e especialistas atrav\u00e9s de palestras, aulas e metodologias para aperfei\u00e7oamento pessoal e profissional dos alunos. S\u00e3o mais de 60 empres\u00e1rios e especialistas que compartilham conhecimentos com os participantes em sete m\u00f3dulos: autoconhecimento, processos empresariais, comportamento, comunica\u00e7\u00e3o e imagem, financeiro, marketing digital, sistema de gest\u00e3o e empresarial ERP.<\/p>\n\n\n\n<p id=\"viewer-78nno133\">De acordo com Raquel Garcia, presidente executiva do Instituto, o objetivo do projeto \u00e9 transformar a vida das pessoas por meio da transfer\u00eancia do conhecimento e criar oportunidades reais para que utilizem todo seu potencial em seu projeto de vida, garantindo a cultura de sustentabilidade.<\/p>\n\n\n\n<p id=\"viewer-wh825135\">\u201cAs empresas est\u00e3o em constante inova\u00e7\u00e3o e melhorias de seus processos e os profissionais tamb\u00e9m precisam se atualizar, se modernizar. Trazemos mais de 60 profissionais de m\u00e9dias e grandes empresas para compartilhar conhecimento e tornar essas pessoas aptas, qualificadas e prontas para assumir uma fun\u00e7\u00e3o no mercado ou empreender. A cada ano, o projeto vem alcan\u00e7ando interesse por parte da popula\u00e7\u00e3o que quer se desenvolver e est\u00e1 em busca de se aprimorar\u201d, explica Garcia.<\/p>\n\n\n\n<p id=\"viewer-2w022137\">O Projeto Carreira, uma das frentes de atividades do Instituto Projeto de Vida, existe desde mar\u00e7o de 2018 e j\u00e1 capacitou cerca de 480 pessoas, sendo que 70% foram encaminhadas ao mercado de trabalho.<\/p>\n\n\n\n<p id=\"viewer-1lzr7139\">Para saber mais sobre o Instituto: <a target=\"_blank\" href=\"http:\/\/www.institutoprojetodevida.com.br\/\" rel=\"noreferrer noopener\">www.institutoprojetodevida.com.br<\/a><\/p>\n\n\n\n<p id=\"viewer-52s41142\">&nbsp;<\/p>\n\n\n\n<p id=\"viewer-mlkem144\">Servi\u00e7o<\/p>\n\n\n\n<p id=\"viewer-mfyfh146\">Inscri\u00e7\u00f5es at\u00e9 o dia 26\/1\/24:&nbsp; <a target=\"_blank\" href=\"https:\/\/institutoprojetodevida.org\/inscricao-projeto-carreira\" rel=\"noreferrer noopener\">https:\/\/institutoprojetodevida.org\/inscricao-projeto-carreira<\/a><\/p>\n\n\n\n<p id=\"viewer-o0nuy149\">ou @instprojetodevida<\/p>\n\n\n\n<p id=\"viewer-cwoj5151\">In\u00edcio das aulas: 29\/1\/24Hor\u00e1rios: 14h \u00e0s 18hLocal: Alameda Paulina Margonari, 59 &#8211; Jardim Kara\u00edba &#8211; dentro do complexo UMC &#8211; na Universidade UNA.<\/p>\n","protected":false},"excerpt":{"rendered":"<p>&nbsp;Matr\u00edculas para o Projeto Carreira v\u00e3o at\u00e9 dia 26 de janeiro. Curso come\u00e7a dia 29 de janeiro e tem dura\u00e7\u00e3o de tr\u00eas meses &nbsp; O Instituto Projeto de Vida est\u00e1<\/p>\n","protected":false},"author":1,"featured_media":2306,"comment_status":"open","ping_status":"open","sticky":false,"template":"","format":"standard","meta":{"footnotes":""},"categories":[1],"tags":[],"class_list":["post-2305","post","type-post","status-publish","format-standard","has-post-thumbnail","hentry","category-noticias"],"_links":{"self":[{"href":"https:\/\/revistahubclub.com.br\/portal\/wp-json\/wp\/v2\/posts\/2305","targetHints":{"allow":["GET"]}}],"collection":[{"href":"https:\/\/revistahubclub.com.br\/portal\/wp-json\/wp\/v2\/posts"}],"about":[{"href":"https:\/\/revistahubclub.com.br\/portal\/wp-json\/wp\/v2\/types\/post"}],"author":[{"embeddable":true,"href":"https:\/\/revistahubclub.com.br\/portal\/wp-json\/wp\/v2\/users\/1"}],"replies":[{"embeddable":true,"href":"https:\/\/revistahubclub.com.br\/portal\/wp-json\/wp\/v2\/comments?post=2305"}],"version-history":[{"count":1,"href":"https:\/\/revistahubclub.com.br\/portal\/wp-json\/wp\/v2\/posts\/2305\/revisions"}],"predecessor-version":[{"id":2307,"href":"https:\/\/revistahubclub.com.br\/portal\/wp-json\/wp\/v2\/posts\/2305\/revisions\/2307"}],"wp:featuredmedia":[{"embeddable":true,"href":"https:\/\/revistahubclub.com.br\/portal\/wp-json\/wp\/v2\/media\/2306"}],"wp:attachment":[{"href":"https:\/\/revistahubclub.com.br\/portal\/wp-json\/wp\/v2\/media?parent=2305"}],"wp:term":[{"taxonomy":"category","embeddable":true,"href":"https:\/\/revistahubclub.com.br\/portal\/wp-json\/wp\/v2\/categories?post=2305"},{"taxonomy":"post_tag","embeddable":true,"href":"https:\/\/revistahubclub.com.br\/portal\/wp-json\/wp\/v2\/tags?post=2305"}],"curies":[{"name":"wp","href":"https:\/\/api.w.org\/{rel}","templated":true}]}}