{"id":2368,"date":"2024-01-08T15:20:00","date_gmt":"2024-01-08T18:20:00","guid":{"rendered":"https:\/\/revistahubclub.com.br\/portal\/?p=2368"},"modified":"2024-12-13T15:22:30","modified_gmt":"2024-12-13T18:22:30","slug":"calor-e-voto-em-2024","status":"publish","type":"post","link":"https:\/\/revistahubclub.com.br\/portal\/2024\/01\/08\/calor-e-voto-em-2024\/","title":{"rendered":"Calor e Voto em 2024"},"content":{"rendered":"\n<p id=\"viewer-7has5\"><em>Por Cezar Hon\u00f3rio<\/em> <em>Fotos Divulga\u00e7\u00e3o<\/em><\/p>\n\n\n\n<p id=\"viewer-v2das1404\">No geral, a sensa\u00e7\u00e3o \u00e9 que os pol\u00edticos brasileiros em n\u00edvel municipal passam longe da pauta ambiental<\/p>\n\n\n\n<p id=\"viewer-xepi7188\">O que voc\u00ea est\u00e1 fazendo no seu neg\u00f3cio para se adaptar ao fato de que as quest\u00f5es clim\u00e1ticas ir\u00e3o permear todos os segmentos econ\u00f4micos do planeta nos pr\u00f3ximos anos? Quais ajustes j\u00e1 fez ou ir\u00e1 fazer a curto prazo na estrat\u00e9gia? A quest\u00e3o aqui n\u00e3o \u00e9 \u201cse\u201d mas \u201cquando\u201d a sua empresa ou carreira ser\u00e1 fortemente impactadas pela falta ou excesso de chuvas ou pelo aumento das temperaturas. Isso sem falar na eleva\u00e7\u00e3o do n\u00edvel dos oceanos que pode engolir cidades inteiras num futuro n\u00e3o t\u00e3o distante.<\/p>\n\n\n\n<p id=\"viewer-uz1tl870\">A escolha agora \u00e9 para fi car do lado dos que ir\u00e3o aproveitar esse cen\u00e1rio assustador como oportunidade ou dos que ser\u00e3o atropelados pela realidade que, em Uberl\u00e2ndia, nos fez experimentar temperaturas de mais de 30 graus durante a noite. N\u00e3o me lembro de um ambiente t\u00e3o in\u00f3spito em termos de excesso de calor. Literalmente, nos faltou oxig\u00eanio.<\/p>\n\n\n\n<p id=\"viewer-bwq2d950\">O fato \u00e9 que a quest\u00e3o ambiental, um tema mais restrito \u00e0s discuss\u00f5es nacionais e internacionais, certamente ir\u00e1 entrar na pauta das elei\u00e7\u00f5es municipais de 2024. Especialmente na disputa para prefeito. Junto com sa\u00fade, educa\u00e7\u00e3o e seguran\u00e7a p\u00fablica, o eleitor quer saber o que os candidatos pensam sobre o aquecimento global e principalmente o que ir\u00e3o fazer no sentido de preparar a cidade para enfrentar os j\u00e1 inevit\u00e1veis eventos clim\u00e1ticos extremos.<\/p>\n\n\n\n<p id=\"viewer-dls1v1875\">No geral, a sensa\u00e7\u00e3o \u00e9 que os pol\u00edticos brasileiros em n\u00edvel municipal passam longe dessa pauta. N\u00e3o t\u00eam sequer no\u00e7\u00e3o dos impactos para a zona urbana ou rural e menos ainda o que precisa ser feito para proteger a popula\u00e7\u00e3o dos efeitos provocados pela degrada\u00e7\u00e3o humano ao meio ambiente.<\/p>\n\n\n\n<p id=\"viewer-li5651981\">O que o eleitor espera de um candidato a prefeito \u00e9: primeiro, no\u00e7\u00e3o da realidade. Negacionistas do clima n\u00e3o ter\u00e3o espa\u00e7o para usar o tema ambiental para alimentar narrativas t\u00e3o descoladas da realidade. Especialmente nas disputas majorit\u00e1rias.<\/p>\n\n\n\n<p id=\"viewer-l6ahj2151\">Segundo: os candidatos a prefeito, especialmente nas maiores cidades, ter\u00e3o que convencer o eleitor de que s\u00e3o capazes de enfrentar os problemas ambientais a partir de uma vis\u00e3o de futuro. Na pr\u00e1tica, projetos que sejam, ao mesmo tempo, ousados e fact\u00edveis. A\u00e7\u00f5es que extrapolem os quatro anos de mandato.<\/p>\n\n\n\n<p id=\"viewer-oche82348\">Sim, na quest\u00e3o ambiental, os pol\u00edticos brasileiros ter\u00e3o que escapar da tenta\u00e7\u00e3o das propostas fantasiosas redigidas pela equipe de marketing do candidato apenas para ado\u00e7ar a boca do eleitor desavisado. Como estamos vendo e, principalmente sentido, a natureza n\u00e3o aceita desaforos.<\/p>\n\n\n\n<p id=\"viewer-t8ze1273\"><em>Cezar Hon\u00f3rio Teixeira<\/em><\/p>\n\n\n\n<p id=\"viewer-5yh7o382\"><em>S\u00f3cio-fundador da Legatu, Hist\u00f3ria de Marca e consultor s\u00eanior da CZ Gest\u00e3o da Infl u\u00eancia <\/em><a target=\"_blank\" href=\"http:\/\/www.legatu.com.br\/\" rel=\"noreferrer noopener\"><em>www.legatu.com.br<\/em><\/a><em> <\/em><a target=\"_blank\" href=\"mailto:legatuhistoriademarca@gmail.com\" rel=\"noreferrer noopener\"><em>legatuhistoriademarca@gmail.com<\/em><\/a><\/p>\n\n\n\n<figure class=\"wp-block-image\"><img decoding=\"async\" src=\"https:\/\/static.wixstatic.com\/media\/faf46e_49831ce4db06408fb172f011e5a4401c~mv2.png\/v1\/fill\/w_833,h_281,al_c,q_85,usm_0.66_1.00_0.01,enc_auto\/faf46e_49831ce4db06408fb172f011e5a4401c~mv2.png\" alt=\"\"\/><\/figure>\n","protected":false},"excerpt":{"rendered":"<p>Por Cezar Hon\u00f3rio Fotos Divulga\u00e7\u00e3o No geral, a sensa\u00e7\u00e3o \u00e9 que os pol\u00edticos brasileiros em n\u00edvel municipal passam longe da pauta ambiental O que voc\u00ea est\u00e1 fazendo no seu neg\u00f3cio<\/p>\n","protected":false},"author":1,"featured_media":2369,"comment_status":"open","ping_status":"open","sticky":false,"template":"","format":"standard","meta":{"footnotes":""},"categories":[1],"tags":[],"class_list":["post-2368","post","type-post","status-publish","format-standard","has-post-thumbnail","hentry","category-noticias"],"_links":{"self":[{"href":"https:\/\/revistahubclub.com.br\/portal\/wp-json\/wp\/v2\/posts\/2368","targetHints":{"allow":["GET"]}}],"collection":[{"href":"https:\/\/revistahubclub.com.br\/portal\/wp-json\/wp\/v2\/posts"}],"about":[{"href":"https:\/\/revistahubclub.com.br\/portal\/wp-json\/wp\/v2\/types\/post"}],"author":[{"embeddable":true,"href":"https:\/\/revistahubclub.com.br\/portal\/wp-json\/wp\/v2\/users\/1"}],"replies":[{"embeddable":true,"href":"https:\/\/revistahubclub.com.br\/portal\/wp-json\/wp\/v2\/comments?post=2368"}],"version-history":[{"count":1,"href":"https:\/\/revistahubclub.com.br\/portal\/wp-json\/wp\/v2\/posts\/2368\/revisions"}],"predecessor-version":[{"id":2370,"href":"https:\/\/revistahubclub.com.br\/portal\/wp-json\/wp\/v2\/posts\/2368\/revisions\/2370"}],"wp:featuredmedia":[{"embeddable":true,"href":"https:\/\/revistahubclub.com.br\/portal\/wp-json\/wp\/v2\/media\/2369"}],"wp:attachment":[{"href":"https:\/\/revistahubclub.com.br\/portal\/wp-json\/wp\/v2\/media?parent=2368"}],"wp:term":[{"taxonomy":"category","embeddable":true,"href":"https:\/\/revistahubclub.com.br\/portal\/wp-json\/wp\/v2\/categories?post=2368"},{"taxonomy":"post_tag","embeddable":true,"href":"https:\/\/revistahubclub.com.br\/portal\/wp-json\/wp\/v2\/tags?post=2368"}],"curies":[{"name":"wp","href":"https:\/\/api.w.org\/{rel}","templated":true}]}}