{"id":2405,"date":"2024-01-04T15:27:00","date_gmt":"2024-01-04T18:27:00","guid":{"rendered":"https:\/\/revistahubclub.com.br\/portal\/?p=2405"},"modified":"2024-12-13T15:28:22","modified_gmt":"2024-12-13T18:28:22","slug":"com-foco-no-mercado-internacional-regiao-do-cerrado-mineiro-realiza-primeiro-leilao-virtual-de-cafe","status":"publish","type":"post","link":"https:\/\/revistahubclub.com.br\/portal\/2024\/01\/04\/com-foco-no-mercado-internacional-regiao-do-cerrado-mineiro-realiza-primeiro-leilao-virtual-de-cafe\/","title":{"rendered":"Com foco no mercado internacional, Regi\u00e3o do Cerrado Mineiro realiza primeiro Leil\u00e3o Virtual de Caf\u00e9"},"content":{"rendered":"\n<p id=\"viewer-w98vw508\"><em>Preg\u00e3o online ser\u00e1 entre os dias 29 de janeiro e 2 de fevereiro e expectativa \u00e9 atrair cerca de 50 compradores<\/em><\/p>\n\n\n\n<p id=\"viewer-8ppaj27\">&nbsp;<\/p>\n\n\n\n<p id=\"viewer-kxmh129\">O caf\u00e9 produzido pela Regi\u00e3o do Cerrado Mineiro (RCM) \u00e9 o primeiro de Denomina\u00e7\u00e3o de Origem no Brasil e est\u00e1 presente em todos os continentes. Com o objetivo de internacionalizar ainda mais a marca e conect\u00e1-la direto ao consumidor final no mercado de caf\u00e9 do mundo todo, a&nbsp;&nbsp; Federa\u00e7\u00e3o dos Cafeicultores do Cerrado realizar\u00e1 uma iniciativa in\u00e9dita, o Leil\u00e3o Virtual Pr\u00eamio Regi\u00e3o do Cerrado Mineiro.<\/p>\n\n\n\n<p id=\"viewer-6xk4731\">Ser\u00e1 uma semana de preg\u00e3o online, entre os dias 29 de janeiro e 2 de fevereiro, com a comercializa\u00e7\u00e3o de 11 lotes de caf\u00e9, que s\u00e3o parte complementar dos lotes do Leil\u00e3o Caf\u00e9 Solid\u00e1rio, realizado em novembro, durante o 11\u00ba Pr\u00eamio da RCM, em Uberl\u00e2ndia, Minas Gerais.<\/p>\n\n\n\n<p id=\"viewer-nw0zy33\">Ao todo, ser\u00e3o disponibilizadas 29 sacas de caf\u00e9 das categorias: Caf\u00e9 Natural (17 sacas de 60 kg), Caf\u00e9 Cereja Descascado (09 sacas de 60 kg) e Caf\u00e9 Fermenta\u00e7\u00e3o Induzida (03 sacas de 60 kg).<\/p>\n\n\n\n<p id=\"viewer-vifsf35\">O evento ser\u00e1 realizado atrav\u00e9s da plataforma virtual M-Cultivo e vai dar a oportunidade a torrefadores e cafeterias que s\u00e3o refer\u00eancia no mercado global do caf\u00e9 experimentarem a diversidade dos sabores produzidos pela RCM.<\/p>\n\n\n\n<p id=\"viewer-gw50537\">A cooperativa Expocacer ir\u00e1 atuar como canal exportador dos lotes e a estrat\u00e9gia comercial ir\u00e1 envolver tamb\u00e9m outros canais exportadores e importadores credenciados a Federa\u00e7\u00e3o dos Cafeicultores do Cerrado.<\/p>\n\n\n\n<p id=\"viewer-5rkir39\">Segundo o diretor executivo da Federa\u00e7\u00e3o dos Cafeicultores do Cerrado, Juliano Tarabal, o projeto j\u00e1 vem sendo estudado h\u00e1 alguns anos e tem o objetivo de ampliar a internacionaliza\u00e7\u00e3o da marca e do caf\u00e9 do Cerrado Mineiro. A meta \u00e9 atingir cerca de 50 compradores internacionais com o leil\u00e3o virtual. &#8220;Estamos dando este passo, atrav\u00e9s do leil\u00e3o via plataforma digital, que amplia nossas conex\u00f5es, levando toda hist\u00f3ria dos produtores do Cerrado Mineiro para diferentes mercados. Nesta edi\u00e7\u00e3o daremos foco nos Estados Unidos, Europa e Oriente M\u00e9dio&#8221;, explica.<\/p>\n\n\n\n<p id=\"viewer-ls2lw225\">Recordes no Leil\u00e3o Presencial<\/p>\n\n\n\n<p id=\"viewer-xmrnc43\">A 11\u00aa edi\u00e7\u00e3o do Pr\u00eamio Regi\u00e3o do Cerrado Mineiro realizada em novembro do ano passado foi marcada por alguns recordes, entre eles, o de 500 amostras de caf\u00e9 inscritas no evento.&nbsp;<\/p>\n\n\n\n<p id=\"viewer-9sfo945\">Um dos pontos altos do pr\u00eamio foi o Leil\u00e3o Caf\u00e9 Solid\u00e1rio, que tamb\u00e9m bateu recorde de vendas, ao serem comercializados R$ 240 mil. Outro destaque foi o arremate da saca de caf\u00e9 mais valorizada do ano, por R$ 68 mil.<\/p>\n\n\n\n<p id=\"viewer-iwokc47\">&nbsp;<\/p>\n","protected":false},"excerpt":{"rendered":"<p>Preg\u00e3o online ser\u00e1 entre os dias 29 de janeiro e 2 de fevereiro e expectativa \u00e9 atrair cerca de 50 compradores &nbsp; O caf\u00e9 produzido pela Regi\u00e3o do Cerrado Mineiro<\/p>\n","protected":false},"author":1,"featured_media":2406,"comment_status":"open","ping_status":"open","sticky":false,"template":"","format":"standard","meta":{"footnotes":""},"categories":[1],"tags":[],"class_list":["post-2405","post","type-post","status-publish","format-standard","has-post-thumbnail","hentry","category-noticias"],"_links":{"self":[{"href":"https:\/\/revistahubclub.com.br\/portal\/wp-json\/wp\/v2\/posts\/2405","targetHints":{"allow":["GET"]}}],"collection":[{"href":"https:\/\/revistahubclub.com.br\/portal\/wp-json\/wp\/v2\/posts"}],"about":[{"href":"https:\/\/revistahubclub.com.br\/portal\/wp-json\/wp\/v2\/types\/post"}],"author":[{"embeddable":true,"href":"https:\/\/revistahubclub.com.br\/portal\/wp-json\/wp\/v2\/users\/1"}],"replies":[{"embeddable":true,"href":"https:\/\/revistahubclub.com.br\/portal\/wp-json\/wp\/v2\/comments?post=2405"}],"version-history":[{"count":1,"href":"https:\/\/revistahubclub.com.br\/portal\/wp-json\/wp\/v2\/posts\/2405\/revisions"}],"predecessor-version":[{"id":2407,"href":"https:\/\/revistahubclub.com.br\/portal\/wp-json\/wp\/v2\/posts\/2405\/revisions\/2407"}],"wp:featuredmedia":[{"embeddable":true,"href":"https:\/\/revistahubclub.com.br\/portal\/wp-json\/wp\/v2\/media\/2406"}],"wp:attachment":[{"href":"https:\/\/revistahubclub.com.br\/portal\/wp-json\/wp\/v2\/media?parent=2405"}],"wp:term":[{"taxonomy":"category","embeddable":true,"href":"https:\/\/revistahubclub.com.br\/portal\/wp-json\/wp\/v2\/categories?post=2405"},{"taxonomy":"post_tag","embeddable":true,"href":"https:\/\/revistahubclub.com.br\/portal\/wp-json\/wp\/v2\/tags?post=2405"}],"curies":[{"name":"wp","href":"https:\/\/api.w.org\/{rel}","templated":true}]}}