{"id":2432,"date":"2024-01-03T18:38:00","date_gmt":"2024-01-03T21:38:00","guid":{"rendered":"https:\/\/revistahubclub.com.br\/portal\/?p=2432"},"modified":"2024-12-15T18:42:59","modified_gmt":"2024-12-15T21:42:59","slug":"e-commerce-de-produtos-da-agricultura-familiar-valorizam-produtos-e-produtores-do-campo-em-uberlandia-a-forca-do-queijo","status":"publish","type":"post","link":"https:\/\/revistahubclub.com.br\/portal\/2024\/01\/03\/e-commerce-de-produtos-da-agricultura-familiar-valorizam-produtos-e-produtores-do-campo-em-uberlandia-a-forca-do-queijo\/","title":{"rendered":"E.commerce de produtos da agricultura familiar valorizam produtos e produtores do campo. Em Uberl\u00e2ndia &#8211; a for\u00e7a do queijo"},"content":{"rendered":"\n<p id=\"viewer-goc9i6899\">Queijos, doces, caf\u00e9, biscoito, cacha\u00e7a, artesanato. Produtos t\u00edpicos do interior de Minas Gerais que fazem muito sucesso entre os consumidores de todo o pa\u00eds. A boa not\u00edcia \u00e9 que agora est\u00e1 mais f\u00e1cil adquirir estes e outros itens, comprando diretamente de quem produz. A <a target=\"_blank\" href=\"http:\/\/www.emater.mg.gov.br\/\" rel=\"noreferrer noopener\"><strong><u>Empresa de Assist\u00eancia T\u00e9cnica e Extens\u00e3o Rural de Minas Gerais (Emater-MG<\/u><\/strong><\/a><a target=\"_blank\" href=\"http:\/\/www.emater.mg.gov.br\/\" rel=\"noreferrer noopener\"><strong><u>)<\/u><\/strong><\/a> lan\u00e7ou uma plataforma de vendas on-line, com uma ampla variedade de produtos do meio rural.<\/p>\n\n\n\n<p id=\"viewer-9raq5128\">O site <a target=\"_blank\" href=\"https:\/\/www.edocampo.com.br\/\" rel=\"noreferrer noopener\"><strong><u>\u00c9 do Camp<\/u><\/strong><\/a><a target=\"_blank\" href=\"https:\/\/www.edocampo.com.br\/\" rel=\"noreferrer noopener\"><strong><u>o<\/u><\/strong><\/a> re\u00fane inicialmente a produ\u00e7\u00e3o de <strong>40 produtores rurais mineiros<\/strong>. S\u00e3o aproximadamente <strong>250 itens<\/strong> para escolha, que ser\u00e3o entregues no endere\u00e7o escolhido pelo comprador. O <a target=\"_blank\" href=\"https:\/\/www.edocampo.com.br\/\" rel=\"noreferrer noopener\"><strong><u>\u00c9 do Camp<\/u><\/strong><\/a><a target=\"_blank\" href=\"https:\/\/www.edocampo.com.br\/\" rel=\"noreferrer noopener\"><strong><u>o<\/u><\/strong><\/a> faz parte do <strong>Programa de Apoio \u00e0 Comercializa\u00e7\u00e3o Eletr\u00f4nica de Produtos e Servi\u00e7os da Agricultura Familiar<\/strong> desenvolvido pela empresa, com o objetivo de ampliar as vendas da agricultura familiar, gra\u00e7as \u00e0s tecnologias do com\u00e9rcio on-line. Nas pr\u00f3ximas semanas, mais <strong>60 produtores rurais<\/strong> ter\u00e3o seus produtos inclu\u00eddos na plataforma.<\/p>\n\n\n\n<p id=\"viewer-5kur0144\">O programa \u00e9 dividido em dois pilares. Um deles \u00e9 a disponibiliza\u00e7\u00e3o da plataforma de venda para os produtores. Mas n\u00e3o se restringe a isso. O outro pilar \u00e9 o servi\u00e7o de assist\u00eancia t\u00e9cnica e extens\u00e3o rural desenvolvido pela <a target=\"_blank\" href=\"http:\/\/www.emater.mg.gov.br\/\" rel=\"noreferrer noopener\"><strong><u>Emater-MG<\/u><\/strong><\/a> para todos os agricultores familiares que fazem parte do <a target=\"_blank\" href=\"https:\/\/www.edocampo.com.br\/\" rel=\"noreferrer noopener\"><strong><u>\u00c9 do Camp<\/u><\/strong><\/a><a target=\"_blank\" href=\"https:\/\/www.edocampo.com.br\/\" rel=\"noreferrer noopener\"><strong><u>o<\/u><\/strong><\/a>.<\/p>\n\n\n\n<p id=\"viewer-vrmlc200\">Esta assist\u00eancia t\u00e9cnica funciona como uma chancela. O trabalho dos profissionais da <a target=\"_blank\" href=\"http:\/\/www.emater.mg.gov.br\/\" rel=\"noreferrer noopener\"><strong><u>Emater-M<\/u><\/strong><\/a><a target=\"_blank\" href=\"http:\/\/www.emater.mg.gov.br\/\" rel=\"noreferrer noopener\"><strong><u>G<\/u><\/strong><\/a> junto aos produtores familiares garante as boas pr\u00e1ticas de produ\u00e7\u00e3o daquilo que \u00e9 colocado \u00e0 venda no site. Outra quest\u00e3o muito importante \u00e9 a venda sem atravessadores. O objetivo \u00e9 ligar diretamente o produtor ao consumidor final. Ent\u00e3o tudo que est\u00e1 na plataforma \u00e9 produzido e comercializado pelo pr\u00f3prio agricultor.<\/p>\n\n\n\n<p id=\"viewer-9k6ln250\">Quem faz as compras no site tem a op\u00e7\u00e3o de pagar com <strong>cart\u00e3o de cr\u00e9dito ou pix<\/strong>. Os produtores do <a target=\"_blank\" href=\"https:\/\/www.edocampo.com.br\/\" rel=\"noreferrer noopener\"><strong><u>\u00c9 do Camp<\/u><\/strong><\/a><a target=\"_blank\" href=\"https:\/\/www.edocampo.com.br\/\" rel=\"noreferrer noopener\"><strong><u>o<\/u><\/strong><\/a> passaram por capacita\u00e7\u00f5es promovidas pela <a target=\"_blank\" href=\"http:\/\/www.emater.mg.gov.br\/\" rel=\"noreferrer noopener\"><strong><u>Emater-M<\/u><\/strong><\/a><a target=\"_blank\" href=\"http:\/\/www.emater.mg.gov.br\/\" rel=\"noreferrer noopener\"><strong><u>G<\/u><\/strong><\/a> para conhecer a plataforma de venda, saber como cadastrar os produtos, receber os pedidos, enviar a mercadoria e emitir nota fiscal.<\/p>\n\n\n\n<h3 class=\"wp-block-heading\" id=\"viewer-xb5xm260\">Habilita\u00e7\u00e3o sanit\u00e1ria<\/h3>\n\n\n\n<p id=\"viewer-tylkl262\">A seguran\u00e7a alimentar \u00e9 outra quest\u00e3o levada em considera\u00e7\u00e3o ao selecionar os agricultores que participam do <a target=\"_blank\" href=\"https:\/\/www.edocampo.com.br\/\" rel=\"noreferrer noopener\"><strong><u>\u00c9 do Campo<\/u><\/strong><\/a>. Todos os produtos colocados \u00e0 venda possuem algum tipo de habilita\u00e7\u00e3o sanit\u00e1ria, que pode ser federal, estadual ou municipal.<\/p>\n\n\n\n<p id=\"viewer-anq9o357\">Esta habilita\u00e7\u00e3o determina para onde o produtor poder\u00e1 vender seus produtos. Quem possui a habilita\u00e7\u00e3o sanit\u00e1ria municipal, por exemplo, poder\u00e1 vender apenas para o munic\u00edpio onde produz. Mas a maioria dos produtos ter\u00e1 entrega para todo o Brasil, pois possui habilita\u00e7\u00e3o sanit\u00e1ria federal.<\/p>\n\n\n\n<h3 class=\"wp-block-heading\" id=\"viewer-47nqg441\">Produtores comemoram a iniciativa<\/h3>\n\n\n\n<p id=\"viewer-fbkq1443\">A produtora rural Meire Ribeiro, do munic\u00edpio de Sabar\u00e1, na regi\u00e3o Metropolitana de Belo Horizonte, est\u00e1 entusiasmada com a cria\u00e7\u00e3o do <a target=\"_blank\" href=\"https:\/\/www.edocampo.com.br\/\" rel=\"noreferrer noopener\"><strong><u>\u00c9 do Camp<\/u><\/strong><\/a><a target=\"_blank\" href=\"https:\/\/www.edocampo.com.br\/\" rel=\"noreferrer noopener\"><strong><u>o<\/u><\/strong><\/a>. Ela colocou \u00e0 venda na plataforma uma s\u00e9rie de produtos derivados da jabuticaba da marca <a target=\"_blank\" href=\"https:\/\/www.sabarabucu.com\/\" rel=\"noreferrer noopener\"><strong><u>Sabarabu<\/u><\/strong><\/a><a target=\"_blank\" href=\"https:\/\/www.sabarabucu.com\/\" rel=\"noreferrer noopener\"><strong><u>\u00e7u<\/u><\/strong><\/a>, como molhos, doces em lata e geleias. Tudo com registro para venda em todo territ\u00f3rio nacional.<\/p>\n\n\n\n<p id=\"viewer-z5wda679\"><strong>Em Uberl\u00e2ndia &#8211; a for\u00e7a do queijo<\/strong><\/p>\n\n\n\n<figure class=\"wp-block-image\"><img loading=\"lazy\" decoding=\"async\" width=\"315\" height=\"332\" src=\"https:\/\/revistahubclub.com.br\/portal\/wp-content\/uploads\/2024\/12\/faf46e_1a527bd20e634db8a8aaf2c1e57bd6a2mv2.jpg\" alt=\"\" class=\"wp-image-2434\" srcset=\"https:\/\/revistahubclub.com.br\/portal\/wp-content\/uploads\/2024\/12\/faf46e_1a527bd20e634db8a8aaf2c1e57bd6a2mv2.jpg 315w, https:\/\/revistahubclub.com.br\/portal\/wp-content\/uploads\/2024\/12\/faf46e_1a527bd20e634db8a8aaf2c1e57bd6a2mv2-285x300.jpg 285w\" sizes=\"auto, (max-width: 315px) 100vw, 315px\" \/><\/figure>\n\n\n\n<p id=\"viewer-k0ovy5538\">No munic\u00edpio de Uberl\u00e2ndia, no Tri\u00e2ngulo Mineiro, uma fam\u00edlia de produtores est\u00e1 comercializando o famoso <a target=\"_blank\" href=\"https:\/\/www.ruraltectv.com.br\/e-book-queijo-minas-artesanal\/\" rel=\"noreferrer noopener\"><strong><u>queijo Minas Artesana<\/u><\/strong><\/a><a target=\"_blank\" href=\"https:\/\/www.ruraltectv.com.br\/e-book-queijo-minas-artesanal\/\" rel=\"noreferrer noopener\"><strong><u>l<\/u><\/strong><\/a>. A produ\u00e7\u00e3o da premiada queijaria <a target=\"_blank\" href=\"https:\/\/www.instagram.com\/queijariaourodasgerais\/\" rel=\"noreferrer noopener\"><strong><u>Ouro das Gerai<\/u><\/strong><\/a><a target=\"_blank\" href=\"https:\/\/www.instagram.com\/queijariaourodasgerais\/\" rel=\"noreferrer noopener\"><strong><u>s<\/u><\/strong><\/a> \u00e9 de 70 pe\u00e7as por dia. Os queijos da fam\u00edlia j\u00e1 receberam, por exemplo, a medalha de prata do Mundial do Queijo de 2019, em Arax\u00e1, e a medalha de ouro no Pr\u00eamio Queijo Brasil, em 2023, realizado em Santa Catarina.<\/p>\n\n\n\n<p id=\"viewer-vkg5n4223\">Segundo o produtor Matheus Loreno, a expectativa \u00e9 muito boa com o <a target=\"_blank\" href=\"https:\/\/www.edocampo.com.br\/\" rel=\"noreferrer noopener\"><strong><u>\u00c9 do Camp<\/u><\/strong><\/a><a target=\"_blank\" href=\"https:\/\/www.edocampo.com.br\/\" rel=\"noreferrer noopener\"><strong><u>o<\/u><\/strong><\/a>, pois \u00e9 uma forma de otimizar o tempo e atender melhor o cliente. \u00c9 uma maneira tamb\u00e9m de fidelizar o consumidor, que sabe que o pedido vai ser entregue r\u00e1pido, com o frete mais barato.<\/p>\n\n\n\n<p id=\"viewer-ny6qw4357\">Em muitos casos, a comercializa\u00e7\u00e3o on-line est\u00e1 criando uma nova din\u00e2mica nas fam\u00edlias rurais. H\u00e1 situa\u00e7\u00f5es em que o produtor rural n\u00e3o tem muito conhecimento sobre as ferramentas digitais. Ent\u00e3o os filhos est\u00e3o cuidando desta parte da comercializa\u00e7\u00e3o pela internet. S\u00e3o as pessoas que v\u00e3o ter o maior contato com a plataforma de venda.<\/p>\n\n\n\n<h3 class=\"wp-block-heading\" id=\"viewer-eo54y4359\">Como participar<\/h3>\n\n\n\n<p id=\"viewer-4tzh24361\">Os produtores interessados em comercializar no <a target=\"_blank\" href=\"https:\/\/www.edocampo.com.br\/\" rel=\"noreferrer noopener\"><strong><u>\u00c9 do Camp<\/u><\/strong><\/a><a target=\"_blank\" href=\"https:\/\/www.edocampo.com.br\/\" rel=\"noreferrer noopener\"><strong><u>o<\/u><\/strong><\/a> devem procurar os escrit\u00f3rios da <a target=\"_blank\" href=\"http:\/\/www.emater.mg.gov.br\/\" rel=\"noreferrer noopener\"><strong><u>Emater-M<\/u><\/strong><\/a><a target=\"_blank\" href=\"http:\/\/www.emater.mg.gov.br\/\" rel=\"noreferrer noopener\"><strong><u>G<\/u><\/strong><\/a>, verificar se atendem os requisitos de participa\u00e7\u00e3o, preencher um cadastro e apresentar os documentos obrigat\u00f3rios conforme a mercadoria a ser vendida.<\/p>\n\n\n\n<p id=\"viewer-ilgma4369\">Segundo a <a target=\"_blank\" href=\"http:\/\/www.emater.mg.gov.br\/\" rel=\"noreferrer noopener\"><strong><u>Emater-M<\/u><\/strong><\/a><a target=\"_blank\" href=\"http:\/\/www.emater.mg.gov.br\/\" rel=\"noreferrer noopener\"><strong><u>G<\/u><\/strong><\/a>, novos produtos ser\u00e3o inclu\u00eddos no site semanalmente, sempre que os agricultores tiverem o cadastro aprovado.<\/p>\n\n\n\n<p id=\"viewer-r3o1p4374\"><strong>O lan\u00e7amento do site <\/strong><a target=\"_blank\" href=\"https:\/\/www.edocampo.com.br\/\" rel=\"noreferrer noopener\"><strong><u>\u00c9 do Camp<\/u><\/strong><\/a><a target=\"_blank\" href=\"https:\/\/www.edocampo.com.br\/\" rel=\"noreferrer noopener\"><strong><u>o<\/u><\/strong><\/a><strong> faz parte das comemora\u00e7\u00f5es dos 75 anos da <\/strong><a target=\"_blank\" href=\"http:\/\/www.emater.mg.gov.br\/\" rel=\"noreferrer noopener\"><strong><u>Emater-MG<\/u><\/strong><\/a>. A empresa \u00e9 pioneira no servi\u00e7o p\u00fablico de assist\u00eancia t\u00e9cnica e extens\u00e3o rural no pa\u00eds.<\/p>\n\n\n\n<p id=\"viewer-u6kxt4602\">\u201cEsse \u00e9 mais um projeto estrat\u00e9gico do Governo do Estado. Houve muito empenho e dedica\u00e7\u00e3o. Hoje temos o primeiro marketplace p\u00fablico governamental do Brasil, voltado para valorizar a agricultura familiar\u201d, disse o presidente da <a target=\"_blank\" href=\"http:\/\/www.emater.mg.gov.br\/\" rel=\"noreferrer noopener\"><strong><u>Emater-M<\/u><\/strong><\/a><a target=\"_blank\" href=\"http:\/\/www.emater.mg.gov.br\/\" rel=\"noreferrer noopener\"><strong><u>G<\/u><\/strong><\/a>, Ot\u00e1vio Maia, durante o lan\u00e7amento do <a target=\"_blank\" href=\"https:\/\/www.edocampo.com.br\/\" rel=\"noreferrer noopener\"><strong><u>\u00c9 do Camp<\/u><\/strong><\/a><a target=\"_blank\" href=\"https:\/\/www.edocampo.com.br\/\" rel=\"noreferrer noopener\"><strong><u>o<\/u><\/strong><\/a>.<\/p>\n\n\n\n<p id=\"viewer-0cz8x4795\">O lan\u00e7amento do <a target=\"_blank\" href=\"https:\/\/www.edocampo.com.br\/\" rel=\"noreferrer noopener\"><strong><u>\u00c9 do Camp<\/u><\/strong><\/a><a target=\"_blank\" href=\"https:\/\/www.edocampo.com.br\/\" rel=\"noreferrer noopener\"><strong><u>o<\/u><\/strong><\/a> fez parte do <strong>\u201cSemin\u00e1rio 75 anos da Ater P\u00fablica Governamental: Inova\u00e7\u00f5es e Solu\u00e7\u00f5es\u201d<\/strong>, promovido pela empresa em Caet\u00e9, na regi\u00e3o Metropolitana de Belo Horizonte, nos dias 5 e 6 de dezembro. Foram debatidos os cen\u00e1rios, desafios e perspectivas para o setor no Brasil. A <a target=\"_blank\" href=\"http:\/\/www.emater.mg.gov.br\/\" rel=\"noreferrer noopener\"><strong><u>Emater-M<\/u><\/strong><\/a><a target=\"_blank\" href=\"http:\/\/www.emater.mg.gov.br\/\" rel=\"noreferrer noopener\"><strong><u>G<\/u><\/strong><\/a> est\u00e1 presente em <strong>811 munic\u00edpios mineiros e presta cerca de 2,7 milh\u00f5es de atendimentos por ano, priorizando a agricultura familiar<\/strong>.<\/p>\n","protected":false},"excerpt":{"rendered":"<p>Queijos, doces, caf\u00e9, biscoito, cacha\u00e7a, artesanato. Produtos t\u00edpicos do interior de Minas Gerais que fazem muito sucesso entre os consumidores de todo o pa\u00eds. A boa not\u00edcia \u00e9 que agora<\/p>\n","protected":false},"author":1,"featured_media":2433,"comment_status":"open","ping_status":"open","sticky":false,"template":"","format":"standard","meta":{"footnotes":""},"categories":[1],"tags":[],"class_list":["post-2432","post","type-post","status-publish","format-standard","has-post-thumbnail","hentry","category-noticias"],"_links":{"self":[{"href":"https:\/\/revistahubclub.com.br\/portal\/wp-json\/wp\/v2\/posts\/2432","targetHints":{"allow":["GET"]}}],"collection":[{"href":"https:\/\/revistahubclub.com.br\/portal\/wp-json\/wp\/v2\/posts"}],"about":[{"href":"https:\/\/revistahubclub.com.br\/portal\/wp-json\/wp\/v2\/types\/post"}],"author":[{"embeddable":true,"href":"https:\/\/revistahubclub.com.br\/portal\/wp-json\/wp\/v2\/users\/1"}],"replies":[{"embeddable":true,"href":"https:\/\/revistahubclub.com.br\/portal\/wp-json\/wp\/v2\/comments?post=2432"}],"version-history":[{"count":1,"href":"https:\/\/revistahubclub.com.br\/portal\/wp-json\/wp\/v2\/posts\/2432\/revisions"}],"predecessor-version":[{"id":2435,"href":"https:\/\/revistahubclub.com.br\/portal\/wp-json\/wp\/v2\/posts\/2432\/revisions\/2435"}],"wp:featuredmedia":[{"embeddable":true,"href":"https:\/\/revistahubclub.com.br\/portal\/wp-json\/wp\/v2\/media\/2433"}],"wp:attachment":[{"href":"https:\/\/revistahubclub.com.br\/portal\/wp-json\/wp\/v2\/media?parent=2432"}],"wp:term":[{"taxonomy":"category","embeddable":true,"href":"https:\/\/revistahubclub.com.br\/portal\/wp-json\/wp\/v2\/categories?post=2432"},{"taxonomy":"post_tag","embeddable":true,"href":"https:\/\/revistahubclub.com.br\/portal\/wp-json\/wp\/v2\/tags?post=2432"}],"curies":[{"name":"wp","href":"https:\/\/api.w.org\/{rel}","templated":true}]}}