{"id":2451,"date":"2023-12-28T18:47:00","date_gmt":"2023-12-28T21:47:00","guid":{"rendered":"https:\/\/revistahubclub.com.br\/portal\/?p=2451"},"modified":"2024-12-15T18:48:31","modified_gmt":"2024-12-15T21:48:31","slug":"clinica-aura-o-espaco-da-autoestima-e-bem-estar","status":"publish","type":"post","link":"https:\/\/revistahubclub.com.br\/portal\/2023\/12\/28\/clinica-aura-o-espaco-da-autoestima-e-bem-estar\/","title":{"rendered":"Cl\u00ednica Aura &#8211; O espa\u00e7o da autoestima e bem estar"},"content":{"rendered":"\n<p id=\"viewer-7fo0911581\">Inspirada na beleza e no poder da autoestima que uma pessoa de bem consigo mesma desperta, a empreendedora Vanessa Melo inaugurou a Cl\u00ednica Aura Medicina Est\u00e9tica, em Uberl\u00e2ndia\/MG. O espa\u00e7o conta com profissionais altamente capacitados, que oferecem os mais variados servi\u00e7os de est\u00e9tica corporal e harmoniza\u00e7\u00e3o.<\/p>\n\n\n\n<p id=\"viewer-vtsak11886\">Formada em Biomedicina e Est\u00e9tica, especializada em rejuvenescimento e harmoniza\u00e7\u00e3o da face e corpo, a inaugura\u00e7\u00e3o da Cl\u00ednica Aura foi a realiza\u00e7\u00e3o de um sonho para a empreendedora.<\/p>\n\n\n\n<p id=\"viewer-m0vqt11935\">\u201cSempre tive o sonho de atuar na \u00e1rea de est\u00e9tica com procedimentos que trouxessem prop\u00f3sitos. Inaugurei a Aura pois acredito que a est\u00e9tica \u00e9 algo hoje acess\u00edvel para todos e temos procedimentos para todos perfis\u201d, conta.<\/p>\n\n\n\n<p id=\"viewer-nanwd11985\">A cl\u00ednica conta com tr\u00eas salas compartilhadas, onde atuam esteticistas, massoterapeutas e biom\u00e9dicos esteta. \u201cHoje, nossa cl\u00ednica conta com diversos procedimentos para alavancar a auto-estima de cada paciente de forma personalizada\u201d, explica.<\/p>\n\n\n\n<p id=\"viewer-gygz412173\">De olho em um segmento de sucesso, a empreendedora tamb\u00e9m atinge um perfil de cliente que antes n\u00e3o tinha acesso a tratamentos est\u00e9ticos e que busca praticidade e qualidade com pre\u00e7o justo. Com isso, aposta na cl\u00ednica como um modelo de franquia, com a possibilidade de levar beleza, est\u00e9tica e bem-estar para outras regi\u00f5es.<\/p>\n\n\n\n<figure class=\"wp-block-image\"><img loading=\"lazy\" decoding=\"async\" width=\"315\" height=\"609\" src=\"https:\/\/revistahubclub.com.br\/portal\/wp-content\/uploads\/2024\/12\/faf46e_687ba9db3af947c5b403ea470648ad12mv2.jpg\" alt=\"\" class=\"wp-image-2453\" srcset=\"https:\/\/revistahubclub.com.br\/portal\/wp-content\/uploads\/2024\/12\/faf46e_687ba9db3af947c5b403ea470648ad12mv2.jpg 315w, https:\/\/revistahubclub.com.br\/portal\/wp-content\/uploads\/2024\/12\/faf46e_687ba9db3af947c5b403ea470648ad12mv2-155x300.jpg 155w\" sizes=\"auto, (max-width: 315px) 100vw, 315px\" \/><\/figure>\n\n\n\n<p id=\"viewer-crwvn13315\">Vanessa Melo sempre investiu em estudar e ampliar seus conhecimentos na \u00e1rea da sa\u00fade. Ap\u00f3s trabalhar em diversas cl\u00ednicas e hospitais, conheceu o mundo da est\u00e9tica, cosmetologia e harmoniza\u00e7\u00e3o a fundo. Investiu em cursos e p\u00f3s gradua\u00e7\u00e3o que possibilitaram a realiza\u00e7\u00e3o de muitos sonhos.<\/p>\n\n\n\n<p id=\"viewer-gn5zq12426\"><strong>Servi\u00e7os oferecidos<\/strong><\/p>\n\n\n\n<p id=\"viewer-aqmb512570\">Na cl\u00ednica Aura s\u00e3o realizados procedimentos est\u00e9ticos corporais como harmoniza\u00e7\u00e3o de gl\u00fateos, tratamentos para gordura localizada, radiofrequ\u00eancia, carboxiterapia, ultracavita\u00e7\u00e3o, massagem modeladora, tratamentos para celulites, estrias, limpeza de pele, microagulhamento, micropigmenta\u00e7\u00e3o, lash lifting, skinbooster, preenchimento corporal, peeling qu\u00edmico, tratamentos de melasma, acne, flacidez, coloca\u00e7\u00e3o de fios de PDO, IPRF, bioestimulador de col\u00e1geno e ozonioterapia.<\/p>\n","protected":false},"excerpt":{"rendered":"<p>Inspirada na beleza e no poder da autoestima que uma pessoa de bem consigo mesma desperta, a empreendedora Vanessa Melo inaugurou a Cl\u00ednica Aura Medicina Est\u00e9tica, em Uberl\u00e2ndia\/MG. O espa\u00e7o<\/p>\n","protected":false},"author":1,"featured_media":2452,"comment_status":"open","ping_status":"open","sticky":false,"template":"","format":"standard","meta":{"footnotes":""},"categories":[1],"tags":[],"class_list":["post-2451","post","type-post","status-publish","format-standard","has-post-thumbnail","hentry","category-noticias"],"_links":{"self":[{"href":"https:\/\/revistahubclub.com.br\/portal\/wp-json\/wp\/v2\/posts\/2451","targetHints":{"allow":["GET"]}}],"collection":[{"href":"https:\/\/revistahubclub.com.br\/portal\/wp-json\/wp\/v2\/posts"}],"about":[{"href":"https:\/\/revistahubclub.com.br\/portal\/wp-json\/wp\/v2\/types\/post"}],"author":[{"embeddable":true,"href":"https:\/\/revistahubclub.com.br\/portal\/wp-json\/wp\/v2\/users\/1"}],"replies":[{"embeddable":true,"href":"https:\/\/revistahubclub.com.br\/portal\/wp-json\/wp\/v2\/comments?post=2451"}],"version-history":[{"count":1,"href":"https:\/\/revistahubclub.com.br\/portal\/wp-json\/wp\/v2\/posts\/2451\/revisions"}],"predecessor-version":[{"id":2454,"href":"https:\/\/revistahubclub.com.br\/portal\/wp-json\/wp\/v2\/posts\/2451\/revisions\/2454"}],"wp:featuredmedia":[{"embeddable":true,"href":"https:\/\/revistahubclub.com.br\/portal\/wp-json\/wp\/v2\/media\/2452"}],"wp:attachment":[{"href":"https:\/\/revistahubclub.com.br\/portal\/wp-json\/wp\/v2\/media?parent=2451"}],"wp:term":[{"taxonomy":"category","embeddable":true,"href":"https:\/\/revistahubclub.com.br\/portal\/wp-json\/wp\/v2\/categories?post=2451"},{"taxonomy":"post_tag","embeddable":true,"href":"https:\/\/revistahubclub.com.br\/portal\/wp-json\/wp\/v2\/tags?post=2451"}],"curies":[{"name":"wp","href":"https:\/\/api.w.org\/{rel}","templated":true}]}}