{"id":2455,"date":"2023-12-27T18:48:00","date_gmt":"2023-12-27T21:48:00","guid":{"rendered":"https:\/\/revistahubclub.com.br\/portal\/?p=2455"},"modified":"2024-12-15T18:49:17","modified_gmt":"2024-12-15T21:49:17","slug":"25-anos-de-carreira-a-jornada-de-clau-borges-no-universo-da-beleza","status":"publish","type":"post","link":"https:\/\/revistahubclub.com.br\/portal\/2023\/12\/27\/25-anos-de-carreira-a-jornada-de-clau-borges-no-universo-da-beleza\/","title":{"rendered":"25 anos de carreira: A jornada de Clau Borges no universo da beleza"},"content":{"rendered":"\n<p id=\"viewer-2rdwt9614\">Eu n\u00e3o queria ser mais uma cabeleireira. Queria ser uma refer\u00eancia na \u00e1rea!\u201d A frase \u00e9 de quem sabia onde queria estar. Hoje, ap\u00f3s 25 anos na \u00e1rea, Clau Borges conta como tudo come\u00e7ou. Em um modesto c\u00f4modo 3&#215;3, constru\u00eddo pelo pai na casa dele, ela deu o pontap\u00e9 inicial e permaneceu por cinco anos. Seu talento e habilidade com os cabelos abriram as portas para uma carreira pr\u00f3spera.<\/p>\n\n\n\n<p id=\"viewer-udzp59272\">\u201cAprendi minha profiss\u00e3o no Senac e a cada ano via a necessidade de fazer outros cursos. Fiz especializa\u00e7\u00f5es em cortes, colora\u00e7\u00e3o e mechas na Wella de S\u00e3o Paulo e na Loreal de Bras\u00edlia, Rio de Janeiro e Curitiba e tamb\u00e9m no exterior. E continuo sempre buscando me aprimorar e inovar. No momento mais cr\u00edtico da pandemia busquei muita especializa\u00e7\u00e3o. O mais recente foi em S\u00e3o Jos\u00e9 com o renomado Rafael Bertoluci. Hoje tamb\u00e9m sou especialista em terapia capilar\u201d, afirma.<\/p>\n\n\n\n<p id=\"viewer-11ad49310\">A empres\u00e1ria disse que se tornou cabeleireira por acaso. \u201cO cabelo da minha irm\u00e3 era muito liso e ela sempre me pedia para secar e fazer cachos com babyliss. Foi ent\u00e3o que em uma dessas produ\u00e7\u00f5es me apaixonei e decidi que era isso que queria fazer &#8211; algo totalmente diferente do que eu fazia. Eu era vendedora de pe\u00e7as de caminh\u00e3o. Sabia tudo sobre qualquer pe\u00e7a e jamais imaginava ser uma cabeleireira. E estou aqui, anos depois, muito realizada com o prop\u00f3sito de cuidar de pessoas e faz\u00ea-las felizes\u201d, conta.<\/p>\n\n\n\n<p id=\"viewer-v85c59351\">Hoje, o espa\u00e7o Clau Borges est\u00e1 localizado no Jardim Kara\u00edba, zona sul de Uberl\u00e2ndia, e oferece v\u00e1rios servi\u00e7os al\u00e9m do cabelo e maquiagem, como megahair, manicure, limpeza de pele, est\u00e9tica e relaxamento, atrav\u00e9s da parceria com profissionais qualificados para oferecer sempre a melhor experi\u00eancia.<\/p>\n\n\n\n<p id=\"viewer-jilx39405\">\u201cTenho clientes que est\u00e3o comigo desde o in\u00edcio, inclusive, trouxeram filhas e netas. Ao longo de todos esses anos viramos quase uma grande fam\u00edlia. Foco sempre no profissionalismo para oferecer o melhor, me aprimorando sempre, trazendo novidades e tend\u00eancias para as cientes. V\u00ea-las felizes, com a auto-estima alta e de bem com a vida por causa do meu trabalho \u00e9 o que me faz seguir sempre em frente\u201d, afirma. Clau nutre outra paix\u00e3o: dar aulas.<\/p>\n\n\n\n<p id=\"viewer-en3m99472\">\u201cSou muito realizada com a minha profiss\u00e3o, mas pretendo dar aulas e levar minha paix\u00e3o para outras pessoas. J\u00e1 ministrei v\u00e1rios em cursos em faculdades, na Embelleze e em at\u00e9 outras cidades de Minas Gerais, com aulas de cabelo e maquiagem. Quando os olhinhos das pessoas come\u00e7am a brilhar em busca de conhecimento e de aprender me deixa muito feliz\u201d, conclui.<\/p>\n","protected":false},"excerpt":{"rendered":"<p>Eu n\u00e3o queria ser mais uma cabeleireira. Queria ser uma refer\u00eancia na \u00e1rea!\u201d A frase \u00e9 de quem sabia onde queria estar. Hoje, ap\u00f3s 25 anos na \u00e1rea, Clau Borges<\/p>\n","protected":false},"author":1,"featured_media":2456,"comment_status":"open","ping_status":"open","sticky":false,"template":"","format":"standard","meta":{"footnotes":""},"categories":[1],"tags":[],"class_list":["post-2455","post","type-post","status-publish","format-standard","has-post-thumbnail","hentry","category-noticias"],"_links":{"self":[{"href":"https:\/\/revistahubclub.com.br\/portal\/wp-json\/wp\/v2\/posts\/2455","targetHints":{"allow":["GET"]}}],"collection":[{"href":"https:\/\/revistahubclub.com.br\/portal\/wp-json\/wp\/v2\/posts"}],"about":[{"href":"https:\/\/revistahubclub.com.br\/portal\/wp-json\/wp\/v2\/types\/post"}],"author":[{"embeddable":true,"href":"https:\/\/revistahubclub.com.br\/portal\/wp-json\/wp\/v2\/users\/1"}],"replies":[{"embeddable":true,"href":"https:\/\/revistahubclub.com.br\/portal\/wp-json\/wp\/v2\/comments?post=2455"}],"version-history":[{"count":1,"href":"https:\/\/revistahubclub.com.br\/portal\/wp-json\/wp\/v2\/posts\/2455\/revisions"}],"predecessor-version":[{"id":2457,"href":"https:\/\/revistahubclub.com.br\/portal\/wp-json\/wp\/v2\/posts\/2455\/revisions\/2457"}],"wp:featuredmedia":[{"embeddable":true,"href":"https:\/\/revistahubclub.com.br\/portal\/wp-json\/wp\/v2\/media\/2456"}],"wp:attachment":[{"href":"https:\/\/revistahubclub.com.br\/portal\/wp-json\/wp\/v2\/media?parent=2455"}],"wp:term":[{"taxonomy":"category","embeddable":true,"href":"https:\/\/revistahubclub.com.br\/portal\/wp-json\/wp\/v2\/categories?post=2455"},{"taxonomy":"post_tag","embeddable":true,"href":"https:\/\/revistahubclub.com.br\/portal\/wp-json\/wp\/v2\/tags?post=2455"}],"curies":[{"name":"wp","href":"https:\/\/api.w.org\/{rel}","templated":true}]}}