{"id":2483,"date":"2023-12-21T19:42:00","date_gmt":"2023-12-21T22:42:00","guid":{"rendered":"https:\/\/revistahubclub.com.br\/portal\/?p=2483"},"modified":"2024-12-15T19:43:23","modified_gmt":"2024-12-15T22:43:23","slug":"ituiutaba-municipio-para-investir-morar-e-trabalhar-um-circuito-de-oportunidades","status":"publish","type":"post","link":"https:\/\/revistahubclub.com.br\/portal\/2023\/12\/21\/ituiutaba-municipio-para-investir-morar-e-trabalhar-um-circuito-de-oportunidades\/","title":{"rendered":"Ituiutaba &#8211; Munic\u00edpio para investir, morar e trabalhar &#8211; um circuito de oportunidades"},"content":{"rendered":"\n<p id=\"viewer-sfb4f44204\"><strong>45\u00aa EXPOPEC<\/strong><\/p>\n\n\n\n<figure class=\"wp-block-image\"><img loading=\"lazy\" decoding=\"async\" width=\"315\" height=\"288\" src=\"https:\/\/revistahubclub.com.br\/portal\/wp-content\/uploads\/2024\/12\/faf46e_3d1bb0a9a36b4778a0584a0cab5b7f90mv2.jpg\" alt=\"\" class=\"wp-image-2488\" srcset=\"https:\/\/revistahubclub.com.br\/portal\/wp-content\/uploads\/2024\/12\/faf46e_3d1bb0a9a36b4778a0584a0cab5b7f90mv2.jpg 315w, https:\/\/revistahubclub.com.br\/portal\/wp-content\/uploads\/2024\/12\/faf46e_3d1bb0a9a36b4778a0584a0cab5b7f90mv2-300x274.jpg 300w\" sizes=\"auto, (max-width: 315px) 100vw, 315px\" \/><\/figure>\n\n\n\n<p id=\"viewer-2wf8f44461\">O Ministro da Agricultura e Pecu\u00e1ria Carlos F\u00e1varo abriu a 45a Exposi\u00e7\u00e3o Regional da Pecu\u00e1ria de Ituiutaba (EXPOPEC) realizada em setembro. O evento fez parte da celebra\u00e7\u00e3o dos 122 anos de Ituiutaba, cidade polo do Pontal Mineiro com enfoque na produ\u00e7\u00e3o sucroenerg\u00e9tica e que tem na cria\u00e7\u00e3o de gado e pecu\u00e1ria leiteira as principais atividades executadas no campo.<\/p>\n\n\n\n<p id=\"viewer-e9mv144796\">\u201cEstar aqui \u00e9 a certeza de que o agro \u00e9 a mola propulsora da economia\u201d, declarou o ministro. Antes da abertura, o ministro se reuniu com as lideran\u00e7as e entidades da agropecu\u00e1ria locais para debater as demandas do setor e buscar solu\u00e7\u00f5es conjuntas para melhorar a atividade na regi\u00e3o.<\/p>\n\n\n\n<figure class=\"wp-block-image\"><img loading=\"lazy\" decoding=\"async\" width=\"230\" height=\"374\" src=\"https:\/\/revistahubclub.com.br\/portal\/wp-content\/uploads\/2024\/12\/faf46e_5b357bab10374ab2ab9e434eaba5c9b8mv2.webp\" alt=\"\" class=\"wp-image-2485\" srcset=\"https:\/\/revistahubclub.com.br\/portal\/wp-content\/uploads\/2024\/12\/faf46e_5b357bab10374ab2ab9e434eaba5c9b8mv2.webp 230w, https:\/\/revistahubclub.com.br\/portal\/wp-content\/uploads\/2024\/12\/faf46e_5b357bab10374ab2ab9e434eaba5c9b8mv2-184x300.webp 184w\" sizes=\"auto, (max-width: 230px) 100vw, 230px\" \/><\/figure>\n\n\n\n<figure class=\"wp-block-image\"><img loading=\"lazy\" decoding=\"async\" width=\"223\" height=\"374\" src=\"https:\/\/revistahubclub.com.br\/portal\/wp-content\/uploads\/2024\/12\/faf46e_a29f2c77a29f4d84bcf15d2a63eedb25mv2.webp\" alt=\"\" class=\"wp-image-2486\" srcset=\"https:\/\/revistahubclub.com.br\/portal\/wp-content\/uploads\/2024\/12\/faf46e_a29f2c77a29f4d84bcf15d2a63eedb25mv2.webp 223w, https:\/\/revistahubclub.com.br\/portal\/wp-content\/uploads\/2024\/12\/faf46e_a29f2c77a29f4d84bcf15d2a63eedb25mv2-179x300.webp 179w\" sizes=\"auto, (max-width: 223px) 100vw, 223px\" \/><\/figure>\n\n\n\n<figure class=\"wp-block-image\"><img loading=\"lazy\" decoding=\"async\" width=\"273\" height=\"373\" src=\"https:\/\/revistahubclub.com.br\/portal\/wp-content\/uploads\/2024\/12\/faf46e_4dee8e86a95b4b3db40491de123f201fmv2.webp\" alt=\"\" class=\"wp-image-2487\" srcset=\"https:\/\/revistahubclub.com.br\/portal\/wp-content\/uploads\/2024\/12\/faf46e_4dee8e86a95b4b3db40491de123f201fmv2.webp 273w, https:\/\/revistahubclub.com.br\/portal\/wp-content\/uploads\/2024\/12\/faf46e_4dee8e86a95b4b3db40491de123f201fmv2-220x300.webp 220w\" sizes=\"auto, (max-width: 273px) 100vw, 273px\" \/><\/figure>\n\n\n\n<p id=\"viewer-doqa045012\"><strong>FEPONTAL<\/strong><\/p>\n\n\n\n<p id=\"viewer-81dgk45270\">A Prefeitura de Ituiutaba, em parceria com a Associa\u00e7\u00e3o Comercial e Industrial de Ituiutaba (ACII) e o Servi\u00e7o Brasileiro de Apoio \u00e0s Micro e Pequenas Empresas (SEBRAE), com organiza\u00e7\u00e3o da Secretaria de Desenvolvimento Econ\u00f4mico e Turismo, realizaram Feira de Neg\u00f3cios do Pontal Mineiro (FEPONTAL) de 21 \u00e0 24 de setembro. A feira foi parte da programa\u00e7\u00e3o da EXPOPEC 2023.<\/p>\n\n\n\n<p id=\"viewer-84tii45461\">A cerim\u00f4nia de abertura oficial contou com a presen\u00e7a da prefeita Leandra Guedes, do deputado federal Andr\u00e9 Janones, do presidente da C\u00e2mara Municipal Odeemes Braz, do presidente da ACII Maur\u00edcio Garvil, da secret\u00e1ria de Desenvolvimento Econ\u00f4mico e Turismo J\u00e9ssica Faria, do secret\u00e1rio de Agricultura, Pecu\u00e1ria e Abastecimento Carlos Marques, da analista t\u00e9cnica do Sebrae Camila Alves, al\u00e9m de outras lideran\u00e7as, empres\u00e1rios e produtores rurais.<\/p>\n\n\n\n<p id=\"viewer-mmdfi45681\">A Prefeita Leandra Guedes disse que para 2024 Ituiutaba dever\u00e1 sediar uma nova vers\u00e3o da FEPONTAL para atender os anseios da classe empresarial.<\/p>\n","protected":false},"excerpt":{"rendered":"<p>45\u00aa EXPOPEC O Ministro da Agricultura e Pecu\u00e1ria Carlos F\u00e1varo abriu a 45a Exposi\u00e7\u00e3o Regional da Pecu\u00e1ria de Ituiutaba (EXPOPEC) realizada em setembro. O evento fez parte da celebra\u00e7\u00e3o dos<\/p>\n","protected":false},"author":1,"featured_media":2484,"comment_status":"open","ping_status":"open","sticky":false,"template":"","format":"standard","meta":{"footnotes":""},"categories":[1],"tags":[],"class_list":["post-2483","post","type-post","status-publish","format-standard","has-post-thumbnail","hentry","category-noticias"],"_links":{"self":[{"href":"https:\/\/revistahubclub.com.br\/portal\/wp-json\/wp\/v2\/posts\/2483","targetHints":{"allow":["GET"]}}],"collection":[{"href":"https:\/\/revistahubclub.com.br\/portal\/wp-json\/wp\/v2\/posts"}],"about":[{"href":"https:\/\/revistahubclub.com.br\/portal\/wp-json\/wp\/v2\/types\/post"}],"author":[{"embeddable":true,"href":"https:\/\/revistahubclub.com.br\/portal\/wp-json\/wp\/v2\/users\/1"}],"replies":[{"embeddable":true,"href":"https:\/\/revistahubclub.com.br\/portal\/wp-json\/wp\/v2\/comments?post=2483"}],"version-history":[{"count":1,"href":"https:\/\/revistahubclub.com.br\/portal\/wp-json\/wp\/v2\/posts\/2483\/revisions"}],"predecessor-version":[{"id":2489,"href":"https:\/\/revistahubclub.com.br\/portal\/wp-json\/wp\/v2\/posts\/2483\/revisions\/2489"}],"wp:featuredmedia":[{"embeddable":true,"href":"https:\/\/revistahubclub.com.br\/portal\/wp-json\/wp\/v2\/media\/2484"}],"wp:attachment":[{"href":"https:\/\/revistahubclub.com.br\/portal\/wp-json\/wp\/v2\/media?parent=2483"}],"wp:term":[{"taxonomy":"category","embeddable":true,"href":"https:\/\/revistahubclub.com.br\/portal\/wp-json\/wp\/v2\/categories?post=2483"},{"taxonomy":"post_tag","embeddable":true,"href":"https:\/\/revistahubclub.com.br\/portal\/wp-json\/wp\/v2\/tags?post=2483"}],"curies":[{"name":"wp","href":"https:\/\/api.w.org\/{rel}","templated":true}]}}