{"id":2500,"date":"2023-12-19T19:45:00","date_gmt":"2023-12-19T22:45:00","guid":{"rendered":"https:\/\/revistahubclub.com.br\/portal\/?p=2500"},"modified":"2024-12-15T19:46:06","modified_gmt":"2024-12-15T22:46:06","slug":"acesso-a-saude-de-uberlandia-e-reconhecido-nacionalmente","status":"publish","type":"post","link":"https:\/\/revistahubclub.com.br\/portal\/2023\/12\/19\/acesso-a-saude-de-uberlandia-e-reconhecido-nacionalmente\/","title":{"rendered":"Acesso \u00e0 sa\u00fade de Uberl\u00e2ndia \u00e9 reconhecido nacionalmente"},"content":{"rendered":"\n<p id=\"viewer-oftwy12873\">Desde o in\u00edcio da gest\u00e3o do prefeito Odelmo Le\u00e3o, h\u00e1 seis anos, o setor de Sa\u00fade sempre foi prioridade. A iniciativa para garantir acesso e a padroniza\u00e7\u00e3o dos servi\u00e7os a toda a popula\u00e7\u00e3o come\u00e7ou com o projeto Qualifica SaUDI, a fim de fortalecer a Aten\u00e7\u00e3o Prim\u00e1ria, que \u00e9 a porta de entrada para os atendimentos via Sistema \u00danico de Sa\u00fade (SUS). Todo o trabalho rendeu \u00e0 gest\u00e3o do prefeito Odelmo Le\u00e3o o reconhecimento e homenagem, nesta ter\u00e7a-feira (12), durante a realiza\u00e7\u00e3o da 2\u00aa Confer\u00eancia Nacional de Planifica\u00e7\u00e3o da Aten\u00e7\u00e3o \u00e0 Sa\u00fade, realizada em Bras\u00edlia por diversas institui\u00e7\u00f5es, entre as quais est\u00e3o o Conselho Nacional de Secret\u00e1rios de Sa\u00fade (Conass), Minist\u00e9rio da Sa\u00fade e Organiza\u00e7\u00e3o Pan-Americana da Sa\u00fade (Opas).<\/p>\n\n\n\n<p id=\"viewer-h2l4w13122\">&nbsp;<\/p>\n\n\n\n<p id=\"viewer-yxkyf13124\">A homenagem Gilson Cantarino foi concedida devido \u00e0 contribui\u00e7\u00e3o marcante no projeto da Planifica\u00e7\u00e3o da Aten\u00e7\u00e3o \u00e0 Sa\u00fade (PAS) por meio da articula\u00e7\u00e3o com gestores, forma\u00e7\u00e3o de profissionais, estrutura\u00e7\u00e3o de processos e da integra\u00e7\u00e3o efetiva de servi\u00e7os das Redes de Aten\u00e7\u00e3o \u00e0 Sa\u00fade (RAS). A honraria leva o nome do m\u00e9dico Gilson Cantarino O\u00b4Dwyer, que foi um grande sanitarista, deixando um legado de luta e defesa da sa\u00fade p\u00fablica e compromisso com o SUS por meio de seu trabalho na gest\u00e3o, nos \u00e2mbitos municipal e estadual.<\/p>\n\n\n\n<p id=\"viewer-1mkmn13126\">&nbsp;<\/p>\n\n\n\n<p id=\"viewer-kcpjq13128\">Durante a entrega das homenagens, o prefeito Odelmo Le\u00e3o destacou a import\u00e2ncia do trabalho, que fez de Uberl\u00e2ndia um Centro Colaborador de boas pr\u00e1ticas em sa\u00fade. A deputada federal e primeira-dama, Ana Paula Junqueira Le\u00e3o, representou o prefeito na cerim\u00f4nia.<\/p>\n\n\n\n<p id=\"viewer-a8vj613130\">&nbsp;<\/p>\n\n\n\n<p id=\"viewer-g8zjt13132\">&#8220;Fiz um compromisso com o Conass no in\u00edcio da gest\u00e3o para que a popula\u00e7\u00e3o de Uberl\u00e2ndia tivesse o melhor atendimento em sa\u00fade. O resultado est\u00e1 a\u00ed, somos um Centro Colaborador, que recebe visitas de v\u00e1rias cidades para conhecer o nosso trabalho. S\u00f3 tenho a agradecer a confian\u00e7a e a dedica\u00e7\u00e3o da nossa equipe&#8221;, comentou o prefeito por meio de um v\u00eddeo enviado \u00e0 organiza\u00e7\u00e3o.<\/p>\n\n\n\n<p id=\"viewer-j7upj13134\">&nbsp;<\/p>\n\n\n\n<p id=\"viewer-28pkz13136\">A 2\u00aa Confer\u00eancia Nacional de Planifica\u00e7\u00e3o da Aten\u00e7\u00e3o \u00e0 Sa\u00fade aconteceu entre os dias 10 e 12 de dezembro e foi promovida pelo Hospital Israelita Albert Einstein, Benefic\u00eancia Portuguesa de S\u00e3o Paulo, Umane, <a target=\"_blank\" href=\"https:\/\/www.conass.org.br\/\" rel=\"noreferrer noopener\">Conselho Nacional de Secret\u00e1rios de Sa\u00fade (<\/a>Conass) e Organiza\u00e7\u00e3o Pan-Americana da Sa\u00fade (Opas\/OMS), com o apoio do Minist\u00e9rio da Sa\u00fade.<\/p>\n\n\n\n<p id=\"viewer-4kflf13140\">&nbsp;<\/p>\n\n\n\n<p id=\"viewer-jbbgt13142\">Ainda durante o evento, Uberl\u00e2ndia foi destaque com a publica\u00e7\u00e3o de um trabalho <a target=\"_blank\" href=\"https:\/\/www.revistas.usp.br\/rsp\/article\/view\/219466\" rel=\"noreferrer noopener\">na Revista de Sa\u00fade P\u00fablica da Universidade de S\u00e3o Paulo (USP).<\/a> O artigo &#8220;Fragilidade e espacializa\u00e7\u00e3o de pessoas idosas do munic\u00edpio de Uberl\u00e2ndia com IVCF-20&#8221; identificou o perfil cl\u00ednico funcional de 47 mil idosos, com idade m\u00e9dia de 70,3 anos (60 a 113 anos), vinculados \u00e0 aten\u00e7\u00e3o prim\u00e1ria \u00e0 sa\u00fade.<\/p>\n\n\n\n<p id=\"viewer-liuc913147\">&nbsp;<\/p>\n\n\n\n<p id=\"viewer-it9pi13150\"><em>Foto: Conass\/Secretaria de Governo e Comunica\u00e7\u00e3o<\/em><\/p>\n\n\n\n<p id=\"viewer-zzu9d13153\">Esse <a target=\"_blank\" href=\"https:\/\/www.uberlandia.mg.gov.br\/2022\/03\/15\/ubsfs-tem-mais-de-90-dos-idosos-com-grau-de-risco-identificado\/\" rel=\"noreferrer noopener\">rastreio possibilita a aplica\u00e7\u00e3o de interven\u00e7\u00f5es<\/a> preventivas, promocionais, paliativas ou reabilitadoras individualizadas, conforme o estrato cl\u00ednico funcional do idoso e os dom\u00ednios funcionais comprometidos.<\/p>\n\n\n\n<p id=\"viewer-gfosx13157\">&nbsp;&nbsp;&nbsp;&nbsp;&nbsp;&nbsp;&nbsp;&nbsp;&nbsp;&nbsp;&nbsp;<\/p>\n\n\n\n<p id=\"viewer-jpfr713159\"><strong>Qualifica SaUDI e Centro Colaborador do CONASS<\/strong><\/p>\n\n\n\n<p id=\"viewer-cxdu913161\"><strong>&nbsp;<\/strong><\/p>\n\n\n\n<p id=\"viewer-2mv0b13163\">Desde 2017, Uberl\u00e2ndia desenvolve a padroniza\u00e7\u00e3o dos servi\u00e7os de sa\u00fade utilizando-se da planifica\u00e7\u00e3o da aten\u00e7\u00e3o \u00e0 sa\u00fade obtida por meio do projeto Qualifica SaUDI. A diretriz veio para garantir o acesso da comunidade nas unidades de sa\u00fade e fortalecer a aten\u00e7\u00e3o prim\u00e1ria na cidade. A iniciativa surtiu efeitos positivos, principalmente no fluxo de atendimento, redu\u00e7\u00e3o do tempo de espera pelas consultas, amplia\u00e7\u00e3o do cadastro familiar e de estratifica\u00e7\u00e3o de risco dos usu\u00e1rios, entre outros.<\/p>\n\n\n\n<p id=\"viewer-6xom313165\">Os processos desenvolvidos motivaram o Conass a escolher <a target=\"_blank\" href=\"https:\/\/www.uberlandia.mg.gov.br\/2020\/09\/08\/uberlandia-recebe-visita-do-ministerio-da-saude-como-cidade-referencia-na-atencao-primaria\/\" rel=\"noreferrer noopener\">Uberl\u00e2ndia para ser um Centro Colaborador<\/a>, que tem o prop\u00f3sito de fortalecer e ampliar a coopera\u00e7\u00e3o t\u00e9cnica entre Estados e Munic\u00edpios, facilitando informa\u00e7\u00f5es e servi\u00e7os, al\u00e9m de estimular e apoiar o treinamento e a pesquisa. Com isso, o Munic\u00edpio vira refer\u00eancia para outras localidades que queiram seguir os exemplos adotados.<\/p>\n\n\n\n<p id=\"viewer-4fnzj13427\"><em>Prefeitura de Uberl\u00e2ndia<\/em><\/p>\n","protected":false},"excerpt":{"rendered":"<p>Desde o in\u00edcio da gest\u00e3o do prefeito Odelmo Le\u00e3o, h\u00e1 seis anos, o setor de Sa\u00fade sempre foi prioridade. A iniciativa para garantir acesso e a padroniza\u00e7\u00e3o dos servi\u00e7os a<\/p>\n","protected":false},"author":1,"featured_media":2501,"comment_status":"open","ping_status":"open","sticky":false,"template":"","format":"standard","meta":{"footnotes":""},"categories":[1],"tags":[],"class_list":["post-2500","post","type-post","status-publish","format-standard","has-post-thumbnail","hentry","category-noticias"],"_links":{"self":[{"href":"https:\/\/revistahubclub.com.br\/portal\/wp-json\/wp\/v2\/posts\/2500","targetHints":{"allow":["GET"]}}],"collection":[{"href":"https:\/\/revistahubclub.com.br\/portal\/wp-json\/wp\/v2\/posts"}],"about":[{"href":"https:\/\/revistahubclub.com.br\/portal\/wp-json\/wp\/v2\/types\/post"}],"author":[{"embeddable":true,"href":"https:\/\/revistahubclub.com.br\/portal\/wp-json\/wp\/v2\/users\/1"}],"replies":[{"embeddable":true,"href":"https:\/\/revistahubclub.com.br\/portal\/wp-json\/wp\/v2\/comments?post=2500"}],"version-history":[{"count":1,"href":"https:\/\/revistahubclub.com.br\/portal\/wp-json\/wp\/v2\/posts\/2500\/revisions"}],"predecessor-version":[{"id":2502,"href":"https:\/\/revistahubclub.com.br\/portal\/wp-json\/wp\/v2\/posts\/2500\/revisions\/2502"}],"wp:featuredmedia":[{"embeddable":true,"href":"https:\/\/revistahubclub.com.br\/portal\/wp-json\/wp\/v2\/media\/2501"}],"wp:attachment":[{"href":"https:\/\/revistahubclub.com.br\/portal\/wp-json\/wp\/v2\/media?parent=2500"}],"wp:term":[{"taxonomy":"category","embeddable":true,"href":"https:\/\/revistahubclub.com.br\/portal\/wp-json\/wp\/v2\/categories?post=2500"},{"taxonomy":"post_tag","embeddable":true,"href":"https:\/\/revistahubclub.com.br\/portal\/wp-json\/wp\/v2\/tags?post=2500"}],"curies":[{"name":"wp","href":"https:\/\/api.w.org\/{rel}","templated":true}]}}