{"id":2558,"date":"2023-12-13T19:55:00","date_gmt":"2023-12-13T22:55:00","guid":{"rendered":"https:\/\/revistahubclub.com.br\/portal\/?p=2558"},"modified":"2024-12-15T19:56:29","modified_gmt":"2024-12-15T22:56:29","slug":"curtas-metragens-do-genero-experimental-encerraram-as-exibicoes-do-trakinagem-em-2023","status":"publish","type":"post","link":"https:\/\/revistahubclub.com.br\/portal\/2023\/12\/13\/curtas-metragens-do-genero-experimental-encerraram-as-exibicoes-do-trakinagem-em-2023\/","title":{"rendered":"Curtas-metragens do g\u00eanero Experimental encerraram as exibi\u00e7\u00f5es do Trakinagem em 2023"},"content":{"rendered":"\n<p id=\"viewer-7qv4r\">O Projeto Trakinagem &#8211; Cinema e Educa\u00e7\u00e3o, uma iniciativa que inspira a criatividade e o talento de jovens cineastas, exibiu os curtas-metragens com o g\u00eanero Experimental produzidos por alunos neste \u00faltimo bimestre em uma sess\u00e3o especial de cinema, que reuniu cerca de 580 pessoas, entre comunidade escolar, familiares, amigos e colegas dos homenageados.<\/p>\n\n\n\n<p id=\"viewer-5ni3i\">Os v\u00eddeos produzidos pelas crian\u00e7as e jovens do Lar Esp\u00edrita Maria Lobato de Freitas foram apresentados no dia 11 de dezembro, na Escola Municipal Jacy de Assis. J\u00e1 as exibi\u00e7\u00f5es dos curtas dos atendidos pela Associa\u00e7\u00e3o Desenvolvendo Vida e Miss\u00e3o (ADVEM), ocorreram no dia 12 de dezembro, na pr\u00f3pria Associa\u00e7\u00e3o.<\/p>\n\n\n\n<p id=\"viewer-f7t94\">O instrutor do projeto, Cristiano Barbosa, expressou seu entusiasmo em rela\u00e7\u00e3o ao resultado dos trabalhos. \u201cOs estudantes experimentaram nessas \u00faltimas oficinas, \u00e2ngulos e movimenta\u00e7\u00f5es inusitadas da c\u00e2mera, assim como da dimens\u00e3o sonora, mas estendo os parab\u00e9ns a todos os alunos que participaram desde o in\u00edcio do ano. Estou muito orgulhoso pela criatividade demonstrada nas oficinas. A conclus\u00e3o desse projeto \u00e9 um testemunho do potencial dos jovens talentos em nossa comunidade&#8221;, afirmou o instrutor.<\/p>\n\n\n\n<p id=\"viewer-9nc4k\">O estudante da ADVEM, Victor Melauro contou que foi muito divertido participar das oficinas. \u201cFoi a realiza\u00e7\u00e3o de um sonho porque ser ator n\u00e3o \u00e9 f\u00e1cil. Aprendi a realizar filmes e sobre as diferentes linguagens que existem. Gostei muito de participar\u201d, afirmou.<\/p>\n\n\n\n<p id=\"viewer-66ao6\">Mateus Pereira que tamb\u00e9m \u00e9 da ADVEM disse que aprender a fazer filme \u00e9 muito mais do que imaginava. \u201cD\u00e1 para fazer com a c\u00e2mera profissional, mas com celular e tablet tamb\u00e9m. Foi t\u00e3o emocionante que n\u00e3o tem explica\u00e7\u00e3o\u201d, ressaltou Mateus.<\/p>\n\n\n\n<p id=\"viewer-5kk0j\">A gerente do Instituto Algar, Carolina Toffoli Rodrigues, ressaltou que a parceria com o projeto &#8216;Trakinagem Cinema e Educa\u00e7\u00e3o&#8217; se integrou ao processo educacional de uma maneira \u00edmpar, oportunizando aos alunos aprendizados diferentes, repletos de descobertas. &#8220;Este projeto n\u00e3o apenas aproximou os estudantes do cinema, como expandiu horizontes, fortaleceu la\u00e7os entre a arte, a educa\u00e7\u00e3o e a comunidade. Agradecemos a todos os envolvidos pelo comprometimento e por ajudarem os alunos a reafirmarem para si mesmos o que s\u00e3o capazes de produzir\u201d, disse.<\/p>\n\n\n\n<p id=\"viewer-3pfqa\">Durante 2023, o Trakinagem alcan\u00e7ou 2.628 pessoas, sendo 128 alunos, em oito oficinas, com carga hor\u00e1ria de 24 horas\/aula cada, em sete diferentes institui\u00e7\u00f5es da cidade. Foram produzidos durante as atividades, 27 curtas-metragens de quatro g\u00eaneros cinematogr\u00e1ficos trabalhados (Document\u00e1rio, Anima\u00e7\u00e3o, Fic\u00e7\u00e3o e Experimental), al\u00e9m de 2.500 pessoas presentes nas exibi\u00e7\u00f5es. Agora, ser\u00e1 produzido um webin\u00e1rio com o objetivo de avaliar as aprendizagens ocorridas e as potencialidades de multiplica\u00e7\u00e3o da metodologia do projeto para mais jovens e educadores de Minas Gerais e todo o Brasil.<\/p>\n\n\n\n<p id=\"viewer-49v7g\">O projeto Trakinagem Cinema e Educa\u00e7\u00e3o \u00e9 patrocinado pelo Instituto Algar, por meio da Lei Estadual de Incentivo \u00e0 Cultura de Minas Gerais, realizado pela produtora O Sopro do Tempo e Governo de Minas Gerais. Governo Diferente, Estado Eficiente.<\/p>\n\n\n\n<p id=\"viewer-6ipgu\"><strong>Sobre o Instituto Algar<\/strong><\/p>\n\n\n\n<p id=\"viewer-ajv6l\">H\u00e1 mais de duas d\u00e9cadas, o Instituto Algar se dedica a contribuir com o desenvolvimento de pessoas. De forma colaborativa, unimos esfor\u00e7os e institui\u00e7\u00f5es para desenvolver a comunidade, por meio da educa\u00e7\u00e3o, do esporte, da cultura e do voluntariado. Enxergar o potencial de cada crian\u00e7a, adolescente e jovem dos nossos programas sociais \u00e9 o que nos inspira. Nessa trajet\u00f3ria, mais de meio milh\u00e3o de vidas j\u00e1 foram transformadas. Instituto Algar; conectando pessoas \u00e0s oportunidades.<\/p>\n\n\n\n<p id=\"viewer-72c8n\"><strong>Sobre a produtora O Sopro do Tempo<\/strong><\/p>\n\n\n\n<p id=\"viewer-4rikp\">Produtora de cinema e audiovisual criada em 2009 na cidade de Uberl\u00e2ndia que conta com diversos filmes exibidos e premiados em diversos festivais no Brasil e no exterior. Na sua filmografia consta 16 filmes de curta metragem (13 de fic\u00e7\u00e3o e 3 document\u00e1rios), 06 filmes de longa metragem (1 fic\u00e7\u00e3o e 5 document\u00e1rios) e 1 S\u00e9rie para TV com 10 epis\u00f3dios. \u00c9 tamb\u00e9m realizadora das mostras de cinema Contorno \u2013 Cinema Independente e da Borda, e do Trakinagem Cinema e Educa\u00e7\u00e3o, visando educa\u00e7\u00e3o, forma\u00e7\u00e3o de p\u00fablico e o fomento da cadeia produtiva do cinema. Saiba mais em: <a target=\"_blank\" href=\"http:\/\/www.osoprodotempo.com\/\" rel=\"noreferrer noopener\">www.osoprodotempo.com<\/a>.<\/p>\n","protected":false},"excerpt":{"rendered":"<p>O Projeto Trakinagem &#8211; Cinema e Educa\u00e7\u00e3o, uma iniciativa que inspira a criatividade e o talento de jovens cineastas, exibiu os curtas-metragens com o g\u00eanero Experimental produzidos por alunos neste<\/p>\n","protected":false},"author":1,"featured_media":2559,"comment_status":"open","ping_status":"open","sticky":false,"template":"","format":"standard","meta":{"footnotes":""},"categories":[1],"tags":[],"class_list":["post-2558","post","type-post","status-publish","format-standard","has-post-thumbnail","hentry","category-noticias"],"_links":{"self":[{"href":"https:\/\/revistahubclub.com.br\/portal\/wp-json\/wp\/v2\/posts\/2558","targetHints":{"allow":["GET"]}}],"collection":[{"href":"https:\/\/revistahubclub.com.br\/portal\/wp-json\/wp\/v2\/posts"}],"about":[{"href":"https:\/\/revistahubclub.com.br\/portal\/wp-json\/wp\/v2\/types\/post"}],"author":[{"embeddable":true,"href":"https:\/\/revistahubclub.com.br\/portal\/wp-json\/wp\/v2\/users\/1"}],"replies":[{"embeddable":true,"href":"https:\/\/revistahubclub.com.br\/portal\/wp-json\/wp\/v2\/comments?post=2558"}],"version-history":[{"count":1,"href":"https:\/\/revistahubclub.com.br\/portal\/wp-json\/wp\/v2\/posts\/2558\/revisions"}],"predecessor-version":[{"id":2560,"href":"https:\/\/revistahubclub.com.br\/portal\/wp-json\/wp\/v2\/posts\/2558\/revisions\/2560"}],"wp:featuredmedia":[{"embeddable":true,"href":"https:\/\/revistahubclub.com.br\/portal\/wp-json\/wp\/v2\/media\/2559"}],"wp:attachment":[{"href":"https:\/\/revistahubclub.com.br\/portal\/wp-json\/wp\/v2\/media?parent=2558"}],"wp:term":[{"taxonomy":"category","embeddable":true,"href":"https:\/\/revistahubclub.com.br\/portal\/wp-json\/wp\/v2\/categories?post=2558"},{"taxonomy":"post_tag","embeddable":true,"href":"https:\/\/revistahubclub.com.br\/portal\/wp-json\/wp\/v2\/tags?post=2558"}],"curies":[{"name":"wp","href":"https:\/\/api.w.org\/{rel}","templated":true}]}}